{"id":109915,"date":"2022-08-09T11:43:01","date_gmt":"2022-08-09T14:43:01","guid":{"rendered":"https:\/\/grandepremio.com\/br\/noticias\/nyck-de-vries-lamenta-dificuldade-vaga-f1-2023-fora-controle\/"},"modified":"2022-08-09T14:11:04","modified_gmt":"2022-08-09T17:11:04","slug":"nyck-de-vries-lamenta-dificuldade-vaga-f1-2023-fora-controle","status":"publish","type":"post","link":"https:\/\/grandepremio.com\/br\/f1\/nyck-de-vries-lamenta-dificuldade-vaga-f1-2023-fora-controle\/","title":{"rendered":"De Vries lamenta dificuldade em conseguir vaga na F1 2023: &#8220;Fora do meu controle&#8221;"},"content":{"rendered":"\n<figure class=\"wp-block-embed is-type-video is-provider-youtube wp-block-embed-youtube wp-embed-aspect-16-9 wp-has-aspect-ratio\"><div class=\"wp-block-embed__wrapper\">\n<iframe loading=\"lazy\" title=\"STROLL REALIZOU SONHO E VIVEU F\u00d3RMULA 1. \u00c9 HORA DE SAIR DELA\" width=\"500\" height=\"281\" src=\"https:\/\/www.youtube.com\/embed\/GhLyruq79Hg?feature=oembed\" frameborder=\"0\" allow=\"accelerometer; autoplay; clipboard-write; encrypted-media; gyroscope; picture-in-picture; web-share\" referrerpolicy=\"strict-origin-when-cross-origin\" allowfullscreen><\/iframe>\n<\/div><figcaption>STROLL REALIZOU SONHO E VIVEU F\u00d3RMULA 1. \u00c9 HORA DE SAIR DELA<\/figcaption><\/figure>\n\n\n\n<p class=\"wp-block-paragraph\">No momento em que o imbr\u00f3glio entre Oscar Piastri, McLaren e Alpine ainda movimenta o notici\u00e1rio da F\u00f3rmula 1, enquanto a categoria segue em f\u00e9rias de ver\u00e3o, outros pilotos ainda sonham com uma vaga no grid para o ano que vem. E um deles passou por uma experi\u00eancia parecida \u00e0 do australiano, ao menos no tocante \u00e0 espera por um assento no grid: Nyck de Vries, campe\u00e3o da F2 em 2019 e atual vencedor da F\u00f3rmula E pela Mercedes, mas que ainda n\u00e3o alcan\u00e7ou o objetivo de desbravar a F1.<\/p>\n\n\n\n<p class=\"wp-block-paragraph\">&#8220;Est\u00e1 realmente fora do meu controle&#8221;, admitiu De Vries em entrevista ao jornal brit\u00e2nico Independent. &#8220;E nesse ponto, eu n\u00e3o tenho a possibilidade de influenciar as equipes. A \u00fanica maneira de continuar uma carreira com sucesso \u00e9 performar e entregar [resultados] na pista, e \u00e9 isso que vou tentar fazer no restante da temporada&#8221;, afirmou.<\/p>\n\n\n\n<p class=\"wp-block-paragraph\">De Vries teve a oportunidade de estrear em um final de semana oficial da F\u00f3rmula 1 esse ano, quando assumiu o cockpit da Williams de Alexander Albon durante o primeiro treino livre do GP da Espanha. Constantemente ligado a uma vaga no grid, principalmente na equipe inglesa, o companheiro de Stoffel Vandoorne \u2014 l\u00edder da F\u00f3rmula E \u2014 admitiu que n\u00e3o possui controle sobre o que vai acontecer em 2023 e comentou a necessidade de &#8216;pegar leve&#8217; em sua primeira experi\u00eancia no FW44.<\/p>\n\n\n\n<p class=\"wp-block-paragraph\"><strong>\u25b6\ufe0f&nbsp;<a href=\"https:\/\/www.twitch.tv\/grandepremio\" target=\"_blank\" rel=\"noreferrer noopener\">Conhe\u00e7a o canal do GRANDE PR\u00caMIO na Twitch clicando aqui!<\/a><\/strong><\/p>\n\n\n\n<figure class=\"wp-block-image size-large\"><img decoding=\"async\" src=\"https:\/\/www.grandepremio.com\/br\/wp-content\/uploads\/2022\/05\/8-EPS701_181356BD9I6756-1024x682.jpg\" alt=\"\" class=\"wp-image-572673\"\/><figcaption>De Vries levantou a ta\u00e7a da F\u00f3rmula E no ano passado e quer chance na F1 (Foto: Mercedes)<\/figcaption><\/figure>\n\n\n\n<p class=\"wp-block-paragraph\"><strong>\u25b6\ufe0f&nbsp;Inscreva-se nos dois canais do GRANDE PR\u00caMIO no YouTube:&nbsp;<a href=\"https:\/\/www.youtube.com\/channel\/UC9OlHEgxoaY6QY6nWPoiqQg?sub_confirmation=1\" target=\"_blank\" rel=\"noreferrer noopener\">GP<\/a>&nbsp;|&nbsp;<a href=\"https:\/\/www.youtube.com\/channel\/UC9csiS6q_C3C0FYhyr1rnFA?sub_confirmation=1\" target=\"_blank\" rel=\"noreferrer noopener\">GP2<\/a><\/strong><\/p>\n\n\n\n<p class=\"wp-block-paragraph\">&#8220;Eu me sinto feliz em ver meu nome surgir, mas n\u00e3o \u00e9 algo que eu possa controlar e n\u00e3o \u00e9 uma decis\u00e3o minha&#8221;, pontuou o neerland\u00eas. &#8220;O tempo vai dizer o que meu futuro trar\u00e1. Eu apenas tento viver o momento&#8221;, disse.<\/p>\n\n\n\n<p class=\"wp-block-paragraph\">&#8220;O TL1 envolve um equil\u00edbrio dif\u00edcil, porque era uma oportunidade de mostrar meu valor, mas ao mesmo tempo eu precisava ser sens\u00edvel&#8221;, revelou Nyck. &#8220;Existe uma certa press\u00e3o adicional e todo o tipo de pensamentos passando pela sua cabe\u00e7a, mas tudo que importa \u00e9 voc\u00ea e o carro&#8221;, ressaltou.<\/p>\n\n\n\n<p class=\"wp-block-paragraph\">Por fim, De Vries agradeceu o apoio da Mercedes em sua busca por uma vaga na F1, ainda que a equipe n\u00e3o tenha tido sucesso em arrumar um lugar para o piloto no grid. Nyck foi membro do Programa de Jovens Pilotos da McLaren por nove anos, at\u00e9 2019, ano em que venceu a F\u00f3rmula 2. Campe\u00e3o da F\u00f3rmula E no ano passado, o #17 faz uma temporada t\u00edmida em 2022 e n\u00e3o almeja mais o bicampeonato.<\/p>\n\n\n\n<p class=\"wp-block-paragraph\">&#8220;Assim que voc\u00ea coloca o capacete e sai da garagem, \u00e9 tudo familiar&#8221;, destacou. &#8220;Tive o privil\u00e9gio de fazer isso por alguns anos agora e conhe\u00e7o as pessoas na garagem, ent\u00e3o sinto o apoio, o que certamente \u00e9 o que voc\u00ea precisa nesses momentos&#8221;, finalizou o piloto da Mercedes.<\/p>\n","protected":false},"excerpt":{"rendered":"<p>Campe\u00e3o da F\u00f3rmula 2 em 2019, Nyck de Vries ainda aguarda por uma chance na F\u00f3rmula 1, mas admitiu que falta de influ\u00eancia sobre equipes dificulta controle sobre seu pr\u00f3prio futuro<\/p>\n","protected":false},"author":0,"featured_media":1000572935,"comment_status":"closed","ping_status":"closed","sticky":false,"template":"","format":"standard","meta":{"42wp_featured_image_caption":"","42wp_featured_image_credits":"","42wp_featured_video":"","42wp_featured_image_hidden":false,"42wp_authors_list":[],"footnotes":""},"categories":[2],"tags":[8866,147,1357,24837,1647,24836,28285,4122,82,1556,215],"42wp_author":[47142],"class_list":["post-109915","post","type-post","status-publish","format-standard","has-post-thumbnail","hentry","category-f1","tag-budapeste","tag-f1","tag-f1-2022","tag-formula-1-2","tag-gp-da-hungria","tag-grande-premio-2","tag-grandepremio","tag-hungaroring","tag-mercedes","tag-nyck-de-vries","tag-williams","42wp_author-jp-nascimento"],"_links":{"self":[{"href":"https:\/\/grandepremio.com\/br\/wp-json\/wp\/v2\/posts\/109915","targetHints":{"allow":["GET"]}}],"collection":[{"href":"https:\/\/grandepremio.com\/br\/wp-json\/wp\/v2\/posts"}],"about":[{"href":"https:\/\/grandepremio.com\/br\/wp-json\/wp\/v2\/types\/post"}],"replies":[{"embeddable":true,"href":"https:\/\/grandepremio.com\/br\/wp-json\/wp\/v2\/comments?post=109915"}],"version-history":[{"count":0,"href":"https:\/\/grandepremio.com\/br\/wp-json\/wp\/v2\/posts\/109915\/revisions"}],"wp:featuredmedia":[{"embeddable":true,"href":"https:\/\/grandepremio.com\/br\/wp-json\/wp\/v2\/media\/1000572935"}],"wp:attachment":[{"href":"https:\/\/grandepremio.com\/br\/wp-json\/wp\/v2\/media?parent=109915"}],"wp:term":[{"taxonomy":"category","embeddable":true,"href":"https:\/\/grandepremio.com\/br\/wp-json\/wp\/v2\/categories?post=109915"},{"taxonomy":"post_tag","embeddable":true,"href":"https:\/\/grandepremio.com\/br\/wp-json\/wp\/v2\/tags?post=109915"},{"taxonomy":"42wp_author","embeddable":true,"href":"https:\/\/grandepremio.com\/br\/wp-json\/wp\/v2\/42wp_author?post=109915"}],"curies":[{"name":"wp","href":"https:\/\/api.w.org\/{rel}","templated":true}]}}