{"id":109934,"date":"2022-08-08T11:29:42","date_gmt":"2022-08-08T14:29:42","guid":{"rendered":"https:\/\/grandepremio.com\/br\/noticias\/aleix-espargaro-reavaliado-exames-apontam-fratura-calcanhar-pe-direito\/"},"modified":"2022-08-08T11:30:15","modified_gmt":"2022-08-08T14:30:15","slug":"aleix-espargaro-reavaliado-exames-apontam-fratura-calcanhar-pe-direito","status":"publish","type":"post","link":"https:\/\/grandepremio.com\/br\/motogp\/aleix-espargaro-reavaliado-exames-apontam-fratura-calcanhar-pe-direito\/","title":{"rendered":"Aleix Espargar\u00f3 \u00e9 reavaliado, e exames apontam fratura no calcanhar do p\u00e9 direito"},"content":{"rendered":"\n<figure class=\"wp-block-embed is-type-video is-provider-youtube wp-block-embed-youtube wp-embed-aspect-16-9 wp-has-aspect-ratio\"><div class=\"wp-block-embed__wrapper\">\n<iframe loading=\"lazy\" title=\"MOTOGP VOLTA DAS F\u00c9RIAS COM DISPUTA ABERTA ENTRE QUARTARARO E ALEIX ESPARGAR\u00d3\" width=\"500\" height=\"281\" src=\"https:\/\/www.youtube.com\/embed\/x9XMz2j-Ako?feature=oembed\" frameborder=\"0\" allow=\"accelerometer; autoplay; clipboard-write; encrypted-media; gyroscope; picture-in-picture; web-share\" referrerpolicy=\"strict-origin-when-cross-origin\" allowfullscreen><\/iframe>\n<\/div><figcaption>MOTOGP VOLTA DAS F\u00c9RIAS COM DISPUTA ABERTA ENTRE QUARTARARO E ALEIX ESPARGAR\u00d3<\/figcaption><\/figure>\n\n\n\n<p class=\"wp-block-paragraph\">Ao contr\u00e1rio do que indicaram os primeiros exames, Aleix Espargar\u00f3 n\u00e3o passou ileso do forte acidente que sofreu no treino livre 4 do GP da Gr\u00e3-Bretanha. A Aprilia anunciou nesta segunda-feira (8) que o catal\u00e3o foi diagnosticado com uma fratura no calcanhar do p\u00e9 direito.<\/p>\n\n\n\n<p class=\"wp-block-paragraph\">No treino livre 4, Aleix foi ejetado da RS-GP na mudan\u00e7a de dire\u00e7\u00e3o entre as curvas 12 e 13 e caiu feio no solo. Depois de um resgate atabalhoado, o piloto foi levado ao centro m\u00e9dico, onde exames n\u00e3o constataram fraturas. O pai dos g\u00eameos Max e Mia chegou a colocar em xeque a participa\u00e7\u00e3o na corrida em Silverstone, mas, depois de fechar o warm-up com o sexto tempo, confirmou presen\u00e7a na disputa, que concluiu com a nona coloca\u00e7\u00e3o.<\/p>\n\n\n\n<p class=\"wp-block-paragraph\"><strong>CLASSIFICA\u00c7\u00c3O MOTOGP<\/strong><br><strong>\u25b6\ufe0f<\/strong> <strong><a href=\"https:\/\/www.grandepremio.com\/br\/motogp\/noticias\/francesco-bagnaia-ganha-folego-briga-titulo-motogp-2022-confira-classificacao\/\">Bagnaia ganha f\u00f4lego na briga pelo t\u00edtulo da <\/a><a href=\"https:\/\/grandepremio.com\/motovelocidade\/\" target=\"_blank\" rel=\"noreferrer noopener\"><\/a><a href=\"https:\/\/grandepremio.com\/motovelocidade\/\" target=\"_blank\" rel=\"noreferrer noopener\"><\/a><a href=\"https:\/\/grandepremio.com\/motovelocidade\/\" target=\"_blank\" rel=\"noreferrer noopener\"><\/a><a href=\"https:\/\/grandepremio.com\/motovelocidade\/\" target=\"_blank\" rel=\"noreferrer noopener\">MotoGP<\/a><a href=\"https:\/\/www.grandepremio.com\/br\/motogp\/noticias\/francesco-bagnaia-ganha-folego-briga-titulo-motogp-2022-confira-classificacao\/\"> 2022<\/a><\/strong><\/p>\n\n\n\n<figure class=\"wp-block-image size-large\"><img decoding=\"async\" src=\"https:\/\/www.grandepremio.com\/br\/wp-content\/uploads\/2022\/08\/023-1024x682.jpg\" alt=\"\" class=\"wp-image-602636\"\/><figcaption>Aleix Espargar\u00f3 caiu no s\u00e1bado, mas os exames iniciais n\u00e3o mostraram fratura (Foto: Aprilia)<\/figcaption><\/figure>\n\n\n\n<p class=\"wp-block-paragraph\"><strong>\u25b6\ufe0f\u00a0Inscreva-se nos dois canais do GRANDE PR\u00caMIO no YouTube:\u00a0<a href=\"https:\/\/www.youtube.com\/channel\/UC9OlHEgxoaY6QY6nWPoiqQg?sub_confirmation=1\" target=\"_blank\" rel=\"noreferrer noopener\">GP<\/a>\u00a0|\u00a0<a href=\"https:\/\/www.youtube.com\/channel\/UC9csiS6q_C3C0FYhyr1rnFA?sub_confirmation=1\" target=\"_blank\" rel=\"noreferrer noopener\">GP2<\/a><\/strong><\/p>\n\n\n\n<p class=\"wp-block-paragraph\">Ap\u00f3s a corrida, Aleix confirmou que seria reexaminado em Barcelona e foram estes exames que indicaram a les\u00e3o. Agora, o piloto ter\u00e1 de fazer repouso absoluto por uma semana.<\/p>\n\n\n\n<p class=\"wp-block-paragraph\">\u201cDepois de exames m\u00e9dicos realizados hoje no Hospital Dexeus, em Barcelona, Aleix Espargar\u00f3 foi diagnosticado com uma fratura no calcanhar do p\u00e9 direto\u201d, anunciou a equipe. \u201cO piloto espanhol foi v\u00edtima de um assustador high-sde durante a \u00faltima sess\u00e3o de treinos livres em Silverstone, mas entrou firmemente na pista tanto na classifica\u00e7\u00e3o quanto na corrida de domingo\u201d, seguiu.<\/p>\n\n\n\n<p class=\"wp-block-paragraph\">\u201cA les\u00e3o n\u00e3o exige tratamento cir\u00fargico, e Aleix recebeu a prescri\u00e7\u00e3o de sete dias de repouso absoluto, nos quais ter\u00e1 de usar muletas para n\u00e3o for\u00e7ar o p\u00e9 lesionado\u201d, apontou a Aprilia. \u201cA meta \u00e9 chegar \u00e0 pr\u00f3xima corrida (entre 19 e 21 de agosto, na \u00c1ustria) na melhor condi\u00e7\u00e3o f\u00edsica\u201d, completou.<\/p>\n\n\n\n<p class=\"wp-block-paragraph\">A <a href=\"https:\/\/grandepremio.com\/motovelocidade\/\" target=\"_blank\" rel=\"noreferrer noopener\"><\/a><a href=\"https:\/\/grandepremio.com\/motovelocidade\/\" target=\"_blank\" rel=\"noreferrer noopener\">MotoGP<\/a> volta \u00e0s pistas no dia 21 de agosto, com o <a href=\"https:\/\/www.grandepremio.com\/br\/etapa\/motogp\/gp-austria-motogp-2022\/\" target=\"_blank\" rel=\"noreferrer noopener\">GP da \u00c1ustria<\/a>, no Red Bull Ring. O&nbsp;<strong>GRANDE PR\u00caMIO<\/strong>&nbsp;acompanha todas as atividades&nbsp;do Mundial de&nbsp;<a href=\"https:\/\/www.grandepremio.com\/motovelocidade\/\" target=\"_blank\" rel=\"noreferrer noopener\"><\/a><a href=\"https:\/\/www.grandepremio.com\/motovelocidade\/\" target=\"_blank\" rel=\"noreferrer noopener\"><\/a><a href=\"https:\/\/www.grandepremio.com\/motovelocidade\/\" target=\"_blank\" rel=\"noreferrer noopener\"><\/a><a href=\"https:\/\/www.grandepremio.com\/motovelocidade\/\" target=\"_blank\" rel=\"noreferrer noopener\">Motovelocidade<\/a>&nbsp;2022.<\/p>\n\n\n\n<p class=\"wp-block-paragraph\"><strong>LEIA TAMB\u00c9M<\/strong><br># <strong><a href=\"https:\/\/www.grandepremio.com\/br\/motogp\/noticias\/diogo-moreira-revela-muitas-ofertas-ficar-moto3-2023-tentar-titulo\/\">Moreira revela \u201cmuitas ofertas\u201d, mas fala em ficar na Moto3 em 2023 para tentar t\u00edtulo<\/a><\/strong><br># <strong><a href=\"https:\/\/www.grandepremio.com\/br\/motogp\/noticias\/ducati-inova-barbatanas-moto-enea-bastianini-tl2-silverstone\/\"><\/a><a href=\"https:\/\/www.grandepremio.com\/br\/equipe\/motogp\/2021\/ducati-lenovo-team\/\" target=\"_blank\" rel=\"noreferrer noopener\"><\/a><a href=\"https:\/\/www.grandepremio.com\/br\/equipe\/motogp\/2021\/ducati-lenovo-team\/\" target=\"_blank\" rel=\"noreferrer noopener\"><\/a><a href=\"https:\/\/www.grandepremio.com\/br\/equipe\/motogp\/2021\/ducati-lenovo-team\/\" target=\"_blank\" rel=\"noreferrer noopener\">Ducati<\/a><a href=\"https:\/\/www.grandepremio.com\/br\/motogp\/noticias\/ducati-inova-barbatanas-moto-enea-bastianini-tl2-silverstone\/\"> inova com \u2018aerodin\u00e2mica jur\u00e1ssica\u2019 nas motos de Mart\u00edn e Bastianini em Silverstone<\/a><\/strong><br># <strong><a href=\"https:\/\/www.grandepremio.com\/br\/motogp\/noticias\/fabio-quartararo-revela-conversas-realizar-teste-formula-1-mercedes-adoraria-tentar\/\">Quartararo revela conversas para realizar teste na F1 com Mercedes: \u201cEu adoraria tentar\u201d<\/a><\/strong><br># <strong><a href=\"https:\/\/www.grandepremio.com\/br\/motogp\/noticias\/joan-mir-evita-preocupacao-futuro-motogp-revela-espero-noticias-breve\/\">Mir evita preocupa\u00e7\u00e3o com futuro na <\/a><a href=\"https:\/\/grandepremio.com\/motovelocidade\/\" target=\"_blank\" rel=\"noreferrer noopener\"><\/a><a href=\"https:\/\/grandepremio.com\/motovelocidade\/\" target=\"_blank\" rel=\"noreferrer noopener\"><\/a><a href=\"https:\/\/grandepremio.com\/motovelocidade\/\" target=\"_blank\" rel=\"noreferrer noopener\"><\/a><a href=\"https:\/\/grandepremio.com\/motovelocidade\/\" target=\"_blank\" rel=\"noreferrer noopener\">MotoGP<\/a><a href=\"https:\/\/www.grandepremio.com\/br\/motogp\/noticias\/joan-mir-evita-preocupacao-futuro-motogp-revela-espero-noticias-breve\/\">, mas revela: \u201cEspero dar not\u00edcias em breve\u201d<\/a><\/strong><br># <strong><a href=\"https:\/\/www.grandepremio.com\/br\/motogp\/noticias\/rivais-defendem-fabio-quartararo-falam-punicoes-motogp-dificeis-entender\/\">Rivais defendem Quartararo e falam que puni\u00e7\u00f5es na MotoGP \u201cs\u00e3o dif\u00edceis de entender\u201d<\/a><\/strong><br># <strong><a href=\"https:\/\/www.grandepremio.com\/br\/motogp\/noticias\/diogo-moreira-junta-alex-barros-vira-segundo-piloto-brasil-pole-mundial-motovelocidade\/\">Moreira se junta a Barros e vira 2\u00ba piloto do Brasil a ter pole no Mundial de Motovelocidade<\/a><\/strong><\/p>\n\n\n\n<figure class=\"wp-block-embed is-type-video is-provider-youtube wp-block-embed-youtube wp-embed-aspect-16-9 wp-has-aspect-ratio\"><div class=\"wp-block-embed__wrapper\">\n<iframe loading=\"lazy\" title=\"POR QUE \u00c1LEX RINS FEZ BOA ESCOLHA AO ESCOLHER A LCR HONDA\" width=\"500\" height=\"281\" src=\"https:\/\/www.youtube.com\/embed\/Hy8kg1WLOMU?feature=oembed\" frameborder=\"0\" allow=\"accelerometer; autoplay; clipboard-write; encrypted-media; gyroscope; picture-in-picture; web-share\" referrerpolicy=\"strict-origin-when-cross-origin\" allowfullscreen><\/iframe>\n<\/div><figcaption>HONDA VIVE M\u00c1 FASE NA MOTOGP, MAS RINS FEZ BOA ESCOLHA COM LCR<\/figcaption><\/figure>\n","protected":false},"excerpt":{"rendered":"<p>A Aprilia anunciou na manh\u00e3 desta segunda-feira (8) que o piloto foi submetido a novos exames no Hospital Dexeus, em Barcelona, que mostraram uma fratura no calcanhar direito. Catal\u00e3o vai precisar de sete dias de repouso absoluto<\/p>\n","protected":false},"author":0,"featured_media":1000602637,"comment_status":"closed","ping_status":"closed","sticky":false,"template":"","format":"standard","meta":{"42wp_featured_image_caption":"","42wp_featured_image_credits":"","42wp_featured_video":"","42wp_featured_image_hidden":false,"42wp_authors_list":[],"footnotes":""},"categories":[8],"tags":[25690,79,78,2997,30733,30728,30734,25819,28345,28766,32147,26690,3632],"42wp_author":[47113],"class_list":["post-109934","post","type-post","status-publish","format-standard","has-post-thumbnail","hentry","category-motogp","tag-gra-bretanha","tag-moto-gp","tag-motogp","tag-motogp-2022","tag-motogp-2022-calendario","tag-motogp-calendario-2022","tag-motogp-classificacao-2022","tag-motogp-hoje","tag-motogp-horarios","tag-motogp-standings","tag-onde-assistir-motogp-2022","tag-pilotos-motogp","tag-silverstone","42wp_author-juliana-tesser"],"_links":{"self":[{"href":"https:\/\/grandepremio.com\/br\/wp-json\/wp\/v2\/posts\/109934","targetHints":{"allow":["GET"]}}],"collection":[{"href":"https:\/\/grandepremio.com\/br\/wp-json\/wp\/v2\/posts"}],"about":[{"href":"https:\/\/grandepremio.com\/br\/wp-json\/wp\/v2\/types\/post"}],"replies":[{"embeddable":true,"href":"https:\/\/grandepremio.com\/br\/wp-json\/wp\/v2\/comments?post=109934"}],"version-history":[{"count":0,"href":"https:\/\/grandepremio.com\/br\/wp-json\/wp\/v2\/posts\/109934\/revisions"}],"wp:featuredmedia":[{"embeddable":true,"href":"https:\/\/grandepremio.com\/br\/wp-json\/wp\/v2\/media\/1000602637"}],"wp:attachment":[{"href":"https:\/\/grandepremio.com\/br\/wp-json\/wp\/v2\/media?parent=109934"}],"wp:term":[{"taxonomy":"category","embeddable":true,"href":"https:\/\/grandepremio.com\/br\/wp-json\/wp\/v2\/categories?post=109934"},{"taxonomy":"post_tag","embeddable":true,"href":"https:\/\/grandepremio.com\/br\/wp-json\/wp\/v2\/tags?post=109934"},{"taxonomy":"42wp_author","embeddable":true,"href":"https:\/\/grandepremio.com\/br\/wp-json\/wp\/v2\/42wp_author?post=109934"}],"curies":[{"name":"wp","href":"https:\/\/api.w.org\/{rel}","templated":true}]}}