{"id":109942,"date":"2022-08-08T09:06:04","date_gmt":"2022-08-08T12:06:04","guid":{"rendered":"https:\/\/grandepremio.com\/br\/noticias\/fabio-quartararo-alerta-avanco-francesco-bagnaia-mais-rival-aleix-espargaro\/"},"modified":"2022-08-08T09:07:26","modified_gmt":"2022-08-08T12:07:26","slug":"fabio-quartararo-alerta-avanco-francesco-bagnaia-mais-rival-aleix-espargaro","status":"publish","type":"post","link":"https:\/\/grandepremio.com\/br\/motogp\/fabio-quartararo-alerta-avanco-francesco-bagnaia-mais-rival-aleix-espargaro\/","title":{"rendered":"Quartararo alerta para avan\u00e7o e diz que Bagnaia \u201c\u00e9 mais rival do que Aleix Espargar\u00f3\u201d"},"content":{"rendered":"\n<figure class=\"wp-block-embed is-type-video is-provider-youtube wp-block-embed-youtube wp-embed-aspect-16-9 wp-has-aspect-ratio\"><div class=\"wp-block-embed__wrapper\">\n<iframe loading=\"lazy\" title=\"MOTOGP VOLTA DAS F\u00c9RIAS COM DISPUTA ABERTA ENTRE QUARTARARO E ALEIX ESPARGAR\u00d3\" width=\"500\" height=\"281\" src=\"https:\/\/www.youtube.com\/embed\/x9XMz2j-Ako?feature=oembed\" frameborder=\"0\" allow=\"accelerometer; autoplay; clipboard-write; encrypted-media; gyroscope; picture-in-picture; web-share\" referrerpolicy=\"strict-origin-when-cross-origin\" allowfullscreen><\/iframe>\n<\/div><figcaption>MOTOGP VOLTA DAS F\u00c9RIAS COM DISPUTA ABERTA ENTRE QUARTARARO E ALEIX ESPARGAR\u00d3<\/figcaption><\/figure>\n\n\n\n<p class=\"wp-block-paragraph\">Fabio Quartararo n\u00e3o parece l\u00e1 muito preocupado com Aleix Espargar\u00f3, ainda que o piloto da Aprilia seja o rival mais pr\u00f3ximo na classifica\u00e7\u00e3o da MotoGP 2022. Quem tem deixado o franc\u00eas em alerta \u00e9 Francesco Bagnaia, que venceu a segunda corrida seguida e retomou a terceira coloca\u00e7\u00e3o no Mundial de Pilotos.<\/p>\n\n\n\n<p class=\"wp-block-paragraph\">Nas 12 corridas disputadas at\u00e9 aqui, Pecco foi quem mais venceu, com quatro triunfos. O italiano, por\u00e9m, soma quatro abandonos no ano, o que o deixou com 49 pontos de atraso em rela\u00e7\u00e3o a Fabio. Aleix, por outro lado, tem uma \u00fanica vit\u00f3ria, mas completou todas as corridas \u2014 sempre na zona de pontua\u00e7\u00e3o \u2014 e acumula outros quatro p\u00f3dios no ano.<\/p>\n\n\n\n<p class=\"wp-block-paragraph\"><strong>CLASSIFICA\u00c7\u00c3O MOTOGP<\/strong><br><strong>\u25b6\ufe0f<\/strong> <strong><a href=\"https:\/\/www.grandepremio.com\/br\/motogp\/noticias\/francesco-bagnaia-ganha-folego-briga-titulo-motogp-2022-confira-classificacao\/\">Bagnaia ganha f\u00f4lego na briga pelo t\u00edtulo da <\/a><a href=\"https:\/\/grandepremio.com\/motovelocidade\/\" target=\"_blank\" rel=\"noreferrer noopener\"><\/a><a href=\"https:\/\/grandepremio.com\/motovelocidade\/\" target=\"_blank\" rel=\"noreferrer noopener\">MotoGP<\/a><a href=\"https:\/\/www.grandepremio.com\/br\/motogp\/noticias\/francesco-bagnaia-ganha-folego-briga-titulo-motogp-2022-confira-classificacao\/\"> 2022<\/a><\/strong><\/p>\n\n\n\n<figure class=\"wp-block-image size-large\"><img decoding=\"async\" src=\"https:\/\/www.grandepremio.com\/br\/wp-content\/uploads\/2022\/08\/DS_5682-1024x682.jpg\" alt=\"\" class=\"wp-image-602580\"\/><figcaption>Fabio Quartararo acredita que Bagnaia \u00e9 um rival mais perigoso do que Aleix na luta pelo t\u00edtulo da MotoGP (Foto: Divulga\u00e7\u00e3o\/MotoGP)<\/figcaption><\/figure>\n\n\n\n<p class=\"wp-block-paragraph\"><strong>\u25b6\ufe0f\u00a0Inscreva-se nos dois canais do GRANDE PR\u00caMIO no YouTube:\u00a0<a href=\"https:\/\/www.youtube.com\/channel\/UC9OlHEgxoaY6QY6nWPoiqQg?sub_confirmation=1\" target=\"_blank\" rel=\"noreferrer noopener\">GP<\/a>\u00a0|\u00a0<a href=\"https:\/\/www.youtube.com\/channel\/UC9csiS6q_C3C0FYhyr1rnFA?sub_confirmation=1\" target=\"_blank\" rel=\"noreferrer noopener\">GP2<\/a><\/strong><\/p>\n\n\n\n<p class=\"wp-block-paragraph\">Em Silverstone, o mais velho dos Espargar\u00f3 vinha mostrando velocidade para brigar pela vit\u00f3ria, mas caiu feio no treino livre 4 e acabou machucado, o que condicionou a performance na corrida. O #41 recebeu a bandeirada em nono, logo atr\u00e1s do franc\u00eas de Nice.<\/p>\n\n\n\n<p class=\"wp-block-paragraph\">No GP da Holanda, a etapa anterior, Aleix tamb\u00e9m se mostrou competitivo, mas teve as chances de vit\u00f3ria prejudicadas pelo pr\u00f3prio Quartararo, que o colocou para fora da pista em uma tentativa de ultrapassagem. O catal\u00e3o ainda fez uma prova de recupera\u00e7\u00e3o, mas terminou em quarto.<\/p>\n\n\n\n<p class=\"wp-block-paragraph\">Pecco, por outro lado, viveu um in\u00edcio de ano mais irregular, somando apenas 31 pontos nas primeiras cinco corridas do ano. A primeira vit\u00f3ria aconteceu na Espanha. De l\u00e1 para c\u00e1, o italiano venceu todas as corridas que conseguiu terminar, mas dos tr\u00eas abandonos, s\u00f3 um foi causado por um fator externo: Takaaki Nakagami tirou Bagnaia e \u00c1lex Rins do GP da Catalunha ainda na primeira curva.<\/p>\n\n\n\n<p class=\"wp-block-paragraph\">\u201cAleix n\u00e3o \u00e9 o mais importante. Perdemos mais de 40 pontos em rela\u00e7\u00e3o a Pecco nas \u00faltimas duas corridas, ent\u00e3o temos de acordar\u201d, alertou Quartararo. \u201cNo momento, vejo Pecco como um rival maior pelo campeonato. Ele est\u00e1 em uma fase em que \u00e9 mais dif\u00edcil de parar, ent\u00e3o, claro, o vejo mais rival do que Aleix\u201d, completou.<\/p>\n\n\n\n<p class=\"wp-block-paragraph\">A <a href=\"https:\/\/grandepremio.com\/motovelocidade\/\" target=\"_blank\" rel=\"noreferrer noopener\"><\/a><a href=\"https:\/\/grandepremio.com\/motovelocidade\/\" target=\"_blank\" rel=\"noreferrer noopener\">MotoGP<\/a> volta \u00e0s pistas no dia 21 de agosto, com o <a href=\"https:\/\/www.grandepremio.com\/br\/etapa\/motogp\/gp-austria-motogp-2022\/\" target=\"_blank\" rel=\"noreferrer noopener\">GP da \u00c1ustria<\/a>, no Red Bull Ring. O&nbsp;<strong>GRANDE PR\u00caMIO<\/strong>&nbsp;acompanha todas as atividades&nbsp;do Mundial de&nbsp;<a href=\"https:\/\/www.grandepremio.com\/motovelocidade\/\" target=\"_blank\" rel=\"noreferrer noopener\"><\/a><a href=\"https:\/\/www.grandepremio.com\/motovelocidade\/\" target=\"_blank\" rel=\"noreferrer noopener\">Motovelocidade<\/a>&nbsp;2022.<\/p>\n\n\n\n<p class=\"wp-block-paragraph\"><strong>LEIA TAMB\u00c9M<\/strong><br># <strong><a href=\"https:\/\/www.grandepremio.com\/br\/motogp\/noticias\/diogo-moreira-revela-muitas-ofertas-ficar-moto3-2023-tentar-titulo\/\">Moreira revela \u201cmuitas ofertas\u201d, mas fala em ficar na Moto3 em 2023 para tentar t\u00edtulo<\/a><\/strong><br># <strong><a href=\"https:\/\/www.grandepremio.com\/br\/motogp\/noticias\/ducati-inova-barbatanas-moto-enea-bastianini-tl2-silverstone\/\"><\/a><a href=\"https:\/\/www.grandepremio.com\/br\/equipe\/motogp\/2021\/ducati-lenovo-team\/\" target=\"_blank\" rel=\"noreferrer noopener\"><\/a><a href=\"https:\/\/www.grandepremio.com\/br\/equipe\/motogp\/2021\/ducati-lenovo-team\/\" target=\"_blank\" rel=\"noreferrer noopener\">Ducati<\/a><a href=\"https:\/\/www.grandepremio.com\/br\/motogp\/noticias\/ducati-inova-barbatanas-moto-enea-bastianini-tl2-silverstone\/\"> inova com \u2018aerodin\u00e2mica jur\u00e1ssica\u2019 nas motos de Mart\u00edn e Bastianini em Silverstone<\/a><\/strong><br># <strong><a href=\"https:\/\/www.grandepremio.com\/br\/motogp\/noticias\/fabio-quartararo-revela-conversas-realizar-teste-formula-1-mercedes-adoraria-tentar\/\">Quartararo revela conversas para realizar teste na F1 com Mercedes: \u201cEu adoraria tentar\u201d<\/a><\/strong><br># <strong><a href=\"https:\/\/www.grandepremio.com\/br\/motogp\/noticias\/joan-mir-evita-preocupacao-futuro-motogp-revela-espero-noticias-breve\/\">Mir evita preocupa\u00e7\u00e3o com futuro na <\/a><a href=\"https:\/\/grandepremio.com\/motovelocidade\/\" target=\"_blank\" rel=\"noreferrer noopener\"><\/a><a href=\"https:\/\/grandepremio.com\/motovelocidade\/\" target=\"_blank\" rel=\"noreferrer noopener\">MotoGP<\/a><a href=\"https:\/\/www.grandepremio.com\/br\/motogp\/noticias\/joan-mir-evita-preocupacao-futuro-motogp-revela-espero-noticias-breve\/\">, mas revela: \u201cEspero dar not\u00edcias em breve\u201d<\/a><\/strong><br># <strong><a href=\"https:\/\/www.grandepremio.com\/br\/motogp\/noticias\/rivais-defendem-fabio-quartararo-falam-punicoes-motogp-dificeis-entender\/\">Rivais defendem Quartararo e falam que puni\u00e7\u00f5es na MotoGP \u201cs\u00e3o dif\u00edceis de entender\u201d<\/a><\/strong><br># <strong><a href=\"https:\/\/www.grandepremio.com\/br\/motogp\/noticias\/diogo-moreira-junta-alex-barros-vira-segundo-piloto-brasil-pole-mundial-motovelocidade\/\">Moreira se junta a Barros e vira 2\u00ba piloto do Brasil a ter pole no Mundial de Motovelocidade<\/a><\/strong><\/p>\n\n\n\n<figure class=\"wp-block-embed is-type-video is-provider-youtube wp-block-embed-youtube wp-embed-aspect-16-9 wp-has-aspect-ratio\"><div class=\"wp-block-embed__wrapper\">\n<iframe loading=\"lazy\" title=\"POR QUE \u00c1LEX RINS FEZ BOA ESCOLHA AO ESCOLHER A LCR HONDA\" width=\"500\" height=\"281\" src=\"https:\/\/www.youtube.com\/embed\/Hy8kg1WLOMU?feature=oembed\" frameborder=\"0\" allow=\"accelerometer; autoplay; clipboard-write; encrypted-media; gyroscope; picture-in-picture; web-share\" referrerpolicy=\"strict-origin-when-cross-origin\" allowfullscreen><\/iframe>\n<\/div><figcaption>HONDA VIVE M\u00c1 FASE NA MOTOGP, MAS RINS FEZ BOA ESCOLHA COM LCR<\/figcaption><\/figure>\n","protected":false},"excerpt":{"rendered":"<p>Piloto da Yamaha considerou que perdeu muitos pontos em rela\u00e7\u00e3o ao titular da Ducati nas \u00faltimas duas corridas e frisou que \u00e9 mais dif\u00edcil parar o bom momento de Bagnaia<\/p>\n","protected":false},"author":0,"featured_media":1000602581,"comment_status":"closed","ping_status":"closed","sticky":false,"template":"","format":"standard","meta":{"42wp_featured_image_caption":"","42wp_featured_image_credits":"","42wp_featured_video":"","42wp_featured_image_hidden":false,"42wp_authors_list":[],"footnotes":""},"categories":[8],"tags":[24872,24854,31318,2327,25690,79,78,2997,30733,30728,30734,25819,28345,28766,32147,26690,3632],"42wp_author":[47113],"class_list":["post-109942","post","type-post","status-publish","format-standard","has-post-thumbnail","hentry","category-motogp","tag-aleix-espargaro-2","tag-classificacao-motogp-2","tag-fabio-quartararo-2","tag-francesco-bagnaia","tag-gra-bretanha","tag-moto-gp","tag-motogp","tag-motogp-2022","tag-motogp-2022-calendario","tag-motogp-calendario-2022","tag-motogp-classificacao-2022","tag-motogp-hoje","tag-motogp-horarios","tag-motogp-standings","tag-onde-assistir-motogp-2022","tag-pilotos-motogp","tag-silverstone","42wp_author-juliana-tesser"],"_links":{"self":[{"href":"https:\/\/grandepremio.com\/br\/wp-json\/wp\/v2\/posts\/109942","targetHints":{"allow":["GET"]}}],"collection":[{"href":"https:\/\/grandepremio.com\/br\/wp-json\/wp\/v2\/posts"}],"about":[{"href":"https:\/\/grandepremio.com\/br\/wp-json\/wp\/v2\/types\/post"}],"replies":[{"embeddable":true,"href":"https:\/\/grandepremio.com\/br\/wp-json\/wp\/v2\/comments?post=109942"}],"version-history":[{"count":0,"href":"https:\/\/grandepremio.com\/br\/wp-json\/wp\/v2\/posts\/109942\/revisions"}],"wp:featuredmedia":[{"embeddable":true,"href":"https:\/\/grandepremio.com\/br\/wp-json\/wp\/v2\/media\/1000602581"}],"wp:attachment":[{"href":"https:\/\/grandepremio.com\/br\/wp-json\/wp\/v2\/media?parent=109942"}],"wp:term":[{"taxonomy":"category","embeddable":true,"href":"https:\/\/grandepremio.com\/br\/wp-json\/wp\/v2\/categories?post=109942"},{"taxonomy":"post_tag","embeddable":true,"href":"https:\/\/grandepremio.com\/br\/wp-json\/wp\/v2\/tags?post=109942"},{"taxonomy":"42wp_author","embeddable":true,"href":"https:\/\/grandepremio.com\/br\/wp-json\/wp\/v2\/42wp_author?post=109942"}],"curies":[{"name":"wp","href":"https:\/\/api.w.org\/{rel}","templated":true}]}}