{"id":110003,"date":"2022-08-05T16:06:46","date_gmt":"2022-08-05T19:06:46","guid":{"rendered":"https:\/\/grandepremio.com\/br\/noticias\/fabio-quartararo-ensaia-sancao-lidera-motogp-compacta-mix-fabricas-silverstone\/"},"modified":"2022-08-05T16:07:59","modified_gmt":"2022-08-05T19:07:59","slug":"fabio-quartararo-ensaia-sancao-lidera-motogp-compacta-mix-fabricas-silverstone","status":"publish","type":"post","link":"https:\/\/grandepremio.com\/br\/motogp\/fabio-quartararo-ensaia-sancao-lidera-motogp-compacta-mix-fabricas-silverstone\/","title":{"rendered":"Quartararo ensaia san\u00e7\u00e3o e lidera MotoGP compacta com mix de f\u00e1bricas em Silverstone"},"content":{"rendered":"\n<figure class=\"wp-block-embed is-type-video is-provider-youtube wp-block-embed-youtube wp-embed-aspect-16-9 wp-has-aspect-ratio\"><div class=\"wp-block-embed__wrapper\">\n<iframe loading=\"lazy\" title=\"MOTOGP VOLTA DAS F\u00c9RIAS COM DISPUTA ABERTA ENTRE QUARTARARO E ALEIX ESPARGAR\u00d3\" width=\"500\" height=\"281\" src=\"https:\/\/www.youtube.com\/embed\/x9XMz2j-Ako?feature=oembed\" frameborder=\"0\" allow=\"accelerometer; autoplay; clipboard-write; encrypted-media; gyroscope; picture-in-picture; web-share\" referrerpolicy=\"strict-origin-when-cross-origin\" allowfullscreen><\/iframe>\n<\/div><figcaption>MOTOGP VOLTA DAS F\u00c9RIAS COM DISPUTA ABERTA ENTRE QUARTARARO E ALEIX ESPARGAR\u00d3<\/figcaption><\/figure>\n\n\n\n<p class=\"wp-block-paragraph\">Fabio Quartararo pode n\u00e3o ter engolido a <a href=\"https:\/\/www.grandepremio.com\/br\/motogp\/noticias\/fim-excesso-ambicao-assen-pune-fabio-quartararo-lance-aleix-espargaro\/\" class=\"ek-link\">puni\u00e7\u00e3o que recebeu pelo incidente com Aleix Espargar\u00f3 no GP da Holanda<\/a>, mas nem por isso deixou de ensaiar para a ocasi\u00e3o em Silverstone. O franc\u00eas aproveitou os treinos desta sexta-feira (5) para passar in\u00fameras vezes pelo cantinho do castigo, instalado na \u2018The Loop\u2019, a curva 14, e, de quebra, ainda assegurou o melhor tempo em um dia em que as f\u00e1bricas se misturaram e ficaram juntinhas no topo da folha de tempos.<\/p>\n\n\n\n<p class=\"wp-block-paragraph\">Na sess\u00e3o da tarde, Fabio percorreu os 5.9 km da pista inglesa em 1min58s946 e ficou com o melhor tempo no combinado das duas atividades, 0s154 melhor do que Joan Mir, que colocou a Suzuki na segunda coloca\u00e7\u00e3o. O terceiro posto ficou com Maverick Vi\u00f1ales, que voltou de f\u00e9rias de onde parou e foi competitivo com a RS-GP da Aprilia. Tal qual na classifica\u00e7\u00e3o do Mundial de Pilotos, Johann Zarco foi a melhor Ducati e assegurou o quarto tempo, diante de Aleix Espargar\u00f3. Miguel Oliveira apareceu para fechar o top-6, s\u00f3 0s217 atr\u00e1s do ponteiro.<\/p>\n\n\n\n<p class=\"wp-block-paragraph\"><strong>Conta-giro<\/strong><br><strong>\u25b6\ufe0f <a href=\"https:\/\/www.grandepremio.com\/br\/grandepremium\/conta-giro\/motociclismo\/materias\/impossivel-questao-opiniao\/\">O imposs\u00edvel \u00e9 s\u00f3 quest\u00e3o de opini\u00e3o<\/a><\/strong><a href=\"https:\/\/www.grandepremio.com\/br\/grandepremium\/conta-giro\/motociclismo\/materias\/impossivel-questao-opiniao\/\"><strong>: R3 Cup abre caminho para brasileiros no exterior<\/strong><\/a><\/p>\n\n\n\n<figure class=\"wp-block-image size-large\"><img decoding=\"async\" src=\"https:\/\/www.grandepremio.com\/br\/wp-content\/uploads\/2022\/08\/MotoGP-2022-Gra-Bretanha-Silverstone-Sexta-Yamaha-Fabio-Quartararo-1024x682.jpg\" alt=\"\" class=\"wp-image-601903\"\/><figcaption>Fabio Quartararo foi o mais r\u00e1pido do dia em Silverstone (Foto: Divulga\u00e7\u00e3o\/MotoG)<\/figcaption><\/figure>\n\n\n\n<p class=\"wp-block-paragraph\">\u00danica entre as construtoras fora da lista das seis melhores, a Honda ficou s\u00f3 na 14\u00aa coloca\u00e7\u00e3o, com o tempo de 1min59s789 registrado por \u00c1lex M\u00e1rquez. Stefan Bradl e Pol Espargar\u00f3 aparecem logo em seguida, com Takaaki Nakagami em 18\u00ba.<\/p>\n\n\n\n<p class=\"wp-block-paragraph\">Ap\u00f3s os treinos, Quartararo considerou que o trecho da volta longa n\u00e3o est\u00e1 ruim, embora considere que o retorno \u00e0 pista \u00e9 perigoso, j\u00e1 que os demais n\u00e3o t\u00eam vis\u00e3o. Pelo regulamento, Fabio ter\u00e1 de cumprir a san\u00e7\u00e3o nas tr\u00eas primeiras voltas, quando o pelot\u00e3o ainda estiver bastante agrupado.<\/p>\n\n\n\n<p class=\"wp-block-paragraph\">\u201cA volta longa n\u00e3o est\u00e1 t\u00e3o mal. N\u00e3o acho que fazer a volta antes ou depois mude muito. Ter a chance de provar foi importante\u201d, avaliou Fabio. \u201cO ponto perigoso \u00e9 a maneira como voc\u00ea se reincorpora a pista, porque os tempos, pois quem est\u00e1 vindo n\u00e3o te v\u00ea t\u00e3o bem, mas voc\u00ea sai e fica ali no meio\u201d, ponderou.<\/p>\n\n\n\n<p class=\"wp-block-paragraph\">Quem n\u00e3o gostou muito da volta longa de Silverstone foi Aleix Espargar\u00f3. O catal\u00e3o considerou que n\u00e3o \u00e9 aceit\u00e1vel que um piloto punido perca apenas 0s8 com a puni\u00e7\u00e3o. O titular da Aprilia, que j\u00e1 disse ser contr\u00e1rio \u00e0 san\u00e7\u00e3o a Fabio, avaliou que \u00e9 ainda pior o desequil\u00edbrio entre o tempo perdido de um circuito para outro.<\/p>\n\n\n\n<p class=\"wp-block-paragraph\">\u201c\u00c9 uma piada. N\u00e3o quero reclamar da volta longa, pois parece que estou falando isso, pois \u00e9 o meu rival que tem de cumprir a puni\u00e7\u00e3o da volta longa, mas \u00e9 uma piada. Voc\u00ea perde 0s8. Ele estava testando hoje e estava perdendo s\u00f3 0s8\u201d, apontou. \u201cTemos de ser mais profissionais nisso. A volta longa \u00e9 uma puni\u00e7\u00e3o leve, gosto dessa puni\u00e7\u00e3o. \u00c9 um show, \u00e9 legal. Mas se dizem que \u00e9 3s, tem de ser 3s em todos os lugares. Se em um lugar \u00e9 2s5, \u00e9 ok. Mas 0s8 \u00e9 rid\u00edculo\u201d, disparou.<\/p>\n\n\n\n<p class=\"wp-block-paragraph\"><strong>\u25b6\ufe0f\u00a0Inscreva-se nos dois canais do GRANDE PR\u00caMIO no YouTube:\u00a0<a href=\"https:\/\/www.youtube.com\/channel\/UC9OlHEgxoaY6QY6nWPoiqQg?sub_confirmation=1\" target=\"_blank\" rel=\"noreferrer noopener\">GP<\/a>\u00a0|\u00a0<a href=\"https:\/\/www.youtube.com\/channel\/UC9csiS6q_C3C0FYhyr1rnFA?sub_confirmation=1\" target=\"_blank\" rel=\"noreferrer noopener\">GP2<\/a><\/strong><\/p>\n\n\n\n<figure class=\"wp-block-image size-large\"><img decoding=\"async\" src=\"https:\/\/www.grandepremio.com\/br\/wp-content\/uploads\/2022\/08\/MotoGP-2022-Gra-Bretanha-Silverstone-Sexta-Suzuki-Joan-Mir-1024x682.jpg\" alt=\"\" class=\"wp-image-601902\"\/><figcaption>Joan Mir colocou a Suzuki na segunda coloca\u00e7\u00e3o (Foto: Divulga\u00e7\u00e3o\/MotoG)<\/figcaption><\/figure>\n\n\n\n<p class=\"wp-block-paragraph\">\u201cMas n\u00e3o importa. Mesmo que fosse 2s, Jack [Miller] j\u00e1 provou neste ano [em Assen] que d\u00e1 para fazer uma volta longa e lutar pelo p\u00f3dio, ent\u00e3o imagino que Fabio [possa fazer o mesmo]\u201d, opinou.<\/p>\n\n\n\n<p class=\"wp-block-paragraph\">O irm\u00e3o de Pol, por\u00e9m, refor\u00e7ou que \u00e9 um defensor da volta longa, j\u00e1 que \u00e9 uma puni\u00e7\u00e3o criada para punir infra\u00e7\u00f5es menores, sem causar um impacto severo ao espet\u00e1culo.<\/p>\n\n\n\n<p class=\"wp-block-paragraph\">\u201cPrecisamos nos lembrar que isso \u00e9 um show e \u00e9 bom ter a puni\u00e7\u00e3o da volta longa. Fazemos muito barulho sobre a volta longa. No fim, n\u00e3o \u00e9 nada. Acho que \u00e9 uma boa puni\u00e7\u00e3o\u201d, avaliou. \u201cNo passado, se queimasse a largada, tinha de fazer um ride-through e a corrida era um desastre. Agora, voc\u00ea faz a volta longa, faz um show melhor. \u00c9 bom, acho uma boa inven\u00e7\u00e3o. Mas temos de ser s\u00e9rios com a volta longa. N\u00e3o acho que seja assim t\u00e3o dif\u00edcil. Algu\u00e9m vem com uma Superbike e testa. Se for r\u00e1pido, deixa mais lento. D\u00e1 para ter 0s5 de diferen\u00e7a, mas n\u00e3o 3s2 em Barcelona e 0s8 aqui\u201d, insistiu.<\/p>\n\n\n\n<p class=\"wp-block-paragraph\">O cantinho do castigo, por\u00e9m, n\u00e3o foi o \u00fanico ponto criticado da pista. Jack Miller se queixou da seguran\u00e7a na Stowe, a curva 3, j\u00e1 que considera que o muro est\u00e1 pr\u00f3ximo demais da pista.<\/p>\n\n\n\n<p class=\"wp-block-paragraph\">\u201cEst\u00e1 perto. Eu vou reclamar ou, pelo menos, levar isso para a Comiss\u00e3o de Seguran\u00e7a\u201d, avisou o australiano. \u201cVi isso pessoalmente, pois atravessei a brita de costas, escorregando de costas. Perdi todo o senso de dire\u00e7\u00e3o de onde estava, pois comecei a dar cambalhotas e n\u00e3o tinha refer\u00eancia alguma, ent\u00e3o n\u00e3o podia dizer se estava no ar ou no ch\u00e3o, a\u00ed fui de cabe\u00e7a no ch\u00e3o, dobrei os punhos e, quando virei, bati na parede e quiquei de volta\u201d, detalhou.<\/p>\n\n\n\n<p class=\"wp-block-paragraph\">\u201cEnt\u00e3o cheguei na parede e a moto estava logo atr\u00e1s de mim\u201d, frisou. \u201cEu ca\u00ed cedo na freada, vi, por exemplo, a queda de Binder e ele n\u00e3o chegou ao muro, mas Zarco chegou. Alguns outros caras chegaram. \u00c9 um daqueles lugares e, especialmente, se tem contato ou algo assim, \u00e9 algo que precisa ser olhado para o futuro, pois \u00e9 bem assustador. Tive um momento ali esta manh\u00e3 e mesmo tentando parar a moto indo para a brita, mesmo com a \u00e1rea de escape depois, \u00e9 bem apertado\u201d, sublinhou.<\/p>\n\n\n\n<p class=\"wp-block-paragraph\"><strong>\u25b6\ufe0f<\/strong> <strong><a href=\"https:\/\/www.grandepremio.com\/br\/motogp\/noticias\/onde-assistir-gp-gra-bretanha-motogp\/\" class=\"ek-link\">Onde assistir ao vivo o GP da Gr\u00e3-Bretanha de MotoGP<\/a><\/strong><\/p>\n\n\n\n<figure class=\"wp-block-image size-large\"><img decoding=\"async\" src=\"https:\/\/www.grandepremio.com\/br\/wp-content\/uploads\/2022\/08\/031-1024x682.jpg\" alt=\"\" class=\"wp-image-601907\"\/><figcaption>Aleix Espargar\u00f3 criticou a volta longa em Silverstone (Foto: Aprilia)<\/figcaption><\/figure>\n\n\n\n<p class=\"wp-block-paragraph\">O piloto da Ducati recordou, ainda, uma queda de Jonas Folger na mesma curva em 2017, um incidente que considerou \u201cperto demais\u201d.<\/p>\n\n\n\n<p class=\"wp-block-paragraph\">\u201c\u00c9 s\u00f3 quando voc\u00ea tem um momento ou cai, como eu disse, fiquei sem refer\u00eancia alguma, um minuto eu estava na pista e no outro atingindo o muro. Dei sorte, pois, como falei, a moto estava l\u00e1, eu estava l\u00e1, mas se a moto tivesse me acompanhado, teria sido uma hist\u00f3ria diferente\u201d, comentou. \u201cN\u00e3o tinha airbag onde eu bati, ent\u00e3o se \u00e9 preciso ou n\u00e3o colocar airbag, vamos discutir nessa tarde para tentar encontrar uma solu\u00e7\u00e3o\u201d, garantiu.<\/p>\n\n\n\n<p class=\"wp-block-paragraph\">\u201c\u00c9 uma daquelas coisas, a quest\u00e3o \u00e9 que o esporte est\u00e1 ficando mais e mais r\u00e1pido e n\u00f3s estamos ficando mais e mais r\u00e1pidos e \u00e9 assim que \u00e9\u201d, falou.<\/p>\n\n\n\n<p class=\"wp-block-paragraph\">Depois de cinco semanas de f\u00e9rias, Quartararo assumiu que voltou \u00e0 ativa um pouco enferrujado, mas logo pegou a m\u00e3o e logo voltou a se sentir confort\u00e1vel em cima da YZR-M1.<\/p>\n\n\n\n<p class=\"wp-block-paragraph\">\u201cFoi bom. Esta manh\u00e3, eu estava com muita dificuldade com os freios. N\u00e3o me lembrava de quanto essas motos freiam forte\u201d, contou Fabio. \u201cFoi dif\u00edcil nas primeiras cinco voltas, mas a\u00ed comecei a curtir bastante. Foi \u00f3timo ter essa sensa\u00e7\u00e3o na moto. Me sinto bem nessa pista, ent\u00e3o estou confiante\u201d, seguiu.<\/p>\n\n\n\n<p class=\"wp-block-paragraph\">O campe\u00e3o vigente colocou o top-3 do grid como meta principal e reconheceu que a puni\u00e7\u00e3o vai dificultar a vida em Silverstone, mas garantiu que est\u00e1 na briga pela vit\u00f3ria no GP da Gr\u00e3-Bretanha.<\/p>\n\n\n\n<p class=\"wp-block-paragraph\">\u201cA minha meta \u00e9 estar na primeira fila, mas vimos o qu\u00e3o apertado foi o top-10 hoje. A primeira fila \u00e9 a minha principal meta para hoje, mas, se n\u00e3o for poss\u00edvel, vamos para a segunda\u201d, falou. \u201cVou lutar pela vit\u00f3ria. Olhando para o ritmo, a puni\u00e7\u00e3o da volta longa vai tornar nossa vida um pouco mais dif\u00edcil, mas estou confiante\u201d, comentou.<\/p>\n\n\n\n<p class=\"wp-block-paragraph\">\u201cTemos de lutar por um grande resultado na corrida aqui\u201d, observou.<\/p>\n\n\n\n<p class=\"wp-block-paragraph\">S\u00f3 0s154 mais lento que o l\u00edder, Mir celebrou o bom in\u00edcio de fim de semana da Suzuki, mas ainda quer ver como a GSX-RR se sai em termos de ritmo em Silverstone.<\/p>\n\n\n\n<p class=\"wp-block-paragraph\">\u201cFoi um bom in\u00edcio de fim de semana e eu curti bastante hoje\u201d, comentou Joan. \u201cEstamos trabalhando bem, e embora n\u00e3o estiv\u00e9ssemos nas posi\u00e7\u00f5es que esper\u00e1vamos no in\u00edcio da temporada, continuamos nos esfor\u00e7ando bastante e isso est\u00e1 compensando\u201d, avaliou.<\/p>\n\n\n\n<figure class=\"wp-block-image size-large\"><img decoding=\"async\" src=\"https:\/\/www.grandepremio.com\/br\/wp-content\/uploads\/2022\/08\/MotoGP-2022-Gra-Bretanha-Silverstone-Sexta-Gresini-Enea-Bastianini-1024x682.jpg\" alt=\"\" class=\"wp-image-601899\"\/><figcaption>Enea Bastianini estreou a carenagem jur\u00e1ssica da Ducati (Foto: Divulga\u00e7\u00e3o\/MotoGP)<\/figcaption><\/figure>\n\n\n\n<p class=\"wp-block-paragraph\">\u201cQuero continuar melhorando, e sinto que podemos fazer isso. N\u00e3o estou muito familiarizado com Silverstone, mas \u00e9 uma pista muito fluida, o que realmente se ajusta \u00e0 nossa moto\u201d, considerou. \u201cQuero estar nas posi\u00e7\u00f5es da ponta em todas as sess\u00f5es, mas vamos ver o que acontece quando trabalharmos no ritmo\u201d, completou.<\/p>\n\n\n\n<p class=\"wp-block-paragraph\">Vindo do primeiro p\u00f3dio com a Aprilia na MotoGP, Maverick Vi\u00f1ales manteve a mesma boa forma exibida na Holanda. Animado com o terceiro tempo em territ\u00f3rio brit\u00e2nico, o \u2018Top Gun\u2019 falou em manter a mesma linha de trabalho no restante do fim de semana.<\/p>\n\n\n\n<p class=\"wp-block-paragraph\">\u201cCheguei confiante aqui em Silverstone, uma pista de que sempre gostei e, de fato, o fim de semana come\u00e7ou extremamente bem!\u201d, declarou Maverick. \u201cTrabalhamos duro durante a primeira parte da temporada e estamos colhendo os frutos desse trabalho agora\u201d, considerou.<\/p>\n\n\n\n<p class=\"wp-block-paragraph\">\u201cEstou feliz por ter me sentido confort\u00e1vel na moto logo de cara. Desde as primeiras voltas, as sensa\u00e7\u00f5es foram muito boas e conseguimos fazer um bom trabalho, tanto em termos de ritmo de corrida quanto no tempo de ataque no final do TL2\u201d, apontou. \u201cAgora s\u00f3 precisamos seguir assim. Estamos cientes do qu\u00e3o importante \u00e9 a classifica\u00e7\u00e3o antes da corrida e a meta para amanh\u00e3 \u00e9 conseguir um lugar nas duas primeiras filas\u201d, resumiu.<\/p>\n\n\n\n<p class=\"wp-block-paragraph\">Vice-l\u00edder do Mundial, Aleix Espargar\u00f3 tamb\u00e9m festejou o in\u00edcio com o p\u00e9 direito, inclusive pelo bom trabalho feito em parceria com Vi\u00f1ales. Assim como os colegas, o catal\u00e3o vai para o s\u00e1bado de olho na primeira fila, mas ciente das dificuldades, j\u00e1 que sabe que tem muita gente forte em Silverstone.<\/p>\n\n\n\n<p class=\"wp-block-paragraph\">\u201cCome\u00e7amos com o p\u00e9 direito. Estava me faltando um pouco com o pneu macio, mas se considerarmos os intervalos, estamos falando de mil\u00e9simos de segundo, ent\u00e3o n\u00e3o estou preocupado. A Aprilia est\u00e1 funcionando bem, como esper\u00e1vamos, e, junto com Maverick, fizemos um bom trabalho, o que ajudou a n\u00f3s dois. Tudo que resta agora \u00e9 seguir melhorando nesta dire\u00e7\u00e3o. A meta para a classifica\u00e7\u00e3o \u00e9 a primeira fila, mas n\u00e3o ser\u00e1 f\u00e1cil. T\u00eam muitos pilotos extremamente r\u00e1pidos nesta pista\u201d, encerrou.<\/p>\n\n\n\n<p class=\"wp-block-paragraph\">A\u00a0<a href=\"https:\/\/grandepremio.com\/motovelocidade\/\" target=\"_blank\" rel=\"noreferrer noopener\">MotoGP<\/a>\u00a0define o grid de largada do\u00a0<a href=\"https:\/\/www.grandepremio.com\/br\/etapa\/motogp\/gp-gra-bretanha-motogp-2022\/\" target=\"_blank\" rel=\"noreferrer noopener\">GP da Gr\u00e3-Bretanha<\/a>\u00a0neste s\u00e1bado, \u00e0s 10h10 (de Bras\u00edlia, GMT -3). Antes, o terceiro treino livre acontece \u00e0s 05h55. O\u00a0<strong>GRANDE PR\u00caMIO<\/strong>\u00a0acompanha todas as atividades\u00a0do Mundial de\u00a0<a href=\"https:\/\/www.grandepremio.com\/motovelocidade\/\" target=\"_blank\" rel=\"noreferrer noopener\"><\/a><a href=\"https:\/\/www.grandepremio.com\/motovelocidade\/\" target=\"_blank\" rel=\"noreferrer noopener\"><\/a>Motovelocidade\u00a02022.<\/p>\n\n\n\n<p class=\"wp-block-paragraph\"><strong>LEIA TAMB\u00c9M<\/strong><br>#\u00a0<strong><a href=\"https:\/\/www.grandepremio.com\/br\/motogp\/noticias\/quem-subiu-desceu-surpreendeu-ate-aqui-motogp-2022\/\">Quem subiu, desceu ou surpreendeu at\u00e9 aqui na\u00a0<\/a><a href=\"https:\/\/grandepremio.com\/motovelocidade\/\" target=\"_blank\" rel=\"noreferrer noopener\"><\/a><a href=\"https:\/\/grandepremio.com\/motovelocidade\/\" target=\"_blank\" rel=\"noreferrer noopener\">MotoGP<\/a><a href=\"https:\/\/www.grandepremio.com\/br\/motogp\/noticias\/quem-subiu-desceu-surpreendeu-ate-aqui-motogp-2022\/\">\u00a02022<\/a><\/strong><br>#\u00a0<strong><a href=\"https:\/\/www.grandepremio.com\/br\/motogp\/noticias\/suzuki-inicia-contagem-regressiva-adeus-melancolico-motogp\/\">Suzuki inicia contagem regressiva de adeus melanc\u00f3lico \u00e0 MotoGP em 2022<\/a><\/strong><br>#\u00a0<strong><a href=\"https:\/\/www.grandepremio.com\/br\/motogp\/noticias\/ktm-volta-perder-motogp-precisa-buscar-forcas-reerguer-2022\/\"><\/a><a href=\"https:\/\/www.grandepremio.com\/br\/equipe\/motogp\/2021\/red-bull-ktm-factory-racing\/\" target=\"_blank\" rel=\"noreferrer noopener\"><\/a><a href=\"https:\/\/www.grandepremio.com\/br\/equipe\/motogp\/2021\/red-bull-ktm-factory-racing\/\" target=\"_blank\" rel=\"noreferrer noopener\"><\/a><a href=\"https:\/\/www.grandepremio.com\/br\/equipe\/motogp\/2021\/red-bull-ktm-factory-racing\/\" target=\"_blank\" rel=\"noreferrer noopener\"><\/a><a href=\"https:\/\/www.grandepremio.com\/br\/equipe\/motogp\/2021\/red-bull-ktm-factory-racing\/\" target=\"_blank\" rel=\"noreferrer noopener\">KTM<\/a><a href=\"https:\/\/www.grandepremio.com\/br\/motogp\/noticias\/ktm-volta-perder-motogp-precisa-buscar-forcas-reerguer-2022\/\">\u00a0volta a se perder na MotoGP e precisa buscar for\u00e7as para se reerguer em 2022<\/a><\/strong><br>#\u00a0<strong><a href=\"https:\/\/www.grandepremio.com\/br\/motogp\/noticias\/honda-sofre-cicatrizar-feridas-sem-marc-marquez-ano-fracasso-total\/\"><\/a><a href=\"https:\/\/www.grandepremio.com\/br\/equipe\/motogp\/2021\/repsol-honda-team\/\" target=\"_blank\" rel=\"noreferrer noopener\"><\/a><a href=\"https:\/\/www.grandepremio.com\/br\/equipe\/motogp\/2021\/repsol-honda-team\/\" target=\"_blank\" rel=\"noreferrer noopener\"><\/a><a href=\"https:\/\/www.grandepremio.com\/br\/equipe\/motogp\/2021\/repsol-honda-team\/\" target=\"_blank\" rel=\"noreferrer noopener\"><\/a><a href=\"https:\/\/www.grandepremio.com\/br\/equipe\/motogp\/2021\/repsol-honda-team\/\" target=\"_blank\" rel=\"noreferrer noopener\">Honda<\/a><a href=\"https:\/\/www.grandepremio.com\/br\/motogp\/noticias\/honda-sofre-cicatrizar-feridas-sem-marc-marquez-ano-fracasso-total\/\">\u00a0sofre para cicatrizar feridas sem Marc M\u00e1rquez em ano de fracasso total<\/a><\/strong><br>#\u00a0<strong><a href=\"https:\/\/www.grandepremio.com\/br\/motogp\/noticias\/aprilia-da-salto-performance-vira-estrela-mete-colher-ate-briga-titulo\/\"><\/a><a href=\"https:\/\/www.grandepremio.com\/br\/equipe\/motogp\/2021\/aprilia-racing\/\" target=\"_blank\" rel=\"noreferrer noopener\"><\/a><a href=\"https:\/\/www.grandepremio.com\/br\/equipe\/motogp\/2021\/aprilia-racing\/\" target=\"_blank\" rel=\"noreferrer noopener\"><\/a><a href=\"https:\/\/www.grandepremio.com\/br\/equipe\/motogp\/2021\/aprilia-racing\/\" target=\"_blank\" rel=\"noreferrer noopener\">Aprilia<\/a><a href=\"https:\/\/www.grandepremio.com\/br\/motogp\/noticias\/aprilia-da-salto-performance-vira-estrela-mete-colher-ate-briga-titulo\/\">\u00a0d\u00e1 salto de performance, vira estrela e mete colher at\u00e9 na briga pelo t\u00edtulo<\/a><\/strong><br>#\u00a0<strong><a href=\"https:\/\/www.grandepremio.com\/br\/motogp\/noticias\/carregada-fabio-quartararo-yamaha-solida-defesa-titulo-2022-agridoce-motogp\/\">Carregada por Quartararo,\u00a0<\/a><a href=\"https:\/\/www.grandepremio.com\/br\/equipe\/motogp\/2021\/monster-energy-yamaha-motogp\/\" target=\"_blank\" rel=\"noreferrer noopener\"><\/a><a href=\"https:\/\/www.grandepremio.com\/br\/equipe\/motogp\/2021\/monster-energy-yamaha-motogp\/\" target=\"_blank\" rel=\"noreferrer noopener\"><\/a><a href=\"https:\/\/www.grandepremio.com\/br\/equipe\/motogp\/2021\/monster-energy-yamaha-motogp\/\" target=\"_blank\" rel=\"noreferrer noopener\"><\/a><a href=\"https:\/\/www.grandepremio.com\/br\/equipe\/motogp\/2021\/monster-energy-yamaha-motogp\/\" target=\"_blank\" rel=\"noreferrer noopener\"><\/a><a href=\"https:\/\/www.grandepremio.com\/br\/equipe\/motogp\/2021\/monster-energy-yamaha-motogp\/\" target=\"_blank\" rel=\"noreferrer noopener\"><\/a><a href=\"https:\/\/www.grandepremio.com\/br\/equipe\/motogp\/2021\/monster-energy-yamaha-motogp\/\" target=\"_blank\" rel=\"noreferrer noopener\">Yamaha<\/a><a href=\"https:\/\/www.grandepremio.com\/br\/motogp\/noticias\/carregada-fabio-quartararo-yamaha-solida-defesa-titulo-2022-agridoce-motogp\/\">\u00a0faz s\u00f3lida defesa de t\u00edtulo em 2022 agridoce na MotoGP<\/a><\/strong><br>#\u00a0<strong><a href=\"https:\/\/www.grandepremio.com\/br\/motogp\/noticias\/favoritos-naufragam-disputa-novatos-2022-marco-bezzecchi-nada-bracada\/\">Favoritos naufragam na disputa entre novatos em 2022. Bezzecchi nada de bra\u00e7ada<\/a><\/strong><br># <strong><a href=\"https:\/\/www.grandepremio.com\/br\/motogp\/noticias\/diogo-moreira-veste-moto3-luva-encanta-nao-so-brasileiros\/\">Moreira veste Moto3 como luva e encanta logo de cara. E n\u00e3o s\u00f3 aos brasileiros<\/a><\/strong><br># <strong><a href=\"https:\/\/www.grandepremio.com\/br\/motogp\/noticias\/ranking-gp-notas-pilotos-motogp-primeira-metade-temporada-2022\/\">Ranking GP: As notas dos pilotos da MotoGP na primeira metade da temporada 2022<\/a><\/strong><br># <strong><a href=\"https:\/\/www.grandepremio.com\/br\/motogp\/noticias\/diogo-moreira-revela-muitas-ofertas-ficar-moto3-2023-tentar-titulo\/\" class=\"ek-link\">Moreira revela \u201cmuitas ofertas\u201d, mas fala em ficar na Moto3 em 2023 para tentar t\u00edtulo<\/a><\/strong><br># <strong><a href=\"https:\/\/www.grandepremio.com\/br\/motogp\/noticias\/ducati-inova-barbatanas-moto-enea-bastianini-tl2-silverstone\/\" class=\"ek-link\">Ducati inova com \u2018aerodin\u00e2mica jur\u00e1ssica\u2019 nas motos de Mart\u00edn e Bastianini em Silverstone<\/a><\/strong><br># <strong><a href=\"https:\/\/www.grandepremio.com\/br\/motogp\/noticias\/fabio-quartararo-revela-conversas-realizar-teste-formula-1-mercedes-adoraria-tentar\/\" class=\"ek-link\">Quartararo revela conversas para realizar teste na F1 com Mercedes: \u201cEu adoraria tentar\u201d<\/a><\/strong><br># <strong><a href=\"https:\/\/www.grandepremio.com\/br\/motogp\/noticias\/joan-mir-evita-preocupacao-futuro-motogp-revela-espero-noticias-breve\/\" class=\"ek-link\">Mir evita preocupa\u00e7\u00e3o com futuro na MotoGP, mas revela: \u201cEspero dar not\u00edcias em breve\u201d<\/a><\/strong><br># <strong><a href=\"https:\/\/www.grandepremio.com\/br\/motogp\/noticias\/rivais-defendem-fabio-quartararo-falam-punicoes-motogp-dificeis-entender\/\" class=\"ek-link\">Rivais defendem Quartararo e falam que puni\u00e7\u00f5es na MotoGP \u201cs\u00e3o dif\u00edceis de entender\u201d<\/a><\/strong><\/p>\n\n\n\n<figure class=\"wp-block-embed is-type-video is-provider-youtube wp-block-embed-youtube wp-embed-aspect-16-9 wp-has-aspect-ratio\"><div class=\"wp-block-embed__wrapper\">\n<iframe loading=\"lazy\" title=\"POR QUE \u00c1LEX RINS FEZ BOA ESCOLHA AO ESCOLHER A LCR HONDA\" width=\"500\" height=\"281\" src=\"https:\/\/www.youtube.com\/embed\/Hy8kg1WLOMU?feature=oembed\" frameborder=\"0\" allow=\"accelerometer; autoplay; clipboard-write; encrypted-media; gyroscope; picture-in-picture; web-share\" referrerpolicy=\"strict-origin-when-cross-origin\" allowfullscreen><\/iframe>\n<\/div><figcaption>HONDA VIVE M\u00c1 FASE NA MOTOGP, MAS RINS FEZ BOA ESCOLHA COM LCR<\/figcaption><\/figure>\n","protected":false},"excerpt":{"rendered":"<p>Mordido com a puni\u00e7\u00e3o que recebeu do Painel de Comiss\u00e1rios da FIM (Federa\u00e7\u00e3o Internacional de Motociclismo) pelo incidente com Aleix Espargar\u00f3 na Holanda, o franc\u00eas tratou de fazer o que lhe cabia: treinar para cumprir a pena no menor tempo poss\u00edvel. De quebra, o campe\u00e3o vigente comandou os trabalhos em um dia que a classe rainha viu cinco das seis f\u00e1bricas no top-6 <\/p>\n","protected":false},"author":0,"featured_media":1000601914,"comment_status":"closed","ping_status":"closed","sticky":false,"template":"","format":"standard","meta":{"42wp_featured_image_caption":"","42wp_featured_image_credits":"","42wp_featured_video":"","42wp_featured_image_hidden":false,"42wp_authors_list":[],"footnotes":""},"categories":[8],"tags":[24854,31318,25690,79,78,2997,30733,30728,30734,25819,28345,28766,32147,26690,3632],"42wp_author":[47113],"class_list":["post-110003","post","type-post","status-publish","format-standard","has-post-thumbnail","hentry","category-motogp","tag-classificacao-motogp-2","tag-fabio-quartararo-2","tag-gra-bretanha","tag-moto-gp","tag-motogp","tag-motogp-2022","tag-motogp-2022-calendario","tag-motogp-calendario-2022","tag-motogp-classificacao-2022","tag-motogp-hoje","tag-motogp-horarios","tag-motogp-standings","tag-onde-assistir-motogp-2022","tag-pilotos-motogp","tag-silverstone","42wp_author-juliana-tesser"],"_links":{"self":[{"href":"https:\/\/grandepremio.com\/br\/wp-json\/wp\/v2\/posts\/110003","targetHints":{"allow":["GET"]}}],"collection":[{"href":"https:\/\/grandepremio.com\/br\/wp-json\/wp\/v2\/posts"}],"about":[{"href":"https:\/\/grandepremio.com\/br\/wp-json\/wp\/v2\/types\/post"}],"replies":[{"embeddable":true,"href":"https:\/\/grandepremio.com\/br\/wp-json\/wp\/v2\/comments?post=110003"}],"version-history":[{"count":0,"href":"https:\/\/grandepremio.com\/br\/wp-json\/wp\/v2\/posts\/110003\/revisions"}],"wp:featuredmedia":[{"embeddable":true,"href":"https:\/\/grandepremio.com\/br\/wp-json\/wp\/v2\/media\/1000601914"}],"wp:attachment":[{"href":"https:\/\/grandepremio.com\/br\/wp-json\/wp\/v2\/media?parent=110003"}],"wp:term":[{"taxonomy":"category","embeddable":true,"href":"https:\/\/grandepremio.com\/br\/wp-json\/wp\/v2\/categories?post=110003"},{"taxonomy":"post_tag","embeddable":true,"href":"https:\/\/grandepremio.com\/br\/wp-json\/wp\/v2\/tags?post=110003"},{"taxonomy":"42wp_author","embeddable":true,"href":"https:\/\/grandepremio.com\/br\/wp-json\/wp\/v2\/42wp_author?post=110003"}],"curies":[{"name":"wp","href":"https:\/\/api.w.org\/{rel}","templated":true}]}}