{"id":110026,"date":"2022-08-05T04:15:00","date_gmt":"2022-08-05T07:15:00","guid":{"rendered":"https:\/\/grandepremio.com\/br\/noticias\/formula-1-entra-status-caos-saida-fernando-alonso-alpine-dava-para-prever\/"},"modified":"2022-08-04T12:50:09","modified_gmt":"2022-08-04T15:50:09","slug":"formula-1-entra-status-caos-saida-fernando-alonso-alpine-dava-para-prever","status":"publish","type":"post","link":"https:\/\/grandepremio.com\/br\/f1\/formula-1-entra-status-caos-saida-fernando-alonso-alpine-dava-para-prever\/","title":{"rendered":"F\u00f3rmula 1 entra em status de caos ap\u00f3s sa\u00edda de Alonso da Alpine. Dava para prever?"},"content":{"rendered":"\n<figure class=\"wp-block-embed is-type-video is-provider-youtube wp-block-embed-youtube wp-embed-aspect-16-9 wp-has-aspect-ratio\"><div class=\"wp-block-embed__wrapper\">\n<iframe loading=\"lazy\" title=\"ALONSO TROCA ALPINE POR ASTON MARTIN! ENTENDA MOTIVOS POR TR\u00c1S DA DECIS\u00c3O\" width=\"500\" height=\"281\" src=\"https:\/\/www.youtube.com\/embed\/rf24zD9vC_8?feature=oembed\" frameborder=\"0\" allow=\"accelerometer; autoplay; clipboard-write; encrypted-media; gyroscope; picture-in-picture; web-share\" referrerpolicy=\"strict-origin-when-cross-origin\" allowfullscreen><\/iframe>\n<\/div><figcaption>ALONSO TROCA ALPINE POR ASTON MARTIN! ENTENDA MOTIVOS POR TR\u00c1S DA DECIS\u00c3O<\/figcaption><\/figure>\n\n\n\n<p class=\"wp-block-paragraph\">O dia seguinte ao GP da Hungria de F\u00f3rmula 1, primeiro das f\u00e9rias de meio de ano da categoria, prometia ser tranquilo. S\u00f3 prometia. Logo nas primeiras horas de recesso, a Aston Martin anunciou que a sangria pela aposentadoria de Sebastian Vettel tinha sido rapidamente estancada. De veterano para veterano, campe\u00e3o mundial para campe\u00e3o mundial, a equipe de Silverstone substituiu o alem\u00e3o por ningu\u00e9m mais, ningu\u00e9m menos, do que Fernando Alonso.<\/p>\n\n\n\n<p class=\"wp-block-paragraph\">O choque foi geral. A surpresa pelo <em>timing<\/em>, mais ainda. Alonso foi de &#8216;em negocia\u00e7\u00f5es com a Alpine&#8217; para &#8216;fechado com a Aston Martin&#8217; em um espa\u00e7o de cinco dias. Passado o tempo para digerir a brusca mudan\u00e7a &#8211; e com uma nova pol\u00eamica encaminhada, envolvendo justamente Oscar Piastri, equipe francesa e McLaren -, busquemos entender o que significa a movimenta\u00e7\u00e3o e os indicativos de que isso iria acontecer. A <em>silly season<\/em> vai muito bem, obrigado.<\/p>\n\n\n\n<p class=\"wp-block-paragraph\"><strong>\u25b6\ufe0f&nbsp;Inscreva-se nos dois canais do GRANDE PR\u00caMIO no YouTube:&nbsp;<a href=\"https:\/\/www.youtube.com\/channel\/UC9OlHEgxoaY6QY6nWPoiqQg?sub_confirmation=1\" target=\"_blank\" rel=\"noreferrer noopener\">GP<\/a>&nbsp;|&nbsp;<a href=\"https:\/\/www.youtube.com\/channel\/UC9csiS6q_C3C0FYhyr1rnFA?sub_confirmation=1\" target=\"_blank\" rel=\"noreferrer noopener\">GP2<\/a><\/strong><br><strong>\u25b6\ufe0f&nbsp;<a href=\"https:\/\/www.twitch.tv\/grandepremio\" target=\"_blank\" rel=\"noreferrer noopener\">Conhe\u00e7a o canal do GRANDE PR\u00caMIO na Twitch clicando aqui!<\/a><\/strong><\/p>\n\n\n\n<p class=\"wp-block-paragraph\">Come\u00e7ando pelo come\u00e7o, claro. Para entender o que significa a ida de Alonso para a Aston Martin, precisamos compreender os motivos pelo casamento ter dado certo e fazer sentido para ambas as partes. O bicampe\u00e3o mundial queria a equipe de Silverstone por tr\u00eas fatores centrais: quest\u00e3o financeira, planos a longo prazo na F1 e um sentimento de a equipe francesa o tenha desvalorizado.<\/p>\n\n\n\n<p class=\"wp-block-paragraph\">Para explicar cada um deles melhor: Alonso queria ser recompensado por acreditar no projeto de Alpine e depositar esperan\u00e7a na equipe &#8211; a escolhida para seu retorno \u00e0 F\u00f3rmula 1. A quest\u00e3o salarial era um entrave nas negocia\u00e7\u00f5es &#8211; e se tem um time que pode pagar o espanhol, e pagar bem, este time \u00e9 a Aston Martin, oras.<\/p>\n\n\n\n<figure class=\"wp-block-image size-large\"><img decoding=\"async\" src=\"https:\/\/www.grandepremio.com\/br\/wp-content\/uploads\/2022\/07\/alpine-fernandoalonso-02-7-1024x683.jpg\" alt=\"\" class=\"wp-image-597660\"\/><figcaption>Fernando Alonso: sa\u00edda inesperada e repentina da Alpine (Foto: Alpine)<\/figcaption><\/figure>\n\n\n\n<p class=\"wp-block-paragraph\">Segundamente, o &#8216;Pr\u00edncipe das Ast\u00farias&#8217; n\u00e3o d\u00e1 sinais de que deseja se aposentar da F1 t\u00e3o cedo. Pelo contr\u00e1rio: quer continuar pilotando na principal categoria de automobilismo do mundo por um bom tempo, ainda. A Alpine n\u00e3o tinha a mesma vis\u00e3o; o chefe Otmar Szafnauer confirmou que a idade do espanhol foi um fator para o arrasto das conversas entre as partes. A equipe francesa queria prorrogar o contrato por um ano, com op\u00e7\u00e3o para 2024 &#8211; e uma reavalia\u00e7\u00e3o, temporada a temporada, das condi\u00e7\u00f5es f\u00edsicas e desempenho de Alonso. <\/p>\n\n\n\n<p class=\"wp-block-paragraph\">S\u00f3 que o bicampe\u00e3o mundial, claro, queria maior estabilidade. \u00c9 preciso ter garantia de que a meta pessoal tra\u00e7ada seja cumprida. E adivinha quem, depois da aposentadoria de Vettel, chegou batendo na porta com um contrato &#8220;multianual&#8221;? Pois \u00e9.<\/p>\n\n\n\n<p class=\"wp-block-paragraph\"><strong>LEIA TAMB\u00c9M<br>+ <a href=\"https:\/\/www.grandepremio.com\/br\/programacao-tv\/noticias\/as-corridas-do-fim-de-semana-na-tv-e-no-streaming-4-a-7-de-agosto\/\" class=\"ek-link\">As corridas do fim de semana na TV e no streaming: 4 a 7 de agosto<\/a><\/strong><\/p>\n\n\n\n<p class=\"wp-block-paragraph\">Por fim, o sentimento de desvaloriza\u00e7\u00e3o. Alonso n\u00e3o queria servir somente para esquentar o banco do queridinho Piastri. Antes de todo o &#8216;quiproc\u00f3&#8217; envolvendo Alpine, McLaren e piloto australiano, a equipe francesa queria porque queria achar um lugar para seu prod\u00edgio no grid. Era quest\u00e3o de tempo &#8211; e \u00e9 bizarro falar isso no pret\u00e9rito &#8211; para que Piastri assumisse um lugarzinho no time. E isso ia contra o &#8216;El Plan&#8217; de Alonso, de permanecer o maior tempo poss\u00edvel na F1.<\/p>\n\n\n\n<p class=\"wp-block-paragraph\">E j\u00e1 que falamos em desvaloriza\u00e7\u00e3o&#8230; voc\u00ea, leitora e leitor, imagine a rea\u00e7\u00e3o de Alonso quando Szafnauer <a href=\"https:\/\/www.grandepremio.com\/br\/f1\/noticias\/chefe-alpine-mostra-preferencia-oscar-piastri-nao-estava-quando-contrataram-fernando-alonso\/\" class=\"ek-link\">afirmou, com todas as letras, que &#8220;n\u00e3o estava<\/a> na Alpine quando contrataram&#8221; o bicampe\u00e3o mundial, mostrando clara e evidente prefer\u00eancia a Piastri. Pois \u00e9.<\/p>\n\n\n\n<figure class=\"wp-block-image size-large\"><img decoding=\"async\" src=\"https:\/\/www.grandepremio.com\/br\/wp-content\/uploads\/2021\/11\/jm2118no74-scaled-e1659464085593-1024x698.jpg\" alt=\"OSCAR PIASTRI; ALPINE; F1; F\u00d3RMULA 1; LOSAIL; CATAR;\" class=\"wp-image-526182\"\/><figcaption>Oscar Piastri era o queridinho da Alpine. Era&#8230; (Foto: Alpine)<\/figcaption><\/figure>\n\n\n\n<p class=\"wp-block-paragraph\">Mas dava para prever que Alonso sairia assim t\u00e3o r\u00e1pido da Alpine? Dif\u00edcil responder a essa quest\u00e3o sem levar em considera\u00e7\u00e3o o aux\u00edlio da retrospectiva. E apesar dos sinais confusos &#8211; como quando o bicampe\u00e3o mundial pediu que a equipe francesa <a href=\"https:\/\/www.grandepremio.com\/br\/f1\/noticias\/fernando-alonso-trabalho-longo-prazo-alpine-foque-2023-quanto-antes\/\" class=\"ek-link\">focasse em 2023 &#8220;o mais r\u00e1pido poss\u00edvel&#8221;<\/a>, enquanto a pr\u00f3pria Alpine <a href=\"https:\/\/www.grandepremio.com\/br\/f1\/noticias\/alpine-sinaliza-permanencia-fernando-alonso-cogita-emprestar-oscar-piastri\/\" class=\"ek-link\">sinalizava com a perman\u00eancia do piloto<\/a> -, alguns indicativos de div\u00f3rcio j\u00e1 se mostravam presentes na Hungria. Principalmente por conta do comportamento do espanhol.<\/p>\n\n\n\n<p class=\"wp-block-paragraph\">A come\u00e7ar, na sala de imprensa. Perguntado se a aposentadoria de Vettel dificultava negocia\u00e7\u00f5es, Alonso respondeu, com um sorriso no rosto: &#8220;n\u00e3o para mim&#8221;. Ainda assim, o bicampe\u00e3o mundial batia na tecla de que dava para chegar a um final feliz com a equipe francesa em &#8220;10 minutos&#8221; &#8211; algo replicado pela Alpine.<\/p>\n\n\n\n<figure class=\"wp-block-embed is-type-rich is-provider-spotify wp-block-embed-spotify wp-embed-aspect-21-9 wp-has-aspect-ratio\"><div class=\"wp-block-embed__wrapper\">\n<iframe title=\"Spotify Embed: Paddockast #159: Alonso na Aston Martin: mais um erro de escolha ou agora vai?\" style=\"border-radius: 12px\" width=\"100%\" height=\"152\" frameborder=\"0\" allowfullscreen allow=\"autoplay; clipboard-write; encrypted-media; fullscreen; picture-in-picture\" loading=\"lazy\" src=\"https:\/\/open.spotify.com\/embed\/episode\/5PRFnG2QbmjBcFcbGkw1Lt?utm_source=oembed\"><\/iframe>\n<\/div><\/figure>\n\n\n\n<p class=\"wp-block-paragraph\">O que os dois n\u00e3o sabiam \u00e9 que as resolu\u00e7\u00f5es pensadas estavam em caminhos opostos, com o CEO da Alpine Laurent Rossi pensando que podia for\u00e7ar a m\u00e3o de Alonso na mesa de ofertas, afinal, qualquer coisa, Piastri estava a\u00ed para jogo. Por outro lado, o bicampe\u00e3o mundial j\u00e1 passava a receber a visita de Lawrence Stroll e a Aston Martin em seus aposentos na Hungria.<\/p>\n\n\n\n<p class=\"wp-block-paragraph\">Na pista, tamb\u00e9m, Alonso estava diferente. O clima de paz entre o espanhol e Esteban Ocon na Alpine deu lugar a reclama\u00e7\u00f5es acintosas &#8211; com o bicampe\u00e3o mundial dizendo, ap\u00f3s se sentir bloqueado pelo parceiro de time na largada em Hungaroring, que \u201cnunca na vida vi uma defesa como essa do Esteban&#8221;.<\/p>\n\n\n\n<figure class=\"wp-block-image size-large\"><img decoding=\"async\" src=\"https:\/\/www.grandepremio.com\/br\/wp-content\/uploads\/2022\/05\/alpine-fernandoalonso-02-11-1024x683.jpg\" alt=\"\" class=\"wp-image-577816\"\/><figcaption>Fernando Alonso e Esteban Ocon, aparentemente, seguem bem (Foto: Alpine)<\/figcaption><\/figure>\n\n\n\n<p class=\"wp-block-paragraph\">Se a reclama\u00e7\u00e3o chama aten\u00e7\u00e3o, a atitude de Alonso p\u00f3s-corrida tamb\u00e9m diz muito. Nos tempos \u00e1ureos, dava at\u00e9 para imaginar um princ\u00edpio de treta come\u00e7ando ali. Mas n\u00e3o: o espanhol colocou panos quentes na situa\u00e7\u00e3o e nem se deu ao trabalho de discutir mais.<\/p>\n\n\n\n<p class=\"wp-block-paragraph\">&#8220;N\u00f3s sempre disputamos fortemente nossas posi\u00e7\u00f5es, mas tamb\u00e9m damos aquela margem, 1% que seja, para evitar incidentes. E nunca tivemos incidentes, nunca teremos tamb\u00e9m. Aquilo ali foi algo que eu fa\u00e7o de vez em quando, que ele faz tamb\u00e9m, aquilo acontece&#8221;, pontuou Alonso.<\/p>\n\n\n\n<p class=\"wp-block-paragraph\">Com esse cap\u00edtulo conclu\u00eddo, a busca agora \u00e9 entender os motivos pelos quais a Aston Martin queria Alonso &#8211; mas isso \u00e9 bem mais simples. Lawrence Stroll deseja sempre ter um grande nome ao lado de seu filho, Lance. Marketing \u00e9 importante, afinal &#8211; e tutelagem tamb\u00e9m, ao menos a ideia de uma. E depois da aposentadoria de Vettel, parecia l\u00f3gico e natural virar os olhos a Fernando Alonso. <\/p>\n\n\n\n<figure class=\"wp-block-image size-large\"><img decoding=\"async\" src=\"https:\/\/www.grandepremio.com\/br\/wp-content\/uploads\/2021\/07\/GP2013_095951_J5A9163-1024x683.jpg\" alt=\"\" class=\"wp-image-491468\"\/><figcaption>Lawrence Stroll se mexeu rapidamente e garantiu substituto de Vettel na Aston Martin (Foto: Aston Martin)<\/figcaption><\/figure>\n\n\n\n<p class=\"wp-block-paragraph\">Al\u00e9m disso, o bicampe\u00e3o mundial pode ser important\u00edssimo para o projeto a longo prazo da equipe de Silverstone. N\u00e3o \u00e9 segredo para ningu\u00e9m que a Aston Martin investiu &#8211; e investe &#8211; pesadamente em estrutura e opera\u00e7\u00f5es. Basta olhar para a f\u00e1brica em constru\u00e7\u00e3o e para os nomes que a esquadra atraiu, como Dan Fallows e Martin Whitmarsh. Ter a opini\u00e3o e o feedback de Alonso pode ser, pois, valios\u00edssimo. <\/p>\n\n\n\n<p class=\"wp-block-paragraph\">Entendemos agora o que a movimenta\u00e7\u00e3o significa para Alonso e para a Aston Martin. Mas e o restante da F\u00f3rmula 1? D\u00e1 para pensar em uma palavra: caos. A ida do bicampe\u00e3o mundial ao time de Silverstone causou um furac\u00e3o no grid e mercado de pilotos da principal categoria de automobilismo do mundo.<\/p>\n\n\n\n<p class=\"wp-block-paragraph\">Claro, porque a Alpine se precipitou em anunciar Piastri como substituto do bicampe\u00e3o mundial &#8211; apenas para ser desmentida pelo pr\u00f3prio piloto, horas depois. O namoro do australiano com a McLaren deixa perguntas no ar.<\/p>\n\n\n\n<figure class=\"wp-block-embed is-type-video is-provider-youtube wp-block-embed-youtube wp-embed-aspect-16-9 wp-has-aspect-ratio\"><div class=\"wp-block-embed__wrapper\">\n<iframe loading=\"lazy\" title=\"ALPINE ANUNCIA PIASTRI, QUE NEGA ACORDO: F1 VIVE &amp;apos;CASO PALOU&amp;apos; COM McLAREN | Briefing\" width=\"500\" height=\"281\" src=\"https:\/\/www.youtube.com\/embed\/Wy9u4HzAJ10?feature=oembed\" frameborder=\"0\" allow=\"accelerometer; autoplay; clipboard-write; encrypted-media; gyroscope; picture-in-picture; web-share\" referrerpolicy=\"strict-origin-when-cross-origin\" allowfullscreen><\/iframe>\n<\/div><figcaption>ALPINE ANUNCIA PIASTRI, QUE NEGA ACORDO: F1 VIVE &#8216;CASO PALOU&#8217; COM McLAREN | Briefing<\/figcaption><\/figure>\n\n\n\n<p class=\"wp-block-paragraph\">A primeira: e Daniel Ricciardo? Veja voc\u00ea, por ironia do destino, o piloto de 33 anos pode acabar de volta ao esquadr\u00e3o da Alpine. Mas se Piastri n\u00e3o ser\u00e1 emprestado para a Williams, ent\u00e3o, quem ficar\u00e1 com segunda vaga? Afinal, Alex Albon <a href=\"https:\/\/www.grandepremio.com\/br\/f1\/noticias\/williams-tira-onda-publico-anuncia-renovacao-alexander-albon-formula-1-2023\/\" class=\"ek-link\">renovou com a equipe de Grove<\/a> e Nicholas Latifi dever\u00e1 deixar o time em 2023.<\/p>\n\n\n\n<p class=\"wp-block-paragraph\">Tudo est\u00e1 ligado &#8211; e em uma <em>silly season<\/em> que promete mundos e fundos ap\u00f3s a aposentadoria de Sebastian Vettel, mais ainda. A ida de Alonso a Aston Martin significa muito mais somente do que diz respeito ao piloto e \u00e0 equipe. Tal movimenta\u00e7\u00e3o abriu os port\u00f5es do caos na F\u00f3rmula 1 &#8211; que promete, nessas f\u00e9rias, ser qualquer coisa. Menos tranquila.<\/p>\n\n\n\n<figure class=\"wp-block-embed is-type-video is-provider-youtube wp-block-embed-youtube wp-embed-aspect-16-9 wp-has-aspect-ratio\"><div class=\"wp-block-embed__wrapper\">\n<iframe loading=\"lazy\" title=\"PIASTRI D\u00c1 TOCO &amp;apos;\u00c0 PALOU&amp;apos; NA ALPINE. MCLAREN \u00c9 &amp;apos;FURA-OLHO&amp;apos;? | TT GP #63\" width=\"500\" height=\"281\" src=\"https:\/\/www.youtube.com\/embed\/ZDF8EVCg3u8?feature=oembed\" frameborder=\"0\" allow=\"accelerometer; autoplay; clipboard-write; encrypted-media; gyroscope; picture-in-picture; web-share\" referrerpolicy=\"strict-origin-when-cross-origin\" allowfullscreen><\/iframe>\n<\/div><figcaption>PIASTRI D\u00c1 TOCO &#8216;\u00c0 PALOU&#8217; NA ALPINE. MCLAREN \u00c9 &#8216;FURA-OLHO&#8217;? | TT GP #63<\/figcaption><\/figure>\n","protected":false},"excerpt":{"rendered":"<p>O que significa a ida do bicampe\u00e3o mundial para a Aston Martin? Para piloto e equipe, o casamento faz sentido &#8211; e o espanhol deu pequenas pistas do que viria a acontecer&#8230;<\/p>\n","protected":false},"author":0,"featured_media":1000575554,"comment_status":"closed","ping_status":"closed","sticky":false,"template":"","format":"standard","meta":{"42wp_featured_image_caption":"","42wp_featured_image_credits":"","42wp_featured_video":"","42wp_featured_image_hidden":false,"42wp_authors_list":[],"footnotes":""},"categories":[2],"tags":[388,32124,20491,309,302,147,1357,176,24837,31064,24836,28285,27073,454,30559,12829,2916,477,30336,210,13632,32150,2588],"42wp_author":[47143],"class_list":["post-110026","post","type-post","status-publish","format-standard","has-post-thumbnail","hentry","category-f1","tag-alonso","tag-alonso-na-aston-martin","tag-alpine","tag-aston-martin","tag-esteban-ocon","tag-f1","tag-f1-2022","tag-fernando-alonso","tag-formula-1-2","tag-formula-1-2022-3","tag-grande-premio-2","tag-grandepremio","tag-laurent-rossi","tag-lawrence-stroll","tag-mike-krack","tag-ocon","tag-oscar-piastri","tag-otmar-szafnauer","tag-piastri","tag-sebastian-vettel","tag-stroll","tag-szafnauer","tag-vettel","42wp_author-felipe-leite"],"_links":{"self":[{"href":"https:\/\/grandepremio.com\/br\/wp-json\/wp\/v2\/posts\/110026","targetHints":{"allow":["GET"]}}],"collection":[{"href":"https:\/\/grandepremio.com\/br\/wp-json\/wp\/v2\/posts"}],"about":[{"href":"https:\/\/grandepremio.com\/br\/wp-json\/wp\/v2\/types\/post"}],"replies":[{"embeddable":true,"href":"https:\/\/grandepremio.com\/br\/wp-json\/wp\/v2\/comments?post=110026"}],"version-history":[{"count":0,"href":"https:\/\/grandepremio.com\/br\/wp-json\/wp\/v2\/posts\/110026\/revisions"}],"wp:featuredmedia":[{"embeddable":true,"href":"https:\/\/grandepremio.com\/br\/wp-json\/wp\/v2\/media\/1000575554"}],"wp:attachment":[{"href":"https:\/\/grandepremio.com\/br\/wp-json\/wp\/v2\/media?parent=110026"}],"wp:term":[{"taxonomy":"category","embeddable":true,"href":"https:\/\/grandepremio.com\/br\/wp-json\/wp\/v2\/categories?post=110026"},{"taxonomy":"post_tag","embeddable":true,"href":"https:\/\/grandepremio.com\/br\/wp-json\/wp\/v2\/tags?post=110026"},{"taxonomy":"42wp_author","embeddable":true,"href":"https:\/\/grandepremio.com\/br\/wp-json\/wp\/v2\/42wp_author?post=110026"}],"curies":[{"name":"wp","href":"https:\/\/api.w.org\/{rel}","templated":true}]}}