{"id":110029,"date":"2022-08-04T16:24:45","date_gmt":"2022-08-04T19:24:45","guid":{"rendered":"https:\/\/grandepremio.com\/br\/noticias\/ganassi-aceita-mudanca-e-processo-contra-palou-vai-para-justica-federal-americana\/"},"modified":"2022-08-04T16:26:38","modified_gmt":"2022-08-04T19:26:38","slug":"ganassi-aceita-mudanca-e-processo-contra-palou-vai-para-justica-federal-americana","status":"publish","type":"post","link":"https:\/\/grandepremio.com\/br\/indy\/ganassi-aceita-mudanca-e-processo-contra-palou-vai-para-justica-federal-americana\/","title":{"rendered":"Ganassi aceita mudan\u00e7a e processo contra Palou vai para justi\u00e7a federal americana"},"content":{"rendered":"\n<figure class=\"wp-block-embed is-type-video is-provider-youtube wp-block-embed-youtube wp-embed-aspect-16-9 wp-has-aspect-ratio\"><div class=\"wp-block-embed__wrapper\">\n<iframe loading=\"lazy\" title=\"PALOU SONHA COM F\u00d3RMULA 1, MAS GANASSI N\u00c3O ABRE M\u00c3O\" width=\"500\" height=\"281\" src=\"https:\/\/www.youtube.com\/embed\/FsCGY_UZ574?feature=oembed\" frameborder=\"0\" allow=\"accelerometer; autoplay; clipboard-write; encrypted-media; gyroscope; picture-in-picture; web-share\" referrerpolicy=\"strict-origin-when-cross-origin\" allowfullscreen><\/iframe>\n<\/div><figcaption>PALOU SONHA COM F\u00d3RMULA 1, MAS GANASSI N\u00c3O ABRE M\u00c3O<\/figcaption><\/figure>\n\n\n\n<p class=\"wp-block-paragraph\">Os advogados da Ganassi retiraram a mo\u00e7\u00e3o que pedia a manuten\u00e7\u00e3o <a href=\"https:\/\/www.grandepremio.com\/br\/indy\/noticias\/ganassi-aciona-alex-palou-justica-contrato-inicio-guerra-contra-mclaren\/\" class=\"ek-link\">do processo contra o piloto \u00c1lex Palou<\/a> na C\u00f4rte Superior do Condado de Marion. Na \u00faltima segunda-feira (1), <a href=\"https:\/\/www.grandepremio.com\/br\/indy\/noticias\/advogados-alex-palou-transferencia-caso-ganassi-justica-federal\/\" class=\"ek-link\">os advogados do espanhol pediram a transfer\u00eancia do processo para um tribunal federal<\/a>, j\u00e1 que a a\u00e7\u00e3o envolve partes de nacionalidades diferentes e valores acima do limite de US$ 75 mil (aproximadamente 390 mil reais).<\/p>\n\n\n\n<p class=\"wp-block-paragraph\">&#8220;A Chip Ganassi Racing e LLC, depois de consultar um conselheiro de defesa, respeitavelmente retira sua Mo\u00e7\u00e3o de Perman\u00eancia&#8221;, escreveram os advogados da Ganassi.<\/p>\n\n\n\n<p class=\"wp-block-paragraph\">O caso ser\u00e1 analisado pela C\u00f4rte Distrital dos Estados Unidos do Distrito Sul de Indiana. De acordo com a revista americana <em>Racer,<\/em> o ju\u00edz Richard Young, apontado por Bill Clinton em 1997, vai julgar o caso. A ju\u00edza Debra McVicker Lynch vai lidar com audi\u00eancias preliminares antes que Young se envolva. Uma primeira reuni\u00e3o com o ju\u00edz ser\u00e1 feita por telefone na pr\u00f3xima ter\u00e7a-feira (9) para resolver detalhes preliminares.<\/p>\n\n\n\n<p class=\"wp-block-paragraph\"><strong>\u25b6\ufe0f\u00a0Inscreva-se nos dois canais do GRANDE PR\u00caMIO no YouTube:\u00a0<a href=\"https:\/\/www.youtube.com\/channel\/UC9OlHEgxoaY6QY6nWPoiqQg?sub_confirmation=1\" target=\"_blank\" rel=\"noreferrer noopener\">GP<\/a>\u00a0|\u00a0<a href=\"https:\/\/www.youtube.com\/channel\/UC9csiS6q_C3C0FYhyr1rnFA?sub_confirmation=1\" target=\"_blank\" rel=\"noreferrer noopener\">GP2<\/a><\/strong><br><strong>\u25b6\ufe0f\u00a0<a href=\"https:\/\/www.twitch.tv\/grandepremio\" target=\"_blank\" rel=\"noreferrer noopener\">Conhe\u00e7a o canal do GRANDE PR\u00caMIO na Twitch clicando aqui!<\/a><\/strong><\/p>\n\n\n\n<figure class=\"wp-block-image size-large\"><img decoding=\"async\" src=\"https:\/\/www.grandepremio.com\/br\/wp-content\/uploads\/2022\/07\/Gallagher-Grand-Prix-Friday_-July-29_-2022_Large-Image-Without-Watermark_m65592-1024x683.jpg\" alt=\"\" class=\"wp-image-599980\"\/><figcaption>A disputa entre \u00c1lex Palou e Ganassi vai para justi\u00e7a federal americana (Foto: IndyCar)<\/figcaption><\/figure>\n\n\n\n<p class=\"wp-block-paragraph\">O imbr\u00f3glio p\u00fablico entre Ganassi e Palou ficou claro no \u00faltimo dia 12. A equipe anunciou que tinha exercido a op\u00e7\u00e3o para manter o espanhol atual campe\u00e3o da&nbsp;<a href=\"https:\/\/www.grandepremio.com\/formula-indy\/\" target=\"_blank\" rel=\"noreferrer noopener\"><\/a><a href=\"https:\/\/www.grandepremio.com\/formula-indy\/\" target=\"_blank\" rel=\"noreferrer noopener\">Indy<\/a>&nbsp;na temporada 2023. Horas depois, \u00c1lex desmentiu a informa\u00e7\u00e3o nas redes sociais, acusou o time de ter associado uma fala ao seu nome sem autoriza\u00e7\u00e3o, e posteriormente, a McLaren anunciou a contrata\u00e7\u00e3o do piloto.<\/p>\n\n\n\n<p class=\"wp-block-paragraph\">No comunicado da McLaren, n\u00e3o ficou claro em qual categoria \u00c1lex vai correr em 2023, apenas confirmando que o espanhol far\u00e1 parte do programa de testes de carros anteriores da\u00a0<a href=\"https:\/\/www.grandepremio.com\/formula-1\/\" target=\"_blank\" rel=\"noreferrer noopener\">F\u00f3rmula 1<\/a>, no qual Colton Herta e Pato O\u2019Ward, tamb\u00e9m pilotos da\u00a0<a href=\"https:\/\/www.grandepremio.com\/formula-indy\/\" target=\"_blank\" rel=\"noreferrer noopener\">Indy<\/a>, j\u00e1 participam. Para a pr\u00f3xima temporada, o time tem Lando Norris confirmado na\u00a0<a href=\"https:\/\/www.grandepremio.com\/formula-1\/\" target=\"_blank\" rel=\"noreferrer noopener\">F1\u00a0<\/a>e\u00a0<a href=\"https:\/\/www.grandepremio.com\/br\/piloto\/alexander-rossi\/\" target=\"_blank\" rel=\"noreferrer noopener\">Alexander Rossi<\/a>\u00a0confirmado na Indy.<\/p>\n\n\n\n<p class=\"wp-block-paragraph\">Por enquanto, Palou segue cumprindo suas obriga\u00e7\u00f5es contratuais com a Ganassi. A dupla volta \u00e0s pistas neste domingo (7), para o GP de Nashville, 14\u00aa etapa da temporada de 2022 da Indy, com cobertura completa do <strong>GRANDE PR\u00caMIO<\/strong>.<\/p>\n\n\n\n<figure class=\"wp-block-embed is-type-video is-provider-youtube wp-block-embed-youtube wp-embed-aspect-16-9 wp-has-aspect-ratio\"><div class=\"wp-block-embed__wrapper\">\n<iframe loading=\"lazy\" title=\"ANDRETTI VIRA FERRARI DA INDY: HERTA \u00c9 LECLERC\" width=\"500\" height=\"281\" src=\"https:\/\/www.youtube.com\/embed\/JXnzFLQJRxU?feature=oembed\" frameborder=\"0\" allow=\"accelerometer; autoplay; clipboard-write; encrypted-media; gyroscope; picture-in-picture; web-share\" referrerpolicy=\"strict-origin-when-cross-origin\" allowfullscreen><\/iframe>\n<\/div><figcaption>ANDRETTI VIRA FERRARI DA INDY: HERTA \u00c9 LECLERC<\/figcaption><\/figure>\n","protected":false},"excerpt":{"rendered":"<p>Os advogados da Ganassi retiraram o pedido para manter a a\u00e7\u00e3o contra \u00c1lex Palou na C\u00f4rte Superior do Condado de Marion e o processo ser\u00e1 avaliado agora por um ju\u00edz federal dos Estados Unidos<\/p>\n","protected":false},"author":0,"featured_media":1000580411,"comment_status":"closed","ping_status":"closed","sticky":false,"template":"","format":"standard","meta":{"42wp_featured_image_caption":"","42wp_featured_image_credits":"","42wp_featured_video":"","42wp_featured_image_hidden":false,"42wp_authors_list":[],"footnotes":""},"categories":[3],"tags":[619,29062,1595,93,2209,94,25766,90,4378],"42wp_author":[47144],"class_list":["post-110029","post","type-post","status-publish","format-standard","has-post-thumbnail","hentry","category-indy","tag-formula-indy","tag-formula-indy-2022","tag-ganassi","tag-indy","tag-indy-2022","tag-indycar","tag-justica","tag-mclaren","tag-processo","42wp_author-andre-netto"],"_links":{"self":[{"href":"https:\/\/grandepremio.com\/br\/wp-json\/wp\/v2\/posts\/110029","targetHints":{"allow":["GET"]}}],"collection":[{"href":"https:\/\/grandepremio.com\/br\/wp-json\/wp\/v2\/posts"}],"about":[{"href":"https:\/\/grandepremio.com\/br\/wp-json\/wp\/v2\/types\/post"}],"replies":[{"embeddable":true,"href":"https:\/\/grandepremio.com\/br\/wp-json\/wp\/v2\/comments?post=110029"}],"version-history":[{"count":0,"href":"https:\/\/grandepremio.com\/br\/wp-json\/wp\/v2\/posts\/110029\/revisions"}],"wp:featuredmedia":[{"embeddable":true,"href":"https:\/\/grandepremio.com\/br\/wp-json\/wp\/v2\/media\/1000580411"}],"wp:attachment":[{"href":"https:\/\/grandepremio.com\/br\/wp-json\/wp\/v2\/media?parent=110029"}],"wp:term":[{"taxonomy":"category","embeddable":true,"href":"https:\/\/grandepremio.com\/br\/wp-json\/wp\/v2\/categories?post=110029"},{"taxonomy":"post_tag","embeddable":true,"href":"https:\/\/grandepremio.com\/br\/wp-json\/wp\/v2\/tags?post=110029"},{"taxonomy":"42wp_author","embeddable":true,"href":"https:\/\/grandepremio.com\/br\/wp-json\/wp\/v2\/42wp_author?post=110029"}],"curies":[{"name":"wp","href":"https:\/\/api.w.org\/{rel}","templated":true}]}}