{"id":110036,"date":"2022-08-04T12:41:20","date_gmt":"2022-08-04T15:41:20","guid":{"rendered":"https:\/\/grandepremio.com\/br\/noticias\/disputando-vaga-ducati-jorge-martin-ve-diante-gps-mais-importantes-vida\/"},"modified":"2022-08-04T13:17:47","modified_gmt":"2022-08-04T16:17:47","slug":"disputando-vaga-ducati-jorge-martin-ve-diante-gps-mais-importantes-vida","status":"publish","type":"post","link":"https:\/\/grandepremio.com\/br\/motogp\/disputando-vaga-ducati-jorge-martin-ve-diante-gps-mais-importantes-vida\/","title":{"rendered":"Disputando vaga na Ducati, Mart\u00edn se v\u00ea \u201cdiante dos dois GPs mais importantes da vida\u201d"},"content":{"rendered":"\n<figure class=\"wp-block-embed is-type-video is-provider-youtube wp-block-embed-youtube wp-embed-aspect-16-9 wp-has-aspect-ratio\"><div class=\"wp-block-embed__wrapper\">\n<iframe loading=\"lazy\" title=\"MOTOGP VOLTA DAS F\u00c9RIAS COM DISPUTA ABERTA ENTRE QUARTARARO E ALEIX ESPARGAR\u00d3\" width=\"500\" height=\"281\" src=\"https:\/\/www.youtube.com\/embed\/x9XMz2j-Ako?feature=oembed\" frameborder=\"0\" allow=\"accelerometer; autoplay; clipboard-write; encrypted-media; gyroscope; picture-in-picture; web-share\" referrerpolicy=\"strict-origin-when-cross-origin\" allowfullscreen><\/iframe>\n<\/div><figcaption>MOTOGP VOLTA DAS F\u00c9RIAS COM DISPUTA ABERTA ENTRE QUARTARARO E ALEIX ESPARGAR\u00d3<\/figcaption><\/figure>\n\n\n\n<p class=\"wp-block-paragraph\">Jorge Mart\u00edn afirmou que est\u00e1 \u201cdiante das duas corridas mais importantes\u201d da vida na MotoGP. O espanhol ainda disputa com Enea Bastianini um lugar na equipe de f\u00e1brica da Ducati na temporada 2023 da MotoGP.<\/p>\n\n\n\n<p class=\"wp-block-paragraph\">A casa de Bolonha decidiu dar mais tempo aos dois pilotos j\u00e1 que entende que eles n\u00e3o tiveram as mesmas oportunidades em 2022. Nas primeiras 11 corridas do ano, Bastianini venceu tr\u00eas vezes e hoje ocupa a quinta coloca\u00e7\u00e3o na classifica\u00e7\u00e3o do Mundial de Pilotos. Mart\u00edn, por outro lado, acumulou 70 pontos e \u00e9 11\u00ba na tabela.<\/p>\n\n\n\n<p class=\"wp-block-paragraph\"><strong>Conta-giro<\/strong><br><strong>\u25b6\ufe0f <a href=\"https:\/\/www.grandepremio.com\/br\/grandepremium\/conta-giro\/motociclismo\/materias\/impossivel-questao-opiniao\/\">O imposs\u00edvel \u00e9 s\u00f3 quest\u00e3o de opini\u00e3o<\/a><\/strong><a href=\"https:\/\/www.grandepremio.com\/br\/grandepremium\/conta-giro\/motociclismo\/materias\/impossivel-questao-opiniao\/\"><strong>: R3 Cup abre caminho para brasileiros no exterior<\/strong><\/a><\/p>\n\n\n\n<figure class=\"wp-block-image size-large\"><img decoding=\"async\" src=\"https:\/\/www.grandepremio.com\/br\/wp-content\/uploads\/2022\/06\/DSC00560-1024x683.jpg\" alt=\"\" class=\"wp-image-581140\"\/><figcaption>Jorge Mart\u00edn frisou que \u00e9 merecedor da vaga na Ducati (Foto: Divulga\u00e7\u00e3o\/MotoGP)<\/figcaption><\/figure>\n\n\n\n<p class=\"wp-block-paragraph\"><strong>\u25b6\ufe0f\u00a0Inscreva-se nos dois canais do GRANDE PR\u00caMIO no YouTube:\u00a0<a href=\"https:\/\/www.youtube.com\/channel\/UC9OlHEgxoaY6QY6nWPoiqQg?sub_confirmation=1\" target=\"_blank\" rel=\"noreferrer noopener\">GP<\/a>\u00a0|\u00a0<a href=\"https:\/\/www.youtube.com\/channel\/UC9csiS6q_C3C0FYhyr1rnFA?sub_confirmation=1\" target=\"_blank\" rel=\"noreferrer noopener\">GP2<\/a><\/strong><\/p>\n\n\n\n<p class=\"wp-block-paragraph\">No entanto, Claudio Domenicali, diretor-executivo da marca italiana, considera que o espanhol saiu prejudicado, j\u00e1 que a Ducati levou tempo a entender a GP22, moto desenvolvida para este ano. Al\u00e9m disso, Jorge correu lesionado em parte a temporada e chegou a ser submetido a uma cirurgia para tratar a s\u00edndrome do t\u00fanel do carpo.<\/p>\n\n\n\n<p class=\"wp-block-paragraph\">Por isso, a Ducati decidiu esperar at\u00e9 depois do GP da \u00c1ustria. Assim, a performance em Silverstone e no Red Bull Ring pode ser determinante para definir quem ficar\u00e1 ao lado de Francesco Bagnaia em 2023. Quem for preterido, ter\u00e1 contrato de f\u00e1brica e moto do ano, mas vai defender a sat\u00e9lite Pramac.<\/p>\n\n\n\n<p class=\"wp-block-paragraph\">\u201cEstou diante das duas corridas mais importantes da minha vida\u201d, disse Mart\u00edn. \u201cAssim, vou tentar dar o m\u00e1ximo\u201d, garantiu.<\/p>\n\n\n\n<p class=\"wp-block-paragraph\">Mart\u00edn, no entanto, se mostrou confiante. O espanhol, que hoje corre com a Pramac, lembrou a boa atua\u00e7\u00e3o do ano passado, pelo menos at\u00e9 o momento em que foi derrubado por Marc M\u00e1rquez, ainda na primeira curva em Silverstone.<\/p>\n\n\n\n<p class=\"wp-block-paragraph\">\u201cA Ducati vai decidir neste per\u00edodo de tempo em qual equipe eu vou estar no ano que vem, e acho que esses dois circuitos sempre foram muito bons para mim\u201d, ponderou. \u201cAqui em Silverstone, briguei pela pole-position e pelo p\u00f3dio no ano passado, antes daquele incidente com Marc. A \u00c1ustria tamb\u00e9m \u00e9 um bom tra\u00e7ado para mim, ent\u00e3o espero brigar para vencer os dois GPs\u201d, avisou.<\/p>\n\n\n\n<p class=\"wp-block-paragraph\">Ainda, Mart\u00edn tratou de sinalizar as diferen\u00e7as entre as motos. Mesmo sem entrar em detalhes, o espanhol quis deixar claro que tamb\u00e9m foi bem sucedido com a moto com que Bastianini corre.<\/p>\n\n\n\n<p class=\"wp-block-paragraph\">\u201cN\u00e3o vou entrar em detalhes, porque a moto \u00e9 diferente, assim como o motor e a aerodin\u00e2mica\u201d, apontou. \u201cTodos sabemos o que eu fiz com essa moto no ano passado\u201d, comentou o espanhol, que conseguiu quatro poles, uma vit\u00f3ria e outros tr\u00eas p\u00f3dios no ano passado com a GP21.<\/p>\n\n\n\n<p class=\"wp-block-paragraph\">\u201cAcho que podemos fazer bem as coisas nestas duas corridas e correr o ano que vem onde eu mere\u00e7o\u201d, encerrou.<\/p>\n\n\n\n<p class=\"wp-block-paragraph\">A MotoGP desbarca em Silverstone neste fim de semana para o <a href=\"https:\/\/www.grandepremio.com\/br\/etapa\/motogp\/gp-gra-bretanha-motogp-2022\/\" target=\"_blank\" rel=\"noreferrer noopener\">GP da Gr\u00e3-Bretanha<\/a>, 12\u00aa etapa da temporada. O&nbsp;<strong>GRANDE PR\u00caMIO<\/strong>&nbsp;acompanha todas as atividades&nbsp;do Mundial de&nbsp;<a href=\"https:\/\/www.grandepremio.com\/motovelocidade\/\" target=\"_blank\" rel=\"noreferrer noopener\">Motovelocidade<\/a>&nbsp;2022.<\/p>\n\n\n\n<p class=\"wp-block-paragraph\"><strong>LEIA TAMB\u00c9M<\/strong><br>#\u00a0<strong><a href=\"https:\/\/www.grandepremio.com\/br\/motogp\/noticias\/quem-subiu-desceu-surpreendeu-ate-aqui-motogp-2022\/\">Quem subiu, desceu ou surpreendeu at\u00e9 aqui na\u00a0<\/a><a href=\"https:\/\/grandepremio.com\/motovelocidade\/\" target=\"_blank\" rel=\"noreferrer noopener\"><\/a><a href=\"https:\/\/grandepremio.com\/motovelocidade\/\" target=\"_blank\" rel=\"noreferrer noopener\">MotoGP<\/a><a href=\"https:\/\/www.grandepremio.com\/br\/motogp\/noticias\/quem-subiu-desceu-surpreendeu-ate-aqui-motogp-2022\/\">\u00a02022<\/a><\/strong><br>#\u00a0<strong><a href=\"https:\/\/www.grandepremio.com\/br\/motogp\/noticias\/suzuki-inicia-contagem-regressiva-adeus-melancolico-motogp\/\">Suzuki inicia contagem regressiva de adeus melanc\u00f3lico \u00e0 MotoGP em 2022<\/a><\/strong><br>#\u00a0<strong><a href=\"https:\/\/www.grandepremio.com\/br\/motogp\/noticias\/ktm-volta-perder-motogp-precisa-buscar-forcas-reerguer-2022\/\"><\/a><a href=\"https:\/\/www.grandepremio.com\/br\/equipe\/motogp\/2021\/red-bull-ktm-factory-racing\/\" target=\"_blank\" rel=\"noreferrer noopener\"><\/a><a href=\"https:\/\/www.grandepremio.com\/br\/equipe\/motogp\/2021\/red-bull-ktm-factory-racing\/\" target=\"_blank\" rel=\"noreferrer noopener\"><\/a><a href=\"https:\/\/www.grandepremio.com\/br\/equipe\/motogp\/2021\/red-bull-ktm-factory-racing\/\" target=\"_blank\" rel=\"noreferrer noopener\"><\/a><a href=\"https:\/\/www.grandepremio.com\/br\/equipe\/motogp\/2021\/red-bull-ktm-factory-racing\/\" target=\"_blank\" rel=\"noreferrer noopener\">KTM<\/a><a href=\"https:\/\/www.grandepremio.com\/br\/motogp\/noticias\/ktm-volta-perder-motogp-precisa-buscar-forcas-reerguer-2022\/\">\u00a0volta a se perder na MotoGP e precisa buscar for\u00e7as para se reerguer em 2022<\/a><\/strong><br>#\u00a0<strong><a href=\"https:\/\/www.grandepremio.com\/br\/motogp\/noticias\/honda-sofre-cicatrizar-feridas-sem-marc-marquez-ano-fracasso-total\/\"><\/a><a href=\"https:\/\/www.grandepremio.com\/br\/equipe\/motogp\/2021\/repsol-honda-team\/\" target=\"_blank\" rel=\"noreferrer noopener\"><\/a><a href=\"https:\/\/www.grandepremio.com\/br\/equipe\/motogp\/2021\/repsol-honda-team\/\" target=\"_blank\" rel=\"noreferrer noopener\"><\/a><a href=\"https:\/\/www.grandepremio.com\/br\/equipe\/motogp\/2021\/repsol-honda-team\/\" target=\"_blank\" rel=\"noreferrer noopener\"><\/a><a href=\"https:\/\/www.grandepremio.com\/br\/equipe\/motogp\/2021\/repsol-honda-team\/\" target=\"_blank\" rel=\"noreferrer noopener\">Honda<\/a><a href=\"https:\/\/www.grandepremio.com\/br\/motogp\/noticias\/honda-sofre-cicatrizar-feridas-sem-marc-marquez-ano-fracasso-total\/\">\u00a0sofre para cicatrizar feridas sem Marc M\u00e1rquez em ano de fracasso total<\/a><\/strong><br>#\u00a0<strong><a href=\"https:\/\/www.grandepremio.com\/br\/motogp\/noticias\/aprilia-da-salto-performance-vira-estrela-mete-colher-ate-briga-titulo\/\"><\/a><a href=\"https:\/\/www.grandepremio.com\/br\/equipe\/motogp\/2021\/aprilia-racing\/\" target=\"_blank\" rel=\"noreferrer noopener\"><\/a><a href=\"https:\/\/www.grandepremio.com\/br\/equipe\/motogp\/2021\/aprilia-racing\/\" target=\"_blank\" rel=\"noreferrer noopener\"><\/a><a href=\"https:\/\/www.grandepremio.com\/br\/equipe\/motogp\/2021\/aprilia-racing\/\" target=\"_blank\" rel=\"noreferrer noopener\">Aprilia<\/a><a href=\"https:\/\/www.grandepremio.com\/br\/motogp\/noticias\/aprilia-da-salto-performance-vira-estrela-mete-colher-ate-briga-titulo\/\">\u00a0d\u00e1 salto de performance, vira estrela e mete colher at\u00e9 na briga pelo t\u00edtulo<\/a><\/strong><br>#\u00a0<strong><a href=\"https:\/\/www.grandepremio.com\/br\/motogp\/noticias\/carregada-fabio-quartararo-yamaha-solida-defesa-titulo-2022-agridoce-motogp\/\">Carregada por Quartararo,\u00a0<\/a><a href=\"https:\/\/www.grandepremio.com\/br\/equipe\/motogp\/2021\/monster-energy-yamaha-motogp\/\" target=\"_blank\" rel=\"noreferrer noopener\"><\/a><a href=\"https:\/\/www.grandepremio.com\/br\/equipe\/motogp\/2021\/monster-energy-yamaha-motogp\/\" target=\"_blank\" rel=\"noreferrer noopener\"><\/a><a href=\"https:\/\/www.grandepremio.com\/br\/equipe\/motogp\/2021\/monster-energy-yamaha-motogp\/\" target=\"_blank\" rel=\"noreferrer noopener\"><\/a><a href=\"https:\/\/www.grandepremio.com\/br\/equipe\/motogp\/2021\/monster-energy-yamaha-motogp\/\" target=\"_blank\" rel=\"noreferrer noopener\"><\/a><a href=\"https:\/\/www.grandepremio.com\/br\/equipe\/motogp\/2021\/monster-energy-yamaha-motogp\/\" target=\"_blank\" rel=\"noreferrer noopener\">Yamaha<\/a><a href=\"https:\/\/www.grandepremio.com\/br\/motogp\/noticias\/carregada-fabio-quartararo-yamaha-solida-defesa-titulo-2022-agridoce-motogp\/\">\u00a0faz s\u00f3lida defesa de t\u00edtulo em 2022 agridoce na MotoGP<\/a><\/strong><br>#\u00a0<strong><a href=\"https:\/\/www.grandepremio.com\/br\/motogp\/noticias\/favoritos-naufragam-disputa-novatos-2022-marco-bezzecchi-nada-bracada\/\">Favoritos naufragam na disputa entre novatos em 2022. Bezzecchi nada de bra\u00e7ada<\/a><\/strong><br># <strong><a href=\"https:\/\/www.grandepremio.com\/br\/motogp\/noticias\/diogo-moreira-veste-moto3-luva-encanta-nao-so-brasileiros\/\">Moreira veste Moto3 como luva e encanta logo de cara. E n\u00e3o s\u00f3 aos brasileiros<\/a><\/strong><br># <strong><a href=\"https:\/\/www.grandepremio.com\/br\/motogp\/noticias\/ranking-gp-notas-pilotos-motogp-primeira-metade-temporada-2022\/\">Ranking GP: As notas dos pilotos da MotoGP na primeira metade da temporada 2022<\/a><\/strong><br># <strong><a href=\"https:\/\/www.grandepremio.com\/br\/motogp\/noticias\/andrea-dovizioso-antecipa-aposentadoria-deixa-motogp-apos-gp-san-marino\/\" class=\"ek-link\">Dovizioso antecipa aposentadoria e anuncia que deixa MotoGP ap\u00f3s GP de San Marino<\/a><\/strong><\/p>\n\n\n\n<figure class=\"wp-block-embed is-type-video is-provider-youtube wp-block-embed-youtube wp-embed-aspect-16-9 wp-has-aspect-ratio\"><div class=\"wp-block-embed__wrapper\">\n<iframe loading=\"lazy\" title=\"POR QUE \u00c1LEX RINS FEZ BOA ESCOLHA AO ESCOLHER A LCR HONDA\" width=\"500\" height=\"281\" src=\"https:\/\/www.youtube.com\/embed\/Hy8kg1WLOMU?feature=oembed\" frameborder=\"0\" allow=\"accelerometer; autoplay; clipboard-write; encrypted-media; gyroscope; picture-in-picture; web-share\" referrerpolicy=\"strict-origin-when-cross-origin\" allowfullscreen><\/iframe>\n<\/div><figcaption>HONDA VIVE M\u00c1 FASE NA MOTOGP, MAS RINS FEZ BOA ESCOLHA COM LCR<\/figcaption><\/figure>\n","protected":false},"excerpt":{"rendered":"<p>Espanhol afirmou que se v\u00ea na briga pela vit\u00f3ria nos GPs da Gr\u00e3-Bretanha e da \u00c1ustria e falou em correr onde merece em 2023. O atual piloto da Pramac disputa com Enea Bastianini a indica\u00e7\u00e3o para a vaga na equipe de f\u00e1brica da Ducati<\/p>\n","protected":false},"author":0,"featured_media":1000580019,"comment_status":"closed","ping_status":"closed","sticky":false,"template":"","format":"standard","meta":{"42wp_featured_image_caption":"","42wp_featured_image_credits":"","42wp_featured_video":"","42wp_featured_image_hidden":false,"42wp_authors_list":[],"footnotes":""},"categories":[8],"tags":[24854,131,25896,25552,79,78,2997,30733,30728,30734,25819,28345,28766,32147,26690],"42wp_author":[47113],"class_list":["post-110036","post","type-post","status-publish","format-standard","has-post-thumbnail","hentry","category-motogp","tag-classificacao-motogp-2","tag-ducati","tag-enea-bastianini-2","tag-jorge-martin-2","tag-moto-gp","tag-motogp","tag-motogp-2022","tag-motogp-2022-calendario","tag-motogp-calendario-2022","tag-motogp-classificacao-2022","tag-motogp-hoje","tag-motogp-horarios","tag-motogp-standings","tag-onde-assistir-motogp-2022","tag-pilotos-motogp","42wp_author-juliana-tesser"],"_links":{"self":[{"href":"https:\/\/grandepremio.com\/br\/wp-json\/wp\/v2\/posts\/110036","targetHints":{"allow":["GET"]}}],"collection":[{"href":"https:\/\/grandepremio.com\/br\/wp-json\/wp\/v2\/posts"}],"about":[{"href":"https:\/\/grandepremio.com\/br\/wp-json\/wp\/v2\/types\/post"}],"replies":[{"embeddable":true,"href":"https:\/\/grandepremio.com\/br\/wp-json\/wp\/v2\/comments?post=110036"}],"version-history":[{"count":0,"href":"https:\/\/grandepremio.com\/br\/wp-json\/wp\/v2\/posts\/110036\/revisions"}],"wp:featuredmedia":[{"embeddable":true,"href":"https:\/\/grandepremio.com\/br\/wp-json\/wp\/v2\/media\/1000580019"}],"wp:attachment":[{"href":"https:\/\/grandepremio.com\/br\/wp-json\/wp\/v2\/media?parent=110036"}],"wp:term":[{"taxonomy":"category","embeddable":true,"href":"https:\/\/grandepremio.com\/br\/wp-json\/wp\/v2\/categories?post=110036"},{"taxonomy":"post_tag","embeddable":true,"href":"https:\/\/grandepremio.com\/br\/wp-json\/wp\/v2\/tags?post=110036"},{"taxonomy":"42wp_author","embeddable":true,"href":"https:\/\/grandepremio.com\/br\/wp-json\/wp\/v2\/42wp_author?post=110036"}],"curies":[{"name":"wp","href":"https:\/\/api.w.org\/{rel}","templated":true}]}}