{"id":110050,"date":"2022-08-03T16:12:10","date_gmt":"2022-08-03T19:12:10","guid":{"rendered":"https:\/\/grandepremio.com\/br\/noticias\/camara-positivo-covid-19-perde-etapa-nurburgring-formula-4-alema\/"},"modified":"2022-08-03T16:13:07","modified_gmt":"2022-08-03T19:13:07","slug":"camara-positivo-covid-19-perde-etapa-nurburgring-formula-4-alema","status":"publish","type":"post","link":"https:\/\/grandepremio.com\/br\/automobilismo\/camara-positivo-covid-19-perde-etapa-nurburgring-formula-4-alema\/","title":{"rendered":"C\u00e2mara testa positivo para Covid-19 e perde etapa de N\u00fcrburgring da F4 alem\u00e3"},"content":{"rendered":"\n<figure class=\"wp-block-embed is-type-video is-provider-youtube wp-block-embed-youtube wp-embed-aspect-16-9 wp-has-aspect-ratio\"><div class=\"wp-block-embed__wrapper\">\n<iframe loading=\"lazy\" title=\"PIASTRI D\u00c1 TOCO &amp;apos;\u00c0 PALOU&amp;apos; NA ALPINE. MCLAREN \u00c9 &amp;apos;FURA-OLHO&amp;apos;? | TT GP #63\" width=\"500\" height=\"281\" src=\"https:\/\/www.youtube.com\/embed\/ZDF8EVCg3u8?feature=oembed\" frameborder=\"0\" allow=\"accelerometer; autoplay; clipboard-write; encrypted-media; gyroscope; picture-in-picture; web-share\" referrerpolicy=\"strict-origin-when-cross-origin\" allowfullscreen><\/iframe>\n<\/div><figcaption>PIASTRI D\u00c1 TOCO &#8216;\u00c0 PALOU&#8217; NA ALPINE. MCLAREN \u00c9 &#8216;FURA-OLHO&#8217;? | TT GP #63<\/figcaption><\/figure>\n\n\n\n<p class=\"wp-block-paragraph\">O brasileiro Rafael C\u00e2mara n\u00e3o vai correr na etapa de N\u00fcrburgring da F\u00f3rmula 4 alem\u00e3, a quarta da temporada de 2022, ap\u00f3s testar positivo para a Covid-19. O piloto da Prema ser\u00e1 substitu\u00eddo pelo americano Ugo Ugochukwu, que tem apenas 15 anos e faz parte da academia de pilotos da McLaren.<\/p>\n\n\n\n<p class=\"wp-block-paragraph\">&#8220;Infelizmente n\u00e3o vou correr a etapa deste fim de semana em N\u00fcrburgring por causa de um teste positivo de Covid. Estou bem, sem sintomas, e me recuperando em casa no Brasil. Vou acompanhar \u00e0 dist\u00e2ncia torcendo pela Prema&#8221;, disse C\u00e2mara em um comunicado divulgado em suas redes sociais nesta quarta-feira (3).<\/p>\n\n\n\n<p class=\"wp-block-paragraph\"><strong>\u25b6\ufe0f\u00a0Inscreva-se nos dois canais do GRANDE PR\u00caMIO no YouTube:\u00a0<a href=\"https:\/\/www.youtube.com\/channel\/UC9OlHEgxoaY6QY6nWPoiqQg?sub_confirmation=1\" target=\"_blank\" rel=\"noreferrer noopener\">GP<\/a>\u00a0|\u00a0<a href=\"https:\/\/www.youtube.com\/channel\/UC9csiS6q_C3C0FYhyr1rnFA?sub_confirmation=1\" target=\"_blank\" rel=\"noreferrer noopener\">GP2<\/a><\/strong><br><strong>\u25b6\ufe0f\u00a0<a href=\"https:\/\/www.twitch.tv\/grandepremio\" target=\"_blank\" rel=\"noreferrer noopener\">Conhe\u00e7a o canal do GRANDE PR\u00caMIO na Twitch clicando aqui!<\/a><\/strong><\/p>\n\n\n\n<figure class=\"wp-block-image size-large\"><img decoding=\"async\" src=\"https:\/\/www.grandepremio.com\/br\/wp-content\/uploads\/2022\/05\/22F4AdacHock01974-1-683x1024.jpg\" alt=\"\" class=\"wp-image-579118\"\/><figcaption>\u00c9 somente o primeiro ano de C\u00e2mara do automobilismo dos monopostos (Foto: Prema)<\/figcaption><\/figure>\n\n\n\n<p class=\"wp-block-paragraph\"><strong>LEIA MAIS: <a href=\"https:\/\/www.grandepremio.com\/br\/grandepremium\/conteudo-especial\/outras\/materias\/rafael-camara-quer-muito-mais\/\" class=\"ek-link\">C\u00e2mara quer muito mais<\/a><\/strong><\/p>\n\n\n\n<p class=\"wp-block-paragraph\">Rafael ocupa atualmente a segunda posi\u00e7\u00e3o na classifica\u00e7\u00e3o da F4 Alem\u00e3, 50 pontos atr\u00e1s do italiano Andrea Kimi Antonelli. O brasileiro tamb\u00e9m compete na F\u00f3rmula 4 Italiana, <a href=\"https:\/\/www.grandepremio.com\/br\/outras\/noticias\/andrea-kimi-antonelli-varre-rodada-tripla-f4-italiana-vallelunga-rafael-camara-soma-dois-podios\/\" class=\"ek-link\">competi\u00e7\u00e3o na qual tamb\u00e9m ocupa a segunda coloca\u00e7\u00e3o<\/a> atr\u00e1s de Antonelli, 36 pontos atr\u00e1s do companheiro de Prema.<\/p>\n\n\n\n<p class=\"wp-block-paragraph\">A F\u00f3rmula 4 Alem\u00e3 ter\u00e1 quatro provas entre os dias 5 e 7 de agosto no lend\u00e1rio circuito de N\u00fcrburgring. A categoria completa o calend\u00e1rio com uma etapa no circuito de Lausitzring em agosto e mais um fim de semana em N\u00fcrburgring em outubro.<\/p>\n","protected":false},"excerpt":{"rendered":"<p>O brasileiro Rafael C\u00e2mara n\u00e3o vai competir na quarta etapa da temporada de 2022 da F\u00f3rmula 4 Alem\u00e3 ap\u00f3s testar positivo para Covid-19<\/p>\n","protected":false},"author":0,"featured_media":1000579117,"comment_status":"closed","ping_status":"closed","sticky":false,"template":"","format":"standard","meta":{"42wp_featured_image_caption":"","42wp_featured_image_credits":"","42wp_featured_video":"","42wp_featured_image_hidden":false,"42wp_authors_list":[],"footnotes":""},"categories":[22],"tags":[348,702,349,27860],"42wp_author":[47144],"class_list":["post-110050","post","type-post","status-publish","format-standard","has-post-thumbnail","hentry","category-automobilismo","tag-f4","tag-f4-italiana","tag-prema","tag-rafael-camara","42wp_author-andre-netto"],"_links":{"self":[{"href":"https:\/\/grandepremio.com\/br\/wp-json\/wp\/v2\/posts\/110050","targetHints":{"allow":["GET"]}}],"collection":[{"href":"https:\/\/grandepremio.com\/br\/wp-json\/wp\/v2\/posts"}],"about":[{"href":"https:\/\/grandepremio.com\/br\/wp-json\/wp\/v2\/types\/post"}],"replies":[{"embeddable":true,"href":"https:\/\/grandepremio.com\/br\/wp-json\/wp\/v2\/comments?post=110050"}],"version-history":[{"count":0,"href":"https:\/\/grandepremio.com\/br\/wp-json\/wp\/v2\/posts\/110050\/revisions"}],"wp:featuredmedia":[{"embeddable":true,"href":"https:\/\/grandepremio.com\/br\/wp-json\/wp\/v2\/media\/1000579117"}],"wp:attachment":[{"href":"https:\/\/grandepremio.com\/br\/wp-json\/wp\/v2\/media?parent=110050"}],"wp:term":[{"taxonomy":"category","embeddable":true,"href":"https:\/\/grandepremio.com\/br\/wp-json\/wp\/v2\/categories?post=110050"},{"taxonomy":"post_tag","embeddable":true,"href":"https:\/\/grandepremio.com\/br\/wp-json\/wp\/v2\/tags?post=110050"},{"taxonomy":"42wp_author","embeddable":true,"href":"https:\/\/grandepremio.com\/br\/wp-json\/wp\/v2\/42wp_author?post=110050"}],"curies":[{"name":"wp","href":"https:\/\/api.w.org\/{rel}","templated":true}]}}