{"id":110051,"date":"2022-08-03T14:30:00","date_gmt":"2022-08-03T17:30:00","guid":{"rendered":"https:\/\/grandepremio.com\/br\/noticias\/tt-gp-63-oscar-piastri-toco-alpine-causado-mclaren-fura-olho\/"},"modified":"2022-08-03T12:18:00","modified_gmt":"2022-08-03T15:18:00","slug":"tt-gp-63-oscar-piastri-toco-alpine-causado-mclaren-fura-olho","status":"publish","type":"post","link":"https:\/\/grandepremio.com\/br\/f1\/tt-gp-63-oscar-piastri-toco-alpine-causado-mclaren-fura-olho\/","title":{"rendered":"TT GP #63 | Piastri d\u00e1 toco &#8216;\u00e0 Palou&#8217; na Alpine causado por &#8216;fura-olho&#8217; McLaren"},"content":{"rendered":"\n<figure class=\"wp-block-embed is-type-video is-provider-youtube wp-block-embed-youtube wp-embed-aspect-16-9 wp-has-aspect-ratio\"><div class=\"wp-block-embed__wrapper\">\n<iframe loading=\"lazy\" title=\"PIASTRI D\u00c1 TOCO &amp;apos;\u00c0 PALOU&amp;apos; NA ALPINE. MCLAREN \u00c9 &amp;apos;FURA-OLHO&amp;apos;? | TT GP #63\" width=\"500\" height=\"281\" src=\"https:\/\/www.youtube.com\/embed\/ZDF8EVCg3u8?feature=oembed\" frameborder=\"0\" allow=\"accelerometer; autoplay; clipboard-write; encrypted-media; gyroscope; picture-in-picture; web-share\" referrerpolicy=\"strict-origin-when-cross-origin\" allowfullscreen><\/iframe>\n<\/div><\/figure>\n\n\n\n<p class=\"wp-block-paragraph\">O TT GP desta semana avalia que desde que Sebastian Vettel anunciou o desejo de se aposentar da F\u00f3rmula 1 no fim da temporada 2022, a forma\u00e7\u00e3o do grid se tornou um duelo de faca no escuro. A Alpine se disse mistificada com a forma que Fernando Alonso fechou com a Aston Martin, ao passo que <strong><a href=\"https:\/\/www.grandepremio.com\/br\/f1\/noticias\/alpine-supera-fernando-alonso-anuncia-oscar-piastri-companheiro-esteban-ocon-2023\/\" class=\"ek-link\">resolveu promover seu reserva e pupilo de longa data<\/a><\/strong>, Oscar Piastri. At\u00e9 a\u00ed, tudo certo.<\/p>\n\n\n\n<p class=\"wp-block-paragraph\">Mas <strong><a href=\"https:\/\/www.grandepremio.com\/br\/f1\/noticias\/oscar-piastri-desmente-alpine-diz-nao-vai-pilotar-equipe-formula-1-2023\/\" class=\"ek-link\">Piastri disse que n\u00e3o<\/a><\/strong>. O australiano foi \u00e0s redes sociais pouco depois de um an\u00fancio da Alpine que sequer tinha palavra oficial de ningu\u00e9m da equipe ou do piloto e disse que n\u00e3o sabia da confirma\u00e7\u00e3o e que n\u00e3o vai defender a equipe francesa em 2023. Pr\u00f3ximo destino? Sabe-se que tudo isso tem envolvimento da McLaren, que volta a se envolver num caso muito parecido ao de \u00c1lex Palou e a Ganassi, na Indy. A McLaren \u00e9 a grande fura-olho do esporte moderno?<\/p>\n\n\n\n<p class=\"wp-block-paragraph\">Renato Ribeiro apresenta o TT GP desta semana com os coment\u00e1rios de Jo\u00e3o Pedro Nascimento e Andr\u00e9 Netto.<\/p>\n\n\n\n<p class=\"wp-block-paragraph\"><strong>\u25b6\ufe0f\u00a0Inscreva-se nos dois canais do GRANDE PR\u00caMIO no YouTube:\u00a0<a href=\"https:\/\/www.youtube.com\/channel\/UC9OlHEgxoaY6QY6nWPoiqQg?sub_confirmation=1\" target=\"_blank\" rel=\"noreferrer noopener\">GP<\/a>\u00a0|\u00a0<a href=\"https:\/\/www.youtube.com\/channel\/UC9csiS6q_C3C0FYhyr1rnFA?sub_confirmation=1\" target=\"_blank\" rel=\"noreferrer noopener\">GP2<\/a><\/strong><br><strong>\u25b6\ufe0f\u00a0<a href=\"https:\/\/www.twitch.tv\/grandepremio\" target=\"_blank\" rel=\"noreferrer noopener\" class=\"ek-link\">Conhe\u00e7a o canal do GRANDE PR\u00caMIO na Twitch clicando aqui!<\/a><\/strong><\/p>\n","protected":false},"excerpt":{"rendered":"<p>Alpine queria Piastri, que queria a McLaren, que n\u00e3o queria ningu\u00e9m. O TT GP desta semana fala sobre o imbr\u00f3glio do grid da F\u00f3rmula 1<\/p>\n","protected":false},"author":0,"featured_media":1000601419,"comment_status":"closed","ping_status":"closed","sticky":false,"template":"","format":"standard","meta":{"42wp_featured_image_caption":"","42wp_featured_image_credits":"","42wp_featured_video":"","42wp_featured_image_hidden":false,"42wp_authors_list":[],"footnotes":""},"categories":[2],"tags":[654,31547,211,1357,31064,24836,28285,30267,2916,1494,27402],"42wp_author":[47120],"class_list":["post-110051","post","type-post","status-publish","format-standard","has-post-thumbnail","hentry","category-f1","tag-alexander-albon","tag-andre-netto","tag-daniel-ricciardo","tag-f1-2022","tag-formula-1-2022-3","tag-grande-premio-2","tag-grandepremio","tag-joao-pedro-nascimento","tag-oscar-piastri","tag-renato-ribeiro","tag-tt-gp","42wp_author-pedro-henrique-marum"],"_links":{"self":[{"href":"https:\/\/grandepremio.com\/br\/wp-json\/wp\/v2\/posts\/110051","targetHints":{"allow":["GET"]}}],"collection":[{"href":"https:\/\/grandepremio.com\/br\/wp-json\/wp\/v2\/posts"}],"about":[{"href":"https:\/\/grandepremio.com\/br\/wp-json\/wp\/v2\/types\/post"}],"replies":[{"embeddable":true,"href":"https:\/\/grandepremio.com\/br\/wp-json\/wp\/v2\/comments?post=110051"}],"version-history":[{"count":0,"href":"https:\/\/grandepremio.com\/br\/wp-json\/wp\/v2\/posts\/110051\/revisions"}],"wp:featuredmedia":[{"embeddable":true,"href":"https:\/\/grandepremio.com\/br\/wp-json\/wp\/v2\/media\/1000601419"}],"wp:attachment":[{"href":"https:\/\/grandepremio.com\/br\/wp-json\/wp\/v2\/media?parent=110051"}],"wp:term":[{"taxonomy":"category","embeddable":true,"href":"https:\/\/grandepremio.com\/br\/wp-json\/wp\/v2\/categories?post=110051"},{"taxonomy":"post_tag","embeddable":true,"href":"https:\/\/grandepremio.com\/br\/wp-json\/wp\/v2\/tags?post=110051"},{"taxonomy":"42wp_author","embeddable":true,"href":"https:\/\/grandepremio.com\/br\/wp-json\/wp\/v2\/42wp_author?post=110051"}],"curies":[{"name":"wp","href":"https:\/\/api.w.org\/{rel}","templated":true}]}}