{"id":110106,"date":"2022-08-01T09:36:22","date_gmt":"2022-08-01T12:36:22","guid":{"rendered":"https:\/\/grandepremio.com\/br\/noticias\/fernando-alonso-justifica-ida-aston-martin-2023-pretendo-vencer-outra-vez-formula-1\/"},"modified":"2022-08-01T09:37:01","modified_gmt":"2022-08-01T12:37:01","slug":"fernando-alonso-justifica-ida-aston-martin-2023-pretendo-vencer-outra-vez-formula-1","status":"publish","type":"post","link":"https:\/\/grandepremio.com\/br\/f1\/fernando-alonso-justifica-ida-aston-martin-2023-pretendo-vencer-outra-vez-formula-1\/","title":{"rendered":"Alonso justifica ida para Aston Martin em 2023: &#8220;Pretendo vencer outra vez na F1&#8221;"},"content":{"rendered":"\n<figure class=\"wp-block-embed is-type-video is-provider-youtube wp-block-embed-youtube wp-embed-aspect-16-9 wp-has-aspect-ratio\"><div class=\"wp-block-embed__wrapper\">\n<iframe loading=\"lazy\" title=\"VETTEL ANUNCIA APOSENTADORIA DA F\u00d3RMULA 1 AO FIM DE 2022\" width=\"500\" height=\"281\" src=\"https:\/\/www.youtube.com\/embed\/8s6RYPdJ-Pk?feature=oembed\" frameborder=\"0\" allow=\"accelerometer; autoplay; clipboard-write; encrypted-media; gyroscope; picture-in-picture; web-share\" referrerpolicy=\"strict-origin-when-cross-origin\" allowfullscreen><\/iframe>\n<\/div><figcaption>VETTEL ANUNCIA APOSENTADORIA DA F\u00d3RMULA 1 AO FIM DE 2022<\/figcaption><\/figure>\n\n\n\n<p class=\"wp-block-paragraph\">Fernando Alonso ter\u00e1 uma nova casa em 2023. Nas primeiras horas desta segunda-feira (1), o bicampe\u00e3o mundial foi anunciado como substituto de Sebastian Vettel na Aston Martin &#8211; ap\u00f3s assinar contrato multianual com a equipe de Silverstone. <\/p>\n\n\n\n<p class=\"wp-block-paragraph\">Pouco ap\u00f3s a confirma\u00e7\u00e3o da contrata\u00e7\u00e3o, o piloto espanhol afirmou que a Aston Martin &#8211; &#8220;uma das equipes mais empolgantes da F1 hoje&#8221; &#8211; est\u00e1 &#8220;claramente aplicando muita energia e comprometimento para vencer&#8221;. E isso vai de encontro com a atual obsess\u00e3o de Alonso: triunfar ao menos outra vez mais na principal categoria de automobilismo do mundo.<\/p>\n\n\n\n<p class=\"wp-block-paragraph\"><strong>\u25b6\ufe0f\u00a0Inscreva-se nos dois canais do GRANDE PR\u00caMIO no YouTube:\u00a0<a href=\"https:\/\/www.youtube.com\/channel\/UC9OlHEgxoaY6QY6nWPoiqQg?sub_confirmation=1\" target=\"_blank\" rel=\"noreferrer noopener\">GP<\/a>\u00a0|\u00a0<a href=\"https:\/\/www.youtube.com\/channel\/UC9csiS6q_C3C0FYhyr1rnFA?sub_confirmation=1\" target=\"_blank\" rel=\"noreferrer noopener\">GP2<\/a><\/strong><br><strong>\u25b6\ufe0f\u00a0<a href=\"https:\/\/www.twitch.tv\/grandepremio\" target=\"_blank\" rel=\"noreferrer noopener\">Conhe\u00e7a o canal do GRANDE PR\u00caMIO na Twitch clicando aqui!<\/a><\/strong><\/p>\n\n\n\n<p class=\"wp-block-paragraph\">&#8220;Ainda tenho a fome a ambi\u00e7\u00e3o de lutar para estar na frente e quero ser parte de uma organiza\u00e7\u00e3o que estar\u00e1 comprometida em aprender, desenvolver e ser bem sucedida. N\u00f3s todos sabemos que existe muito a ser feito para chegar na frente e que precisamos aplicar toda nossa energia em trabalharmos juntos para encontrar performance. A paix\u00e3o e o desejo que tenho testemunhado me convenceram a manter meu prazer e meu compromisso com o esporte. Pretendo vencer outra vez neste esporte e, por isso, tenho de aproveitar as oportunidades que parecem certas para mim&#8221;, justificou.<\/p>\n\n\n\n<p class=\"wp-block-paragraph\">Depois de deixar claro que ainda deseja brigar no pelot\u00e3o da frente da F\u00f3rmula 1, Alonso tamb\u00e9m destacou o projeto e a estrutura da Aston Martin &#8211; j\u00e1 que o time tem o mesmo n\u00edvel de ambi\u00e7\u00e3o que o pr\u00f3prio espanhol.<\/p>\n\n\n\n<figure class=\"wp-block-image size-large\"><img decoding=\"async\" src=\"https:\/\/www.grandepremio.com\/br\/wp-content\/uploads\/2022\/04\/alpine-fernandoalonso-01-5-1024x683.jpg\" alt=\"\" class=\"wp-image-560628\"\/><figcaption>Fernando Alonso \u00e9 o mais novo contratado da Aston Martin (Foto: Alpine)<\/figcaption><\/figure>\n\n\n\n<p class=\"wp-block-paragraph\">\u201cConhe\u00e7o Lawrence e Lance h\u00e1 muitos anos e \u00e9 bastante \u00f3bvio que eles t\u00eam ambi\u00e7\u00e3o e paix\u00e3o de serem bem sucedidos na F\u00f3rmula 1. Assisti a equipe atrair sistematicamente \u00f3timas pessoas com pedigree vencedor, e estou ciente do enorme comprometimento com as novas instala\u00e7\u00f5es e recursos em Silverstone\u201d, apontou. <\/p>\n\n\n\n<p class=\"wp-block-paragraph\">\u201cNingu\u00e9m na\u00a0F\u00f3rmula 1\u00a0hoje demonstra uma vis\u00e3o melhor e um comprometimento absoluto com a vit\u00f3ria, e isso torna essa oportunidade empolgante para mim\u201d, explicou, por fim, Alonso.<\/p>\n\n\n\n<p class=\"wp-block-paragraph\"><strong>LEIA TAMB\u00c9M<br>+ <a href=\"https:\/\/www.grandepremio.com\/br\/f1\/noticias\/vencedor-comprometido-aston-martin-explica-contratacao-fernando-alonso-formula-1-2023\/\" class=\"ek-link\">\u201cVencedor comprometido\u201d: Aston Martin explica contrata\u00e7\u00e3o de Alonso para F1 2023<\/a><\/strong><\/p>\n\n\n\n<figure class=\"wp-block-embed is-type-video is-provider-youtube wp-block-embed-youtube wp-embed-aspect-16-9 wp-has-aspect-ratio\"><div class=\"wp-block-embed__wrapper\">\n<iframe loading=\"lazy\" title=\"F1 2022 NA HUNGRIA: VERSTAPPEN BRILHA, MERCEDES MOSTRA FOR\u00c7A E FERRARI IMPLODE | Briefing\" width=\"500\" height=\"281\" src=\"https:\/\/www.youtube.com\/embed\/iuoCogLMGO0?feature=oembed\" frameborder=\"0\" allow=\"accelerometer; autoplay; clipboard-write; encrypted-media; gyroscope; picture-in-picture; web-share\" referrerpolicy=\"strict-origin-when-cross-origin\" allowfullscreen><\/iframe>\n<\/div><figcaption>F1 2022: VERSTAPPEN BRILHA, MERCEDES MOSTRA FOR\u00c7A E FERRARI IMPLODE NA HUNGRIA | Briefing<\/figcaption><\/figure>\n","protected":false},"excerpt":{"rendered":"<p>Substituto de Vettel na Aston Martin, espanhol classificou equipe como &#8220;uma das mais empolgantes da F1&#8221; e depositou f\u00e9 no projeto comandado por Lawrence Stroll<\/p>\n","protected":false},"author":0,"featured_media":1000582680,"comment_status":"closed","ping_status":"closed","sticky":false,"template":"","format":"standard","meta":{"42wp_featured_image_caption":"","42wp_featured_image_credits":"","42wp_featured_video":"","42wp_featured_image_hidden":false,"42wp_authors_list":[],"footnotes":""},"categories":[2],"tags":[20491,309,147,1357,176,24837,31064,24836,28285,454,30559,210,13632,2588],"42wp_author":[47143],"class_list":["post-110106","post","type-post","status-publish","format-standard","has-post-thumbnail","hentry","category-f1","tag-alpine","tag-aston-martin","tag-f1","tag-f1-2022","tag-fernando-alonso","tag-formula-1-2","tag-formula-1-2022-3","tag-grande-premio-2","tag-grandepremio","tag-lawrence-stroll","tag-mike-krack","tag-sebastian-vettel","tag-stroll","tag-vettel","42wp_author-felipe-leite"],"_links":{"self":[{"href":"https:\/\/grandepremio.com\/br\/wp-json\/wp\/v2\/posts\/110106","targetHints":{"allow":["GET"]}}],"collection":[{"href":"https:\/\/grandepremio.com\/br\/wp-json\/wp\/v2\/posts"}],"about":[{"href":"https:\/\/grandepremio.com\/br\/wp-json\/wp\/v2\/types\/post"}],"replies":[{"embeddable":true,"href":"https:\/\/grandepremio.com\/br\/wp-json\/wp\/v2\/comments?post=110106"}],"version-history":[{"count":0,"href":"https:\/\/grandepremio.com\/br\/wp-json\/wp\/v2\/posts\/110106\/revisions"}],"wp:featuredmedia":[{"embeddable":true,"href":"https:\/\/grandepremio.com\/br\/wp-json\/wp\/v2\/media\/1000582680"}],"wp:attachment":[{"href":"https:\/\/grandepremio.com\/br\/wp-json\/wp\/v2\/media?parent=110106"}],"wp:term":[{"taxonomy":"category","embeddable":true,"href":"https:\/\/grandepremio.com\/br\/wp-json\/wp\/v2\/categories?post=110106"},{"taxonomy":"post_tag","embeddable":true,"href":"https:\/\/grandepremio.com\/br\/wp-json\/wp\/v2\/tags?post=110106"},{"taxonomy":"42wp_author","embeddable":true,"href":"https:\/\/grandepremio.com\/br\/wp-json\/wp\/v2\/42wp_author?post=110106"}],"curies":[{"name":"wp","href":"https:\/\/api.w.org\/{rel}","templated":true}]}}