{"id":110107,"date":"2022-08-01T08:39:44","date_gmt":"2022-08-01T11:39:44","guid":{"rendered":"https:\/\/grandepremio.com\/br\/noticias\/vencedor-comprometido-aston-martin-explica-contratacao-fernando-alonso-formula-1-2023\/"},"modified":"2022-08-01T08:41:18","modified_gmt":"2022-08-01T11:41:18","slug":"vencedor-comprometido-aston-martin-explica-contratacao-fernando-alonso-formula-1-2023","status":"publish","type":"post","link":"https:\/\/grandepremio.com\/br\/f1\/vencedor-comprometido-aston-martin-explica-contratacao-fernando-alonso-formula-1-2023\/","title":{"rendered":"&#8220;Vencedor comprometido&#8221;: Aston Martin explica contrata\u00e7\u00e3o de Alonso para F1 2023"},"content":{"rendered":"\n<figure class=\"wp-block-embed is-type-video is-provider-youtube wp-block-embed-youtube wp-embed-aspect-16-9 wp-has-aspect-ratio\"><div class=\"wp-block-embed__wrapper\">\n<iframe loading=\"lazy\" title=\"VETTEL ANUNCIA APOSENTADORIA DA F\u00d3RMULA 1 AO FIM DE 2022\" width=\"500\" height=\"281\" src=\"https:\/\/www.youtube.com\/embed\/8s6RYPdJ-Pk?feature=oembed\" frameborder=\"0\" allow=\"accelerometer; autoplay; clipboard-write; encrypted-media; gyroscope; picture-in-picture; web-share\" referrerpolicy=\"strict-origin-when-cross-origin\" allowfullscreen><\/iframe>\n<\/div><figcaption>VETTEL ANUNCIA APOSENTADORIA DA F\u00d3RMULA 1 AO FIM DE 2022<\/figcaption><\/figure>\n\n\n\n<p class=\"wp-block-paragraph\">Fernando Alonso e a Aston Martin chocaram o universo do automobilismo nas primeiras horas desta segunda-feira (1). A equipe de Silverstone resolveu logo o mist\u00e9rio e, <a href=\"https:\/\/www.grandepremio.com\/br\/f1\/noticias\/sebastian-vettel-decide-deixar-formula-1-anuncia-aposentadoria-fim-temporada-2022\/\" class=\"ek-link\">ap\u00f3s o an\u00fancio de aposentadoria<\/a> de Sebastian Vettel na \u00faltima quinta-feira, confirmou a contrata\u00e7\u00e3o do bicampe\u00e3o mundial a partir de 2023.<\/p>\n\n\n\n<p class=\"wp-block-paragraph\">Com um contrato multianual devidamente assinado, a Aston Martin justificou a escolha por Alonso. De veterano para veterano, campe\u00e3o mundial para campe\u00e3o mundial, o espanhol ir\u00e1 substituir Vettel na equipe &#8211; e o chef\u00e3o Lawrence Stroll explicou os motivos da escolha.<\/p>\n\n\n\n<p class=\"wp-block-paragraph\"><strong>\u25b6\ufe0f\u00a0Inscreva-se nos dois canais do GRANDE PR\u00caMIO no YouTube:\u00a0<a href=\"https:\/\/www.youtube.com\/channel\/UC9OlHEgxoaY6QY6nWPoiqQg?sub_confirmation=1\" target=\"_blank\" rel=\"noreferrer noopener\">GP<\/a>\u00a0|\u00a0<a href=\"https:\/\/www.youtube.com\/channel\/UC9csiS6q_C3C0FYhyr1rnFA?sub_confirmation=1\" target=\"_blank\" rel=\"noreferrer noopener\">GP2<\/a><\/strong><br><strong>\u25b6\ufe0f\u00a0<a href=\"https:\/\/www.twitch.tv\/grandepremio\" target=\"_blank\" rel=\"noreferrer noopener\">Conhe\u00e7a o canal do GRANDE PR\u00caMIO na Twitch clicando aqui!<\/a><\/strong><\/p>\n\n\n\n<p class=\"wp-block-paragraph\">\u201cConhe\u00e7o e admiro Fernando h\u00e1 muito tempo e sempre ficou claro para mim que ele \u00e9 um vencedor comprometido como eu. Me comprometi a reunir as melhores pessoas e a desenvolver os melhores recursos e organiza\u00e7\u00e3o para sermos bem sucedidos neste esporte altamente competitivo, planos estes que agora tomam forma em\u00a0Silverstone\u201d, afirmou o canadense.<\/p>\n\n\n\n<p class=\"wp-block-paragraph\">\u201cParecia natural, portanto, convidar Fernando para ser parte do desenvolvimento de uma equipe vencedora, e n\u00f3s muito rapidamente estabelecemos em nossa recente conversa que temos as mesmas ambi\u00e7\u00f5es e valores. Foi l\u00f3gico e f\u00e1cil confirmarmos o desejo e trabalharmos juntos\u201d, concluiu.<\/p>\n\n\n\n<figure class=\"wp-block-image size-large\"><img decoding=\"async\" src=\"https:\/\/www.grandepremio.com\/br\/wp-content\/uploads\/2021\/07\/GP2013_095951_J5A9163-1024x683.jpg\" alt=\"\" class=\"wp-image-491468\"\/><figcaption>Lawrence Stroll se mexeu rapidamente e garantiu substituto de Vettel na Aston Martin (Foto: Aston Martin)<\/figcaption><\/figure>\n\n\n\n<p class=\"wp-block-paragraph\">Chefe de equipe da Aston Martin, Mike Krack ressaltou a import\u00e2ncia que a chegada de Alonso ter\u00e1 para o desenvolvimento do projeto do time. Al\u00e9m disso, o dirigente tamb\u00e9m deu detalhes de como o bicampe\u00e3o mundial pode impactar o t\u00e3o almejado aumento de desempenho da esquadra de Silverstone.<\/p>\n\n\n\n<p class=\"wp-block-paragraph\">&#8220;Testemunhei a empolga\u00e7\u00e3o da equipe de engenharia e de toda a organiza\u00e7\u00e3o com a oportunidade de trabalhar com Fernando. Sabemos que quase todo mundo pode aprender com algu\u00e9m com a calibre e a experi\u00eancia de Fernando. Estamos confiantes de que ele vai inspirar todo mundo a melhorar o jogo, o que s\u00f3 aumentar\u00e1 a energia j\u00e1 contagiante que existe dentro do time&#8221;, afirmou.<\/p>\n\n\n\n<figure class=\"wp-block-image size-large\"><img decoding=\"async\" src=\"https:\/\/www.grandepremio.com\/br\/wp-content\/uploads\/2022\/04\/GP2202_142502_56I2538-1024x683.jpg\" alt=\"\" class=\"wp-image-554423\"\/><figcaption>Mike Krack \u00e9 o chefe da Aston Martin, cargo que assume desde o in\u00edcio da F1 2022 (Foto: Aston Martin)<\/figcaption><\/figure>\n\n\n\n<p class=\"wp-block-paragraph\">\u201cEstamos no caminho para criar uma organiza\u00e7\u00e3o vencedora e est\u00e1 claro que Fernando vai acelerar nosso progresso e nos levar a uma performance da qual poderemos nos orgulhar\u201d, apostou. \u201cEstamos encantados em ter Fernando e Lance no nosso elenco de pilotos para o pr\u00f3ximo ano \u2014 a combina\u00e7\u00e3o de experi\u00eancia e juventude ser\u00e1 incrivelmente forte e os dois pilotos est\u00e3o ansiosos para competirem e trabalharem juntos\u201d, garantiu.<\/p>\n\n\n\n<p class=\"wp-block-paragraph\">\u201cA equipe tem uma nova lideran\u00e7a focada no desenvolvimento do AMR23, e estamos todos empolgados que eles e nossos futuros projetos ir\u00e3o se beneficiar do conhecimento e da experi\u00eancia que Fernando trar\u00e1\u201d, encerrou Krack.<\/p>\n\n\n\n<figure class=\"wp-block-embed is-type-video is-provider-youtube wp-block-embed-youtube wp-embed-aspect-16-9 wp-has-aspect-ratio\"><div class=\"wp-block-embed__wrapper\">\n<iframe loading=\"lazy\" title=\"F1 2022 NA HUNGRIA: VERSTAPPEN BRILHA, MERCEDES MOSTRA FOR\u00c7A E FERRARI IMPLODE | Briefing\" width=\"500\" height=\"281\" src=\"https:\/\/www.youtube.com\/embed\/iuoCogLMGO0?feature=oembed\" frameborder=\"0\" allow=\"accelerometer; autoplay; clipboard-write; encrypted-media; gyroscope; picture-in-picture; web-share\" referrerpolicy=\"strict-origin-when-cross-origin\" allowfullscreen><\/iframe>\n<\/div><figcaption>F1 2022: VERSTAPPEN BRILHA, MERCEDES MOSTRA FOR\u00c7A E FERRARI IMPLODE NA HUNGRIA | Briefing<\/figcaption><\/figure>\n","protected":false},"excerpt":{"rendered":"<p>Equipe se movimentou rapidamente ap\u00f3s an\u00fancio de aposentadoria de Sebastian Vettel e assegurou lugar para Fernando Alonso a partir de 2023. Lawrence Stroll e Mike Krack, respectivamente dono e chefe de equipe, justificaram escolha pelo bicampe\u00e3o mundial<\/p>\n","protected":false},"author":0,"featured_media":1000560628,"comment_status":"closed","ping_status":"closed","sticky":false,"template":"","format":"standard","meta":{"42wp_featured_image_caption":"","42wp_featured_image_credits":"","42wp_featured_video":"","42wp_featured_image_hidden":false,"42wp_authors_list":[],"footnotes":""},"categories":[2],"tags":[388,32124,20491,309,147,1357,176,24837,31064,24836,28285,454,30559,210,13632,2588],"42wp_author":[47143],"class_list":["post-110107","post","type-post","status-publish","format-standard","has-post-thumbnail","hentry","category-f1","tag-alonso","tag-alonso-na-aston-martin","tag-alpine","tag-aston-martin","tag-f1","tag-f1-2022","tag-fernando-alonso","tag-formula-1-2","tag-formula-1-2022-3","tag-grande-premio-2","tag-grandepremio","tag-lawrence-stroll","tag-mike-krack","tag-sebastian-vettel","tag-stroll","tag-vettel","42wp_author-felipe-leite"],"_links":{"self":[{"href":"https:\/\/grandepremio.com\/br\/wp-json\/wp\/v2\/posts\/110107","targetHints":{"allow":["GET"]}}],"collection":[{"href":"https:\/\/grandepremio.com\/br\/wp-json\/wp\/v2\/posts"}],"about":[{"href":"https:\/\/grandepremio.com\/br\/wp-json\/wp\/v2\/types\/post"}],"replies":[{"embeddable":true,"href":"https:\/\/grandepremio.com\/br\/wp-json\/wp\/v2\/comments?post=110107"}],"version-history":[{"count":0,"href":"https:\/\/grandepremio.com\/br\/wp-json\/wp\/v2\/posts\/110107\/revisions"}],"wp:featuredmedia":[{"embeddable":true,"href":"https:\/\/grandepremio.com\/br\/wp-json\/wp\/v2\/media\/1000560628"}],"wp:attachment":[{"href":"https:\/\/grandepremio.com\/br\/wp-json\/wp\/v2\/media?parent=110107"}],"wp:term":[{"taxonomy":"category","embeddable":true,"href":"https:\/\/grandepremio.com\/br\/wp-json\/wp\/v2\/categories?post=110107"},{"taxonomy":"post_tag","embeddable":true,"href":"https:\/\/grandepremio.com\/br\/wp-json\/wp\/v2\/tags?post=110107"},{"taxonomy":"42wp_author","embeddable":true,"href":"https:\/\/grandepremio.com\/br\/wp-json\/wp\/v2\/42wp_author?post=110107"}],"curies":[{"name":"wp","href":"https:\/\/api.w.org\/{rel}","templated":true}]}}