{"id":110161,"date":"2022-07-30T16:59:02","date_gmt":"2022-07-30T19:59:02","guid":{"rendered":"https:\/\/grandepremio.com\/br\/noticias\/confira-declaracoes-pilotos-apos-classificacao-gp-hungria-formula-1-2022\/"},"modified":"2022-07-30T17:09:46","modified_gmt":"2022-07-30T20:09:46","slug":"confira-declaracoes-pilotos-apos-classificacao-gp-hungria-formula-1-2022","status":"publish","type":"post","link":"https:\/\/grandepremio.com\/br\/f1\/confira-declaracoes-pilotos-apos-classificacao-gp-hungria-formula-1-2022\/","title":{"rendered":"Confira declara\u00e7\u00f5es dos pilotos ap\u00f3s classifica\u00e7\u00e3o do GP da Hungria de F1 2022"},"content":{"rendered":"\n<figure class=\"wp-block-embed is-type-video is-provider-youtube wp-block-embed-youtube wp-embed-aspect-16-9 wp-has-aspect-ratio\"><div class=\"wp-block-embed__wrapper\">\n<iframe loading=\"lazy\" title=\"F1 2022 NA HUNGRIA: RUSSELL TOMA POLE DE FERRARI E RED BULL. VERSTAPPEN \u00c9 10\u00ba | Briefing\" width=\"500\" height=\"281\" src=\"https:\/\/www.youtube.com\/embed\/0g3VKnS3rWk?feature=oembed\" frameborder=\"0\" allow=\"accelerometer; autoplay; clipboard-write; encrypted-media; gyroscope; picture-in-picture; web-share\" referrerpolicy=\"strict-origin-when-cross-origin\" allowfullscreen><\/iframe>\n<\/div><figcaption>TUDO SOBRE A CLASSIFICA\u00c7\u00c3O DO GP DA HUNGRIA DE F\u00d3RMULA 1 2022 | Briefing<br><\/figcaption><\/figure>\n\n\n\n<p class=\"wp-block-paragraph\">O GP da Hungria teve uma classifica\u00e7\u00e3o surpreendente neste s\u00e1bado (30): a pole-position conquistada por George Russell. O piloto voou em uma sess\u00e3o marcada pelas chances de chuva, bateu Carlos Sainz e vai largar da posi\u00e7\u00e3o de honra. Primeira vez da Mercedes na pole em 2022, primeira vez na carreira de Russell.<\/p>\n\n\n\n<p class=\"wp-block-paragraph\">Atr\u00e1s dele, apareceu a dupla da Ferrari: Carlos Sainz e Charles Leclerc. Lando Norris conseguiu colocar a McLaren na quarta coloca\u00e7\u00e3o, enquanto Esteban Ocon chegou \u00e0 quinta com a Alpine, \u00e0 frente de seu companheiro de equipe, Fernando Alonso. Lewis Hamilton aparece em sexto. <\/p>\n\n\n\n<p class=\"wp-block-paragraph\">Com Valtteri Bottas em oitavo, Daniel Ricciardo foi ao Q3 e vai largar da nona posi\u00e7\u00e3o. Quem fechou o top-10 foi Max Verstappen, que teve problemas e n\u00e3o conseguiu encaixar uma boa volta na \u00faltima parte da classifica\u00e7\u00e3o.<\/p>\n\n\n\n<p class=\"wp-block-paragraph\">O\u00a0<strong>GRANDE PR\u00caMIO<\/strong>\u00a0acompanha todas as atividades da\u00a0<a href=\"https:\/\/www.grandepremio.com\/formula-1\/\" target=\"_blank\" rel=\"noreferrer noopener\">F\u00f3rmula 1<\/a>\u00a0<strong>AO VIVO<\/strong>\u00a0e\u00a0<strong>EM\u00a0<a href=\"https:\/\/www.grandepremio.com\/br\/ao-vivo\/\" target=\"_blank\" rel=\"noreferrer noopener\"><\/a><a href=\"https:\/\/www.grandepremio.com\/br\/ao-vivo\/\" target=\"_blank\" rel=\"noreferrer noopener\"><\/a><a href=\"https:\/\/www.grandepremio.com\/br\/ao-vivo\/\" target=\"_blank\" rel=\"noreferrer noopener\"><\/a><a href=\"https:\/\/www.grandepremio.com\/br\/ao-vivo\/\" target=\"_blank\" rel=\"noreferrer noopener\">TEMPO REAL<\/a><\/strong>. No domingo, a largada est\u00e1 prevista para as 10h(de Bras\u00edlia, GMT -3).<\/p>\n\n\n\n<p class=\"wp-block-paragraph\"><strong>\u25b6\ufe0f\u00a0Inscreva-se nos dois canais do GRANDE PR\u00caMIO no YouTube:\u00a0<a href=\"https:\/\/www.youtube.com\/channel\/UC9OlHEgxoaY6QY6nWPoiqQg?sub_confirmation=1\" target=\"_blank\" rel=\"noreferrer noopener\">GP<\/a>\u00a0|\u00a0<a href=\"https:\/\/www.youtube.com\/channel\/UC9csiS6q_C3C0FYhyr1rnFA?sub_confirmation=1\" target=\"_blank\" rel=\"noreferrer noopener\">GP2<\/a><\/strong><br><strong>\u25b6\ufe0f\u00a0<a href=\"https:\/\/www.twitch.tv\/grandepremio\" target=\"_blank\" rel=\"noreferrer noopener\">Conhe\u00e7a o canal do GRANDE PR\u00caMIO na Twitch clicando aqui!<\/a><\/strong><\/p>\n\n\n\n<figure class=\"wp-block-image size-large\"><img decoding=\"async\" src=\"https:\/\/www.grandepremio.com\/br\/wp-content\/uploads\/2022\/07\/mercedes-georgerussell-08-1024x683.jpg\" alt=\"\" class=\"wp-image-600066\"\/><figcaption>George Russell conquistou a primeira pole-position da carreira na Hungria (Foto: F1)<\/figcaption><\/figure>\n\n\n\n<p class=\"wp-block-paragraph\"><strong>Confira tudo que foi falado pelos pilotos ap\u00f3s a classifica\u00e7\u00e3o na Hungria:<\/strong><\/p>\n\n\n\n<p class=\"wp-block-paragraph\"><strong>George Russell, primeiro:<\/strong> <strong><a href=\"https:\/\/www.grandepremio.com\/br\/f1\/noticias\/george-russell-diz-lua-apos-conquista-pole-hungria-dia-muito-especial\/\" class=\"ek-link\">Russell se diz \u201cna lua\u201d ap\u00f3s conquista da pole na Hungria: \u201cDia muito especial\u201d<\/a><\/strong><\/p>\n\n\n\n<p class=\"wp-block-paragraph\"><strong>Carlos Sainz, segundo:<\/strong> <a href=\"https:\/\/www.grandepremio.com\/br\/f1\/noticias\/carlos-sainz-reconhece-feito-george-russell-hungria-lamenta-senti-tinha-ritmo-pole\/\" class=\"ek-link\"><strong>Sainz reconhece feito de Russell na Hungria e lamenta: \u201cSenti que tinha ritmo para pole\u201d<\/strong><\/a><\/p>\n\n\n\n<p class=\"wp-block-paragraph\"><strong>Charles Leclerc, terceiro:<\/strong> <a href=\"https:\/\/www.grandepremio.com\/br\/f1\/noticias\/charles-leclerc-revela-problema-ferrari-pneus-hungria-garante-temos-ritmo\/\" class=\"ek-link\"><strong>Leclerc revela problema da Ferrari com pneus na Hungria, mas garante: \u201cTemos o ritmo\u201d<\/strong><\/a><\/p>\n\n\n\n<figure class=\"wp-block-image size-large\"><img decoding=\"async\" src=\"https:\/\/www.grandepremio.com\/br\/wp-content\/uploads\/2022\/07\/mercedes-georgerussell-06-AFP-scaled-e1659197306695-1024x905.jpg\" alt=\"\" class=\"wp-image-600054\"\/><figcaption>George Russell deu volta voadora e ficou com a pole (Foto: AFP)<\/figcaption><\/figure>\n\n\n\n<p class=\"wp-block-paragraph\"><strong>Lando Norris, quarto:<\/strong> <a href=\"https:\/\/www.grandepremio.com\/br\/f1\/noticias\/lando-norris-festeja-classificacao-hungria-avisa-carro-ainda-nao-faz-quero\/\" class=\"ek-link\"><strong>Norris festeja classifica\u00e7\u00e3o na Hungria, mas avisa: \u201cCarro ainda n\u00e3o faz o que quero\u201d<\/strong><\/a><\/p>\n\n\n\n<p class=\"wp-block-paragraph\"><strong>Esteban Ocon, quinto:<\/strong> <strong><a href=\"https:\/\/www.grandepremio.com\/br\/f1\/noticias\/esteban-ocon-comemora-quinto-lugar-grid-tudo-aberto-hungria\/\" class=\"ek-link\">Ocon comemora quinto lugar no grid e diz que \u201cest\u00e1 tudo aberto\u201d para GP da Hungria<\/a><\/strong><\/p>\n\n\n\n<p class=\"wp-block-paragraph\"><strong>Fernando Alonso, sexto:<\/strong> <strong><a href=\"https:\/\/www.grandepremio.com\/br\/f1\/noticias\/fernando-alonso-grande-resultado-alpine-terceira-fila-dupla-hungria\/\" class=\"ek-link\">Alonso valoriza \u201cgrande resultado para Alpine\u201d com terceira fila dupla na Hungria<\/a><\/strong><\/p>\n\n\n\n<p class=\"wp-block-paragraph\"><strong>Lewis Hamilton, s\u00e9timo:<\/strong> <strong><a href=\"https:\/\/www.grandepremio.com\/br\/f1\/noticias\/lewis-hamilton-revela-problema-drs-hungria-lamenta-primeira-fila-alcancavel\/\" class=\"ek-link\">Hamilton revela problema com DRS na Hungria e lamenta: \u201cPrimeira fila era alcan\u00e7\u00e1vel\u201d<\/a><\/strong><\/p>\n\n\n\n<p class=\"wp-block-paragraph\"><strong>Valtteri Bottas, oitavo:<\/strong> &#8220;\u00c9 positivo estar de volta ao Q3. J\u00e1 faz um tempo desde que estivemos [no Q3] e \u00e9 bom estar onde sentimos que pertencemos. Est\u00e1vamos mais perto da Alpine do que pens\u00e1vamos, o que \u00e9 positivo, e parece que tivemos algum progresso desde a \u00faltima corrida. Em termos de ritmo de corrida, acredito que n\u00e3o h\u00e1 realmente uma grande diferen\u00e7a entre as equipes no pelot\u00e3o intermedi\u00e1rio, o que deve dar em uma boa batalha amanh\u00e3. Ainda assim, esta \u00e9 uma pista dif\u00edcil de ultrapassar, por isso \u00e9 bom largar do top-10 e poder lutar pelos pontos logo na largada. Amanh\u00e3 ser\u00e1 tudo sobre ter um bom come\u00e7o de corrida e escolher a estrat\u00e9gia certa&#8221;.<\/p>\n\n\n\n<p class=\"wp-block-paragraph\"><strong>Daniel Ricciardo, nono: <\/strong>&#8220;Acho que fomos bem r\u00e1pidos neste fim de semana, e isso foi confirmado ao colocar os dois carros no Q3. Eu fui mais lento no Q3, ent\u00e3o n\u00e3o estou feliz com isso. Sinceramente, me senti um pouco melhor no Q1 do que no final da sess\u00e3o. Eu sa\u00ed um pouco de traseira naquela \u00faltima volta. Sabia que a volta n\u00e3o foi \u00f3tima, ent\u00e3o sabia que n\u00e3o estar\u00edamos t\u00e3o no topo entre os dez primeiros. Vamos analisar isso durante a noite e depois focar na corrida. Nosso ritmo na sexta-feira parecia encorajador, ent\u00e3o veremos o que podemos fazer, vamos nos esfor\u00e7ar amanh\u00e3&#8221;.<\/p>\n\n\n\n<p class=\"wp-block-paragraph\"><strong>Max Verstappen, d\u00e9cimo: <a href=\"https:\/\/www.grandepremio.com\/br\/f1\/noticias\/max-verstappen-cre-nao-teve-grande-problema-rb18-mas-ve-dia-lamentavel\/\" class=\"ek-link\">Verstappen cr\u00ea que n\u00e3o teve \u201cgrande problema\u201d no RB18, mas v\u00ea dia \u201clament\u00e1vel\u201d<\/a><\/strong><\/p>\n\n\n\n<figure class=\"wp-block-image size-large\"><img decoding=\"async\" src=\"https:\/\/www.grandepremio.com\/br\/wp-content\/uploads\/2022\/07\/ferrari-charlesleclerc-02-afp-7-1024x664.jpg\" alt=\"\" class=\"wp-image-599926\"\/><figcaption>Charles Leclerc larga no terceiro lugar do GP da Hungria (Foto: AFP)<\/figcaption><\/figure>\n\n\n\n<p class=\"wp-block-paragraph\"><strong>Sergio P\u00e9rez, 11\u00ba: <a href=\"https:\/\/www.grandepremio.com\/br\/f1\/noticias\/sergio-perez-classificacao-muito-infeliz-acredita-recuperacao-hungria\/\" class=\"ek-link\">P\u00e9rez v\u00ea classifica\u00e7\u00e3o \u201cmuito infeliz\u201d, mas acredita em recupera\u00e7\u00e3o na Hungria<\/a><\/strong><\/p>\n\n\n\n<p class=\"wp-block-paragraph\"><strong>Guanyu Zhou, 12\u00ba:<\/strong> \u201cEstou muito feliz com a classifica\u00e7\u00e3o de hoje, especialmente levando em conta as condi\u00e7\u00f5es dif\u00edceis que enfrentamos esta manh\u00e3. Finalmente voltamos ao Q2 com os dois carros, e tem sido muito intenso, j\u00e1 que mais uma vez estava t\u00e3o perto dos carros do pelot\u00e3o intermedi\u00e1rio. Fiquei bastante impressionado com o nosso ritmo hoje, pois parecia estar de volta ao nosso n\u00edvel depois de alguns fins de semana dif\u00edceis. O Q3 n\u00e3o estava muito longe do meu alcance, mas encontrei tr\u00e2nsito na minha volta r\u00e1pida e os pneus n\u00e3o estavam prontos, mesmo assim fiz uma boa volta no final e estou feliz com isso. Parece que amanh\u00e3 n\u00e3o ser\u00e1 mais quente do que hoje, ent\u00e3o espero que isso nos coloque em uma boa posi\u00e7\u00e3o para a corrida, para tentar lutar por posi\u00e7\u00f5es e trazer alguns pontos para casa&#8221;.<\/p>\n\n\n\n<p class=\"wp-block-paragraph\"><strong>Kevin Magnussen, 13\u00ba:<\/strong> &#8220;Voc\u00ea sempre quer ir ao Q3, mas, realmente, n\u00e3o foi uma das nossas melhores classifica\u00e7\u00f5es, parece mesmo que estamos menos competitivos aqui na Hungria. Temos muito trabalho pela frente, talvez a gente leve um tempo at\u00e9 entender como extrair tudo do carro. Acho que podemos brigar por pontos saindo de 13\u00ba. Nosso ritmo de corrida parece ok, o caror esteve bem no TL2 de tanque cheio, melhor que com tanque vazio. Vamos nos divertir amanh\u00e3 e pegar o que der de pontos&#8221;.<\/p>\n\n\n\n<p class=\"wp-block-paragraph\"><strong>Lance Stroll, 14\u00ba:<\/strong> &#8220;Classifica-me em 14\u00ba n\u00e3o era o que realmente queria hoje. Ontem parec\u00edamos mais competitivos, mas as condi\u00e7\u00f5es eram muito diferentes hoje e lutamos pela ader\u00eancia. Teremos de analisar os dados para analisar por que as coisas aconteceram do jeito que aconteceram hoje. Tivemos um desempenho melhor no dia da corrida, mas \u00e9 complicado ultrapassar aqui. Por isso, ser\u00e1 dif\u00edcil progredir na corrida, mas pode haver algum clima interessante amanh\u00e3 que pode ser a nosso favor&#8221;.<\/p>\n\n\n\n<p class=\"wp-block-paragraph\"><strong>Mick Schumacher, 15\u00ba:<\/strong> &#8220;Foi um dia mais dif\u00edcil do que eu estava esperando. A sequ\u00eancia de voltas foi ca\u00f3tica, mas tentamos alguma coisa. Mesmo com a atualiza\u00e7\u00e3o que trouxemos, a dist\u00e2ncia foi maior do que gostar\u00edamos para os outros. Nosso carro n\u00e3o \u00e9 ruim, ainda podemos avan\u00e7ar, mas a quest\u00e3o \u00e9: quanto? Sem safety-car, talvez seja dif\u00edcil de ultrapassar amanh\u00e3, mas tentaremos&#8221;.<\/p>\n\n\n\n<figure class=\"wp-block-image size-large\"><img decoding=\"async\" src=\"https:\/\/www.grandepremio.com\/br\/wp-content\/uploads\/2022\/07\/alpine-fernandoalonso-02-10-1024x682.jpg\" alt=\"\" class=\"wp-image-599936\"\/><figcaption>Fernando Alonso larga em sexto (Foto: Alpine)<\/figcaption><\/figure>\n\n\n\n<p class=\"wp-block-paragraph\"><strong>Yuki Tsunoda, 16\u00ba:<\/strong> &#8220;Tem sido um fim de semana dif\u00edcil at\u00e9 agora, estamos lutando por ader\u00eancia, ent\u00e3o, no geral, o carro tem sido muito dif\u00edcil de pilotar. Sab\u00edamos que n\u00e3o seria um dia f\u00e1cil, mas n\u00e3o esper\u00e1vamos que fosse t\u00e3o dif\u00edcil como tem sido. Pensamos que talvez pud\u00e9ssemos chegar ao Q2, mas isso foi ainda mais dif\u00edcil do que imagin\u00e1vamos. Ainda temos mais um dia pela frente, ent\u00e3o temos que tentar revidar, n\u00e3o \u00e9 f\u00e1cil ultrapassar aqui, mas farei o meu melhor para tentar terminar esta primeira metade da temporada com uma nota mais positiva&#8221;.<\/p>\n\n\n\n<p class=\"wp-block-paragraph\"><strong>Alexander Albon, 17\u00ba:<\/strong> \u201cFiquei muito feliz com minha volta de classifica\u00e7\u00e3o. Foi complicado passar do TL3 molhado para uma classifica\u00e7\u00e3o seca, o vento mudou e est\u00e1vamos perdendo um pouco de downforce. Somos muito r\u00e1pidos nas retas, mas isso n\u00e3o \u00e9 o mais \u00fatil nesta pista.<\/p>\n\n\n\n<p class=\"wp-block-paragraph\"><strong>Sebastian Vettel, 18\u00ba:<\/strong> <a href=\"https:\/\/www.grandepremio.com\/br\/f1\/noticias\/sebastian-vettel-reclama-superaquecimento-pneus-diz-queda-q1-hungria-machuca\/\" class=\"ek-link\"><strong>Vettel reclama de superaquecimento de pneus e diz que queda no Q1 na Hungria \u201cmachuca\u201d<\/strong><\/a><\/p>\n\n\n\n<p class=\"wp-block-paragraph\"><strong>Pierre Gasly, 19\u00ba:<\/strong> &#8220;Por um lado, \u00e9 extremamente frustrante n\u00e3o fazer parte do Q2, mas, por outro, demos um pequeno passo \u00e0 frente desde sexta-feira. Conseguimos fazer uma boa volta e est\u00e1vamos em P13, prontos para chegar ao Q2, mas infelizmente tivemos nosso tempo de volta exclu\u00eddo. Parecia que n\u00e3o est\u00e1vamos muito longe dos tempos dos carros no top-10, ent\u00e3o vamos tentar jogar durante a corrida. Definitivamente, h\u00e1 potencial, cabe a n\u00f3s dar o passo certo para tentar ter o ritmo necess\u00e1rio para amanh\u00e3&#8221;.<\/p>\n\n\n\n<p class=\"wp-block-paragraph\"><strong>Nicholas Latifi, 20\u00ba: <\/strong>&#8220;Estava \u00e0 beira do Q2, mas perdi a \u00faltima curva muito mal. \u00c9 frustrante cometer um erro na curva final. Fiquei surpreso ao saber que tinha um setor roxo. No entanto, ainda estamos perdendo downforce com as atualiza\u00e7\u00f5es, ent\u00e3o sabemos onde precisamos melhorar. \u00c9 dif\u00edcil ultrapassar aqui, mas vamos tentar capitalizar quaisquer oportunidades que possam surgir na corrida de amanh\u00e3&#8221;.<\/p>\n\n\n\n<p class=\"wp-block-paragraph\"><\/p>\n","protected":false},"excerpt":{"rendered":"<p>O Hungaroring vai ver, pela primeira vez, George Russell largando da pole-position neste domingo. Quem divide a fila com o ingl\u00eas \u00e9 Carlos Sainz<\/p>\n","protected":false},"author":0,"featured_media":1000599907,"comment_status":"closed","ping_status":"closed","sticky":false,"template":"","format":"standard","meta":{"42wp_featured_image_caption":"","42wp_featured_image_credits":"","42wp_featured_video":"","42wp_featured_image_hidden":false,"42wp_authors_list":[],"footnotes":""},"categories":[2],"tags":[8866,546,209,147,1357,207,24837,800,1647,24836,28285,4122,547,87,203,90,82,5144,204,30309],"42wp_author":[47139],"class_list":["post-110161","post","type-post","status-publish","format-standard","has-post-thumbnail","hentry","category-f1","tag-budapeste","tag-carlos-sainz","tag-charles-leclerc","tag-f1","tag-f1-2022","tag-ferrari","tag-formula-1-2","tag-george-russell","tag-gp-da-hungria","tag-grande-premio-2","tag-grandepremio","tag-hungaroring","tag-lando-norris","tag-lewis-hamilton","tag-max-verstappen","tag-mclaren","tag-mercedes","tag-pilotos","tag-red-bull","tag-sergio-perez-4","42wp_author-ana-cerveira"],"_links":{"self":[{"href":"https:\/\/grandepremio.com\/br\/wp-json\/wp\/v2\/posts\/110161","targetHints":{"allow":["GET"]}}],"collection":[{"href":"https:\/\/grandepremio.com\/br\/wp-json\/wp\/v2\/posts"}],"about":[{"href":"https:\/\/grandepremio.com\/br\/wp-json\/wp\/v2\/types\/post"}],"replies":[{"embeddable":true,"href":"https:\/\/grandepremio.com\/br\/wp-json\/wp\/v2\/comments?post=110161"}],"version-history":[{"count":0,"href":"https:\/\/grandepremio.com\/br\/wp-json\/wp\/v2\/posts\/110161\/revisions"}],"wp:featuredmedia":[{"embeddable":true,"href":"https:\/\/grandepremio.com\/br\/wp-json\/wp\/v2\/media\/1000599907"}],"wp:attachment":[{"href":"https:\/\/grandepremio.com\/br\/wp-json\/wp\/v2\/media?parent=110161"}],"wp:term":[{"taxonomy":"category","embeddable":true,"href":"https:\/\/grandepremio.com\/br\/wp-json\/wp\/v2\/categories?post=110161"},{"taxonomy":"post_tag","embeddable":true,"href":"https:\/\/grandepremio.com\/br\/wp-json\/wp\/v2\/tags?post=110161"},{"taxonomy":"42wp_author","embeddable":true,"href":"https:\/\/grandepremio.com\/br\/wp-json\/wp\/v2\/42wp_author?post=110161"}],"curies":[{"name":"wp","href":"https:\/\/api.w.org\/{rel}","templated":true}]}}