{"id":110191,"date":"2022-07-30T12:24:12","date_gmt":"2022-07-30T15:24:12","guid":{"rendered":"https:\/\/grandepremio.com\/br\/noticias\/carlos-sainz-reconhece-feito-george-russell-hungria-lamenta-senti-tinha-ritmo-pole\/"},"modified":"2022-07-30T12:26:27","modified_gmt":"2022-07-30T15:26:27","slug":"carlos-sainz-reconhece-feito-george-russell-hungria-lamenta-senti-tinha-ritmo-pole","status":"publish","type":"post","link":"https:\/\/grandepremio.com\/br\/f1\/carlos-sainz-reconhece-feito-george-russell-hungria-lamenta-senti-tinha-ritmo-pole\/","title":{"rendered":"Sainz reconhece feito de Russell na Hungria e lamenta: &#8220;Senti que tinha ritmo para pole&#8221;"},"content":{"rendered":"\n<figure class=\"wp-block-embed is-type-video is-provider-youtube wp-block-embed-youtube wp-embed-aspect-16-9 wp-has-aspect-ratio\"><div class=\"wp-block-embed__wrapper\">\n<iframe loading=\"lazy\" title=\"F1 2022 NA HUNGRIA: RUSSELL TOMA POLE DE FERRARI E RED BULL. VERSTAPPEN \u00c9 10\u00ba | Briefing\" width=\"500\" height=\"281\" src=\"https:\/\/www.youtube.com\/embed\/0g3VKnS3rWk?feature=oembed\" frameborder=\"0\" allow=\"accelerometer; autoplay; clipboard-write; encrypted-media; gyroscope; picture-in-picture; web-share\" referrerpolicy=\"strict-origin-when-cross-origin\" allowfullscreen><\/iframe>\n<\/div><figcaption>F1 2022 AO VIVO: RUSSELL TOMA POLE DE FERRARI E RED BULL NA HUNGRIA. VERSTAPPEN \u00c9 10\u00ba | Briefing<\/figcaption><\/figure>\n\n\n\n<p class=\"wp-block-paragraph\">Quando Carlos Sainz cravou 1min17s421 no Q3 do treino classificat\u00f3rio da F1 na Hungria, neste s\u00e1bado (30), todos &#8211; at\u00e9 mesmo o pr\u00f3prio piloto da Ferrari &#8211; esperavam que tal marca seria o suficiente para garantir a pole-position. O que virtualmente ningu\u00e9m contava era que George Russell <a href=\"https:\/\/www.grandepremio.com\/br\/f1\/noticias\/george-russell-espanta-toma-pole-ferrari-red-bull-hungria-max-verstappen-problemas\/\" class=\"ek-link\">conseguisse voar na pista de Hungaroring<\/a> e conquistar a posi\u00e7\u00e3o de honra para a corrida de domingo &#8211; pela primeira vez na carreira.<\/p>\n\n\n\n<p class=\"wp-block-paragraph\">Ap\u00f3s a classifica\u00e7\u00e3o da F\u00f3rmula 1 para o GP da Hungria, Sainz parabenizou o rival da Mercedes e admitiu que havia sim, o sentimento de que o \u00faltimo tempo registrado no treino seria merecedor de pole-position. Ainda assim, n\u00e3o h\u00e1 cen\u00e1rio de terra arrasada, pelo contr\u00e1rio: o espanhol da Ferrari disse se sentir cada vez mais confort\u00e1vel na F1-75 e depositou esperan\u00e7a no ritmo da escuderia italiana em  Mogyor\u00f3d.<\/p>\n\n\n\n<p class=\"wp-block-paragraph\"><strong>\u25b6\ufe0f\u00a0Inscreva-se nos dois canais do GRANDE PR\u00caMIO no YouTube:\u00a0<a href=\"https:\/\/www.youtube.com\/channel\/UC9OlHEgxoaY6QY6nWPoiqQg?sub_confirmation=1\" target=\"_blank\" rel=\"noreferrer noopener\">GP<\/a>\u00a0|\u00a0<a href=\"https:\/\/www.youtube.com\/channel\/UC9csiS6q_C3C0FYhyr1rnFA?sub_confirmation=1\" target=\"_blank\" rel=\"noreferrer noopener\">GP2<\/a><\/strong><br><strong>\u25b6\ufe0f\u00a0<a href=\"https:\/\/www.twitch.tv\/grandepremio\" target=\"_blank\" rel=\"noreferrer noopener\">Conhe\u00e7a o canal do GRANDE PR\u00caMIO na Twitch clicando aqui!<\/a><\/strong><\/p>\n\n\n\n<figure class=\"wp-block-image size-large\"><img decoding=\"async\" src=\"https:\/\/www.grandepremio.com\/br\/wp-content\/uploads\/2022\/07\/ferrari-carlossainz-03-4-1024x682.jpg\" alt=\"\" class=\"wp-image-599898\"\/><figcaption>Ficou por pouco, n\u00e9 Sainz? (Foto: Ferrari)<\/figcaption><\/figure>\n\n\n\n<p class=\"wp-block-paragraph\">&#8220;Definitivamente, estou me sentindo melhor a cada corrida, a cada sess\u00e3o de classifica\u00e7\u00e3o. Hoje, senti que tinha o ritmo para conseguir a pole-position. Fugiu de n\u00f3s ali no \u00faltimo setor. Parab\u00e9ns para George (Russell), porque ele deve ter feito uma volta muito boa com a Mercedes&#8221;, reconheceu Sainz.<\/p>\n\n\n\n<p class=\"wp-block-paragraph\">&#8220;N\u00f3s temos o ritmo &#8211; obviamente o gerenciamento de pneus vai ser um fator-chave, como sempre. A velocidade da Mercedes \u00e9 um tanto quanto desconhecida. Teremos que ver como a corrida se desenrola amanh\u00e3. Se a gente conseguir alcan\u00e7ar eles logo na largada, melhor. Vai ser empolgante&#8221;, finalizou o espanhol.<\/p>\n\n\n\n<p class=\"wp-block-paragraph\">O\u00a0<strong>GRANDE PR\u00caMIO<\/strong>\u00a0acompanha\u00a0<a href=\"https:\/\/www.grandepremio.com\/br\/f1\/ao-vivo\"><strong>AO VIVO<\/strong>\u00a0e\u00a0<strong>EM\u00a0<\/strong><\/a><strong><a href=\"https:\/\/www.grandepremio.com\/br\/ao-vivo\/\" target=\"_blank\" rel=\"noreferrer noopener\">TEMPO REAL<\/a><\/strong>\u00a0todas as atividades do fim de semana do\u00a0GP da Hungria\u00a0de\u00a0F\u00f3rmula 1. No domingo, corrida tem a largada marcada para as 10h [de Bras\u00edlia, GMT-3].<\/p>\n\n\n\n<figure class=\"wp-block-embed is-type-rich is-provider-spotify wp-block-embed-spotify wp-embed-aspect-21-9 wp-has-aspect-ratio\"><div class=\"wp-block-embed__wrapper\">\n<iframe title=\"Spotify Embed: O que a Ferrari pode aprender com os erros e acertos do passado?\" style=\"border-radius: 12px\" width=\"100%\" height=\"152\" frameborder=\"0\" allowfullscreen allow=\"autoplay; clipboard-write; encrypted-media; fullscreen; picture-in-picture\" loading=\"lazy\" src=\"https:\/\/open.spotify.com\/embed\/episode\/7L1cJSoAvJpRNfigo8KoLM?utm_source=oembed\"><\/iframe>\n<\/div><\/figure>\n","protected":false},"excerpt":{"rendered":"<p>Piloto da Ferrari admitiu que imaginava ter feito o suficiente para garantir lugar de honra no grid de domingo. Ainda assim, nada de lamento: espanhol se disse confiante com as chances da Ferrari na corrida<\/p>\n","protected":false},"author":0,"featured_media":1000599897,"comment_status":"closed","ping_status":"closed","sticky":false,"template":"","format":"standard","meta":{"42wp_featured_image_caption":"","42wp_featured_image_credits":"","42wp_featured_video":"","42wp_featured_image_hidden":false,"42wp_authors_list":[],"footnotes":""},"categories":[2],"tags":[3350,546,147,1357,207,24837,31064,1647,32071,28685,32097,32098,32099,24836,28285,4122,7672],"42wp_author":[47143],"class_list":["post-110191","post","type-post","status-publish","format-standard","has-post-thumbnail","hentry","category-f1","tag-briefing","tag-carlos-sainz","tag-f1","tag-f1-2022","tag-ferrari","tag-formula-1-2","tag-formula-1-2022-3","tag-gp-da-hungria","tag-gp-da-hungria-2022","tag-gp-da-hungria-de-f1","tag-gp-da-hungria-de-f1-2022","tag-gp-da-hungria-de-formula-1","tag-gp-da-hungria-de-formula-1-2022","tag-grande-premio-2","tag-grandepremio","tag-hungaroring","tag-sainz","42wp_author-felipe-leite"],"_links":{"self":[{"href":"https:\/\/grandepremio.com\/br\/wp-json\/wp\/v2\/posts\/110191","targetHints":{"allow":["GET"]}}],"collection":[{"href":"https:\/\/grandepremio.com\/br\/wp-json\/wp\/v2\/posts"}],"about":[{"href":"https:\/\/grandepremio.com\/br\/wp-json\/wp\/v2\/types\/post"}],"replies":[{"embeddable":true,"href":"https:\/\/grandepremio.com\/br\/wp-json\/wp\/v2\/comments?post=110191"}],"version-history":[{"count":0,"href":"https:\/\/grandepremio.com\/br\/wp-json\/wp\/v2\/posts\/110191\/revisions"}],"wp:featuredmedia":[{"embeddable":true,"href":"https:\/\/grandepremio.com\/br\/wp-json\/wp\/v2\/media\/1000599897"}],"wp:attachment":[{"href":"https:\/\/grandepremio.com\/br\/wp-json\/wp\/v2\/media?parent=110191"}],"wp:term":[{"taxonomy":"category","embeddable":true,"href":"https:\/\/grandepremio.com\/br\/wp-json\/wp\/v2\/categories?post=110191"},{"taxonomy":"post_tag","embeddable":true,"href":"https:\/\/grandepremio.com\/br\/wp-json\/wp\/v2\/tags?post=110191"},{"taxonomy":"42wp_author","embeddable":true,"href":"https:\/\/grandepremio.com\/br\/wp-json\/wp\/v2\/42wp_author?post=110191"}],"curies":[{"name":"wp","href":"https:\/\/api.w.org\/{rel}","templated":true}]}}