{"id":110209,"date":"2022-07-29T16:49:55","date_gmt":"2022-07-29T19:49:55","guid":{"rendered":"https:\/\/grandepremio.com\/br\/noticias\/confira-declaracoes-pilotos-sexta-feira-gp-da-hungria-2022\/"},"modified":"2022-07-29T16:59:21","modified_gmt":"2022-07-29T19:59:21","slug":"confira-declaracoes-pilotos-sexta-feira-gp-da-hungria-2022","status":"publish","type":"post","link":"https:\/\/grandepremio.com\/br\/f1\/confira-declaracoes-pilotos-sexta-feira-gp-da-hungria-2022\/","title":{"rendered":"Confira declara\u00e7\u00f5es dos pilotos ap\u00f3s sexta-feira do GP da Hungria de 2022"},"content":{"rendered":"\n<figure class=\"wp-block-embed is-type-video is-provider-youtube wp-block-embed-youtube wp-embed-aspect-16-9 wp-has-aspect-ratio\"><div class=\"wp-block-embed__wrapper\">\n<iframe loading=\"lazy\" title=\"F1 2022 NA HUNGRIA: FERRARI LIDERA TREINOS LIVRES COM LECLERC. VERSTAPPEN \u00c9 4\u00ba  | Briefing\" width=\"500\" height=\"281\" src=\"https:\/\/www.youtube.com\/embed\/mYKaqBKheQE?feature=oembed\" frameborder=\"0\" allow=\"accelerometer; autoplay; clipboard-write; encrypted-media; gyroscope; picture-in-picture; web-share\" referrerpolicy=\"strict-origin-when-cross-origin\" allowfullscreen><\/iframe>\n<\/div><figcaption>F1 2022 AO VIVO: FERRARI LIDERA TREINOS LIVRES NA HUNGRIA COM LECLERC. VERSTAPPEN \u00c9 2\u00ba | Briefing<\/figcaption><\/figure>\n\n\n\n<p class=\"wp-block-paragraph\">O GP da Hungria realizou seu primeiro dia de atividades nesta sexta-feira (29), no Circuito de Hungaroring, com os dois primeiros treinos livres da 13\u00aa etapa da temporada 2022. E a Ferrari saiu por cima, com Carlos Sainz <a aria-label=\"no topo da tabela de tempos do TL1 (opens in a new tab)\" href=\"https:\/\/www.grandepremio.com\/br\/f1\/noticias\/carlos-sainz-supera-max-verstappen-abre-hungria-lider-tl1-hungaroring\/\" target=\"_blank\" rel=\"noreferrer noopener\" class=\"ek-link\">no topo da tabela de tempos do TL1<\/a> e Charles Leclerc <a aria-label=\"na lideran\u00e7a do TL2 (opens in a new tab)\" href=\"https:\/\/www.grandepremio.com\/br\/f1\/noticias\/charles-leclerc-responde-lidera-tl2-hungria-lando-norris-2-max-verstappen-4\/\" target=\"_blank\" rel=\"noreferrer noopener\" class=\"ek-link\">na lideran\u00e7a do TL2<\/a>. A Red Bull segue colada na rival, com Max Verstappen em segundo lugar no primeiro treino e em quarto no segundo.<\/p>\n\n\n\n<p class=\"wp-block-paragraph\">Al\u00e9m disso, destaque para a McLaren: Lando Norris colocou a equipe brit\u00e2nica duas vezes no top-5, com um quarto lugar no TL1 e a segunda coloca\u00e7\u00e3o no TL2. At\u00e9 mesmo Daniel Ricciardo, que n\u00e3o vive bons dias em Woking, conseguiu alcan\u00e7ar a quinta posi\u00e7\u00e3o no segundo treino livre.<\/p>\n\n\n\n<p class=\"wp-block-paragraph\">Desta forma, o top-10 do treino que fechou o dia ficou formado da seguinte forma: Leclerc, Norris, Sainz, Verstappen, Ricciardo, Fernando Alonso, Sebastian Vettel, George Russell, Sergio P\u00e9rez e Valtteri Bottas.<\/p>\n\n\n\n<p class=\"wp-block-paragraph\"><strong>\u25b6\ufe0f\u00a0<a href=\"https:\/\/www.twitch.tv\/grandepremio\" target=\"_blank\" rel=\"noreferrer noopener\">Conhe\u00e7a o canal do GRANDE PR\u00caMIO na Twitch clicando aqui!<\/a><\/strong><\/p>\n\n\n\n<figure class=\"wp-block-image size-large\"><img decoding=\"async\" src=\"https:\/\/www.grandepremio.com\/br\/wp-content\/uploads\/2022\/07\/ferrari-carlossainz-01-12-1024x683.jpg\" alt=\"\" class=\"wp-image-599430\"\/><figcaption>Carlos Sainz liderou o TL1, mas viu o companheiro Leclerc tomar o topo no TL2 (Foto: Ferrari)<\/figcaption><\/figure>\n\n\n\n<p class=\"wp-block-paragraph\"><strong>Confira todas as declara\u00e7\u00f5es dos pilotos ap\u00f3s a sexta-feira do GP da Hungria:<\/strong><\/p>\n\n\n\n<p class=\"wp-block-paragraph\"><strong>Charles Leclerc, primeiro:<\/strong> <a href=\"https:\/\/www.grandepremio.com\/br\/f1\/noticias\/charles-leclerc-ignora-lideranca-hungria-foco-mexer-acerto\/\" target=\"_blank\" aria-label=\"Leclerc ignora lideran\u00e7a na sexta-feira na Hungria: \u201cFoco em mexer no acerto\u201d (opens in a new tab)\" rel=\"noreferrer noopener\" class=\"ek-link\">Leclerc ignora lideran\u00e7a na sexta-feira na Hungria: \u201cFoco em mexer no acerto\u201d<\/a><\/p>\n\n\n\n<p class=\"wp-block-paragraph\"><strong>Lando Norris, segundo:<\/strong> <a href=\"https:\/\/www.grandepremio.com\/br\/f1\/noticias\/lando-norris-elogia-mclaren-hungria-alerta-somos-melhores-tl2-do-que-sabado\/\" target=\"_blank\" aria-label=\"Norris elogia McLaren na Hungria, mas alerta: \u201cSomos melhores no TL2 do que no s\u00e1bado\u201d (opens in a new tab)\" rel=\"noreferrer noopener\" class=\"ek-link\">Norris elogia McLaren na Hungria, mas alerta: \u201cSomos melhores no TL2 do que no s\u00e1bado\u201d<\/a><\/p>\n\n\n\n<p class=\"wp-block-paragraph\"><strong>Carlos Sainz, terceiro:<\/strong> <a href=\"https:\/\/www.grandepremio.com\/br\/f1\/noticias\/carlos-sainz-mantem-pes-chao-mas-elogia-ferrari-hungria-dia-positivo\/\" target=\"_blank\" aria-label=\"Sainz mant\u00e9m p\u00e9s no ch\u00e3o, mas elogia Ferrari na Hungria: \u201cDia positivo\u201d (opens in a new tab)\" rel=\"noreferrer noopener\" class=\"ek-link\">Sainz mant\u00e9m p\u00e9s no ch\u00e3o, mas elogia Ferrari na Hungria: \u201cDia positivo\u201d<\/a><\/p>\n\n\n\n<p class=\"wp-block-paragraph\"><strong>Max Verstappen, quarto:<\/strong> <a href=\"https:\/\/www.grandepremio.com\/br\/f1\/noticias\/max-verstappen-ferrari-frente-hungria-historia-pode-ser-diferente-chuva\/\" target=\"_blank\" aria-label=\"Verstappen v\u00ea Ferrari \u00e0 frente na Hungria, mas \u201chist\u00f3ria pode ser diferente com chuva\u201d (opens in a new tab)\" rel=\"noreferrer noopener\" class=\"ek-link\">Verstappen v\u00ea Ferrari \u00e0 frente na Hungria, mas \u201chist\u00f3ria pode ser diferente com chuva\u201d<\/a><\/p>\n\n\n\n<p class=\"wp-block-paragraph\"><strong>Daniel Ricciardo, quinto: <\/strong><a href=\"https:\/\/www.grandepremio.com\/br\/f1\/noticias\/daniel-ricciardo-sorri-dia-competitivo-mas-aponta-passo-nao-tao-grande\/\" target=\"_blank\" aria-label=\" (opens in a new tab)\" rel=\"noreferrer noopener\" class=\"ek-link\">Ricciardo sorri com \u201cdia competitivo\u201d na Hungria, mas aponta: \u201cPasso n\u00e3o t\u00e3o grande\u201d<\/a><\/p>\n\n\n\n<p class=\"wp-block-paragraph\"><strong>Fernando Alonso, sexto: <\/strong><a href=\"https:\/\/www.grandepremio.com\/br\/f1\/noticias\/fernando-alonso-sexta-feira-produtiva-alpine-hungria-carro-agradavel-pilotar\/\" target=\"_blank\" aria-label=\" (opens in a new tab)\" rel=\"noreferrer noopener\" class=\"ek-link\">Alonso fala em sexta-feira produtiva com Alpine na Hungria: \u201cCarro agrad\u00e1vel de pilotar\u201d<\/a><\/p>\n\n\n\n<p class=\"wp-block-paragraph\"><strong>Sebastian Vettel, s\u00e9timo: <\/strong><a href=\"https:\/\/www.grandepremio.com\/br\/f1\/noticias\/sebastian-vettel-ritmo-aston-martin-hungria-admite-carro-dificil-pilotar\/\" target=\"_blank\" aria-label=\" (opens in a new tab)\" rel=\"noreferrer noopener\" class=\"ek-link\">Vettel elogia ritmo da Aston Martin na Hungria, mas admite: \u201cCarro dif\u00edcil de pilotar\u201d<\/a><\/p>\n\n\n\n<p class=\"wp-block-paragraph\"><strong>George Russell, oitavo: <\/strong><a href=\"https:\/\/www.grandepremio.com\/br\/f1\/noticias\/george-russell-cre-mudancas-clima-hungria-mercedes-mais-longe-esperava\/\" target=\"_blank\" aria-label=\" (opens in a new tab)\" rel=\"noreferrer noopener\" class=\"ek-link\">Russell cr\u00ea em mudan\u00e7as no clima da Hungria, mas v\u00ea Mercedes \u201cmais longe que esperava\u201d<\/a><\/p>\n\n\n\n<p class=\"wp-block-paragraph\"><strong>Sergio P\u00e9rez, nono: <\/strong><a href=\"https:\/\/www.grandepremio.com\/br\/f1\/noticias\/sergio-perez-reconhece-ferrari-muito-forte-hungria-bastante-otimista\/\" target=\"_blank\" aria-label=\" (opens in a new tab)\" rel=\"noreferrer noopener\" class=\"ek-link\">P\u00e9rez reconhece Ferrari \u201cmuito forte\u201d na Hungria, mas se diz \u201cbastante otimista\u201d<\/a><\/p>\n\n\n\n<p class=\"wp-block-paragraph\"><strong>Valtteri Bottas, d\u00e9cimo: <\/strong>&#8220;Eu tive o TL2 para sentir um pouco do carro e das atualiza\u00e7\u00f5es que estamos trazendo para esta corrida. Acho que demos um passo \u00e0 frente em termos de ader\u00eancia, estamos indo na dire\u00e7\u00e3o certa: o pelot\u00e3o intermedi\u00e1rio estar\u00e1 pr\u00f3ximo como nunca, ent\u00e3o cada pequena melhoria pode lhe dar uma vantagem. Eu sei que h\u00e1 muito mais para vir de minha parte, ent\u00e3o estou satisfeito com o que fizemos hoje &#8211; n\u00e3o foi um mau come\u00e7o. Amanh\u00e3 pode ser um dia muito diferente no que diz respeito ao clima, mas trabalhamos para nos preparar para todas as condi\u00e7\u00f5es. No geral, o equil\u00edbrio do carro n\u00e3o \u00e9 ruim, ent\u00e3o acho que estamos em um bom lugar para domingo.&#8221;<\/p>\n\n\n\n<figure class=\"wp-block-image size-large\"><img decoding=\"async\" src=\"https:\/\/www.grandepremio.com\/br\/wp-content\/uploads\/2022\/07\/redbull-maxverstappen-01-14-1024x683.jpg\" alt=\"\" class=\"wp-image-599437\"\/><figcaption>Verstappen n\u00e3o conseguiu superar os carros da Ferrari neste primeiro dia na Hungria (Foto: Red Bull Content Pool)<\/figcaption><\/figure>\n\n\n\n<p class=\"wp-block-paragraph\"><strong>\u25b6\ufe0f&nbsp;Inscreva-se nos dois canais do GRANDE PR\u00caMIO no YouTube:&nbsp;<a href=\"https:\/\/www.youtube.com\/channel\/UC9OlHEgxoaY6QY6nWPoiqQg?sub_confirmation=1\" target=\"_blank\" rel=\"noreferrer noopener\">GP<\/a>&nbsp;|&nbsp;<a href=\"https:\/\/www.youtube.com\/channel\/UC9csiS6q_C3C0FYhyr1rnFA?sub_confirmation=1\" target=\"_blank\" rel=\"noreferrer noopener\">GP2<\/a><\/strong><\/p>\n\n\n\n<p class=\"wp-block-paragraph\"><strong>Lewis Hamilton, 11\u00ba: <\/strong><a href=\"https:\/\/www.grandepremio.com\/br\/f1\/noticias\/lewis-hamilton-maluquice-carro-mercedes-hungria-muda-pista-pista\/\" target=\"_blank\" aria-label=\" (opens in a new tab)\" rel=\"noreferrer noopener\" class=\"ek-link\">Hamilton critica \u201cmaluquice\u201d do W13 na Hungria: \u201cMuda de pista para pista\u201d<\/a><\/p>\n\n\n\n<p class=\"wp-block-paragraph\"><strong>Guanyu Zhou, 12\u00ba: <\/strong>&#8220;Hoje foi razoavelmente tranquilo, demos um passo \u00e0 frente \u00e0 tarde em compara\u00e7\u00e3o com o TL1, embora ainda haja muitas coisas para analisar durante a noite, na prepara\u00e7\u00e3o para s\u00e1bado. Espero que possamos ter um desempenho melhor amanh\u00e3 em compara\u00e7\u00e3o com os fins de semana anteriores, mas acho que \u00e9 seguro dizer que n\u00e3o estamos t\u00e3o mal. Nas condi\u00e7\u00f5es quentes de hoje, n\u00e3o tivemos tantas dificuldades em compara\u00e7\u00e3o com Paul Ricard, ent\u00e3o acho que o que precisa ser feito \u00e9 um ajuste fino para estar tudo pronto para amanh\u00e3. Como de costume, o pelot\u00e3o intermedi\u00e1rio est\u00e1 para ser apertado, ent\u00e3o precisamos apresentar nossas melhores performances e poder voltar ao Q2, que deve ser nosso objetivo base a partir de agora.&#8221;<\/p>\n\n\n\n<p class=\"wp-block-paragraph\"><strong>Esteban Ocon, 13\u00ba: <\/strong>&#8220;\u00c9 \u00f3timo estar de volta para pilotar em Budapeste, j\u00e1 que v\u00e1rias \u00f3timas mem\u00f3rias passam pela cabe\u00e7a. Em rela\u00e7\u00e3o ao nosso ritmo, foi bom somar mais duas sess\u00f5es de treinos livres. Ainda estamos inseguros em rela\u00e7\u00e3o \u00e0 previs\u00e3o do tempo para amanh\u00e3, e hoje pode ter sido a \u00fanica oportunidade de andar em pista seca que teremos antes da classifica\u00e7\u00e3o ou at\u00e9 mesmo da corrida. N\u00f3s extra\u00edmos um bom conhecimento de uma variedade de coisas, o que nos coloca em boa forma para o resto do final de semana. Como sabemos, a chuva aqui pode tornar as coisas interessantes. Ent\u00e3o, vamos ver como isso se desenrola e o que podemos alcan\u00e7ar.&#8221;<\/p>\n\n\n\n<p class=\"wp-block-paragraph\"><strong>Lance Stroll, 14\u00ba: <\/strong>&#8220;\u00c9 algo positivo que ainda estejamos trazendo atualiza\u00e7\u00f5es para o carro \u2014 vamos olhar os dados hoje \u00e0 noite para ver o impacto que elas est\u00e3o tendo. Hoje foi um bom dia. Na pista seca, parecemos estar bem no meio do pelot\u00e3o. Mas est\u00e1 muito apertado ali, com apenas alguns d\u00e9cimos de segundo separando a maioria. A previs\u00e3o para o resto do fim de semana \u00e9 incerta, ent\u00e3o \u00e9 dif\u00edcil prever aonde cada um vai se classificar amanh\u00e3 ou na corrida de domingo.&#8221;<\/p>\n\n\n\n<p class=\"wp-block-paragraph\"><strong>Pierre Gasly, 15\u00ba: <\/strong>&#8220;Fiquei muito feliz com a minha volta e consegui fazer uma boa no TL2. Em termos de desempenho, ainda n\u00e3o chegamos l\u00e1. Estamos &#8216;deslizando&#8217; muito, ent\u00e3o teremos que ver o que podemos mudar at\u00e9 amanh\u00e3 para sermos mais r\u00e1pidos. N\u00e3o h\u00e1 um grande problema com o equil\u00edbrio, e senti que estava realmente no limite, fazendo uma volta limpa, mas o tempo n\u00e3o parece refletir isso &#8211; ent\u00e3o precisamos analis\u00e1-lo esta noite. Com base na previs\u00e3o, amanh\u00e3 teremos chuva para a qualifica\u00e7\u00e3o, que s\u00e3o condi\u00e7\u00f5es em que gosto de pilotar. Espero encontrar algumas solu\u00e7\u00f5es para melhorar o carro, mas um pouco de chuva n\u00e3o seria ruim para n\u00f3s.&#8221;<\/p>\n\n\n\n<figure class=\"wp-block-image size-large\"><img decoding=\"async\" src=\"https:\/\/www.grandepremio.com\/br\/wp-content\/uploads\/2022\/07\/mclaren-landonorris-03-afp-1-1024x632.jpg\" alt=\"\" class=\"wp-image-599458\"\/><figcaption>Norris andou bem na Hungria e fechou o TL2 atr\u00e1s apenas de Leclerc (Foto: AFP)<\/figcaption><\/figure>\n\n\n\n<p class=\"wp-block-paragraph\"><strong>Kevin Magnussen, 16\u00ba: <\/strong>&#8220;Foi tranquilo, na verdade. N\u00e3o tivemos problemas, e o sentimento dentro do carro foi bom. Foi basicamente mais ou menos o que esper\u00e1vamos, ent\u00e3o estou feliz com isso. Teremos mais trabalho a fazer para extrair mais do carro, e isso vir\u00e1 com o tempo. At\u00e9 aqui, temos ido bem. Esperamos escalar o grid amanh\u00e3 e parece que vai ser na chuva, ent\u00e3o vai ser imprevis\u00edvel.&#8221;<\/p>\n\n\n\n<p class=\"wp-block-paragraph\"><strong>Mick Schumacher, 17\u00ba: <\/strong>&#8220;Foi um pouco complicado. \u00c9 uma quest\u00e3o de se acostumar com essa pista com esses novos carros \u2014 ela \u00e9 bem mais mec\u00e2nica, com muitas oscila\u00e7\u00f5es. Estamos descobrindo aonde est\u00e3o as oscila\u00e7\u00f5es no momento e tamb\u00e9m tentando adaptar a configura\u00e7\u00e3o do carro para o que precisamos aqui. Ainda precisamos trabalhar um pouco com muito e pouco combust\u00edvel, mas nosso principal foco \u00e9 com o tanque cheio. Na chuva, nosso carro geralmente tem sido forte, ent\u00e3o vamos esperar pelo melhor amanh\u00e3. Se tivermos tudo nos lugares certos, estaremos bem.&#8221;<\/p>\n\n\n\n<p class=\"wp-block-paragraph\"><strong>Nicholas Latifi, 18\u00ba: <\/strong>&#8220;No geral, foi um dia complicado com as condi\u00e7\u00f5es da pista e a temperatura &#8211; que, provavelmente, foram as mesmas para todos. Lutamos para acertar o equil\u00edbrio, ent\u00e3o ainda h\u00e1 um pouco de tempo de volta para extrair se conseguirmos arrumar um pouco mais o carro. Ainda h\u00e1 algumas coisas em que preciso trabalhar. Amanh\u00e3 pode fornecer algumas oportunidades com as condi\u00e7\u00f5es mistas, ent\u00e3o espero que possamos tirar proveito disso.&#8221;<\/p>\n\n\n\n<p class=\"wp-block-paragraph\"><strong>Yuki Tsunoda, 19\u00ba: <\/strong>&#8220;Hoje parece um grande retrocesso com rela\u00e7\u00e3o \u00e0 Fran\u00e7a, onde o carro estava se saindo muito bem. Aqui na Hungria, o equil\u00edbrio do carro n\u00e3o \u00e9 o ideal, estou realmente lutando muito com isso, ent\u00e3o precisamos ver com os engenheiros esta noite e descobrir qual \u00e9 o problema &#8211; para que possamos melhorar para amanh\u00e3. Parece que vai chover para a classifica\u00e7\u00e3o, ainda n\u00e3o tenho certeza de como me sinto sobre isso. Realmente depende do que podemos aprender da noite para o dia e quanto mais ritmo podemos encontrar no TL3.&#8221;<\/p>\n\n\n\n<p class=\"wp-block-paragraph\"><strong>Alexander Albon, 20\u00ba: <\/strong>&#8220;Na verdade, n\u00e3o fizemos uma sequ\u00eancia curta adequada e tivemos que encurt\u00e1-la, ent\u00e3o n\u00e3o foi uma sess\u00e3o tranquila hoje &#8211; mas, de qualquer maneira, vamos para amanh\u00e3 renovados. \u00c9 prov\u00e1vel que esteja molhado, ent\u00e3o ser\u00e1 &#8216;reset&#8217; para todos e n\u00e3o acho que (saldo de) hoje nos prejudique muito.&#8221;<\/p>\n\n\n\n<p class=\"wp-block-paragraph\"><strong>Robert Kubica, 19\u00ba no TL1: <\/strong>&#8220;\u00c9 sempre bom e interessante estar no carro, pois sempre h\u00e1 algo a aprender. Pela segunda vez consecutiva depois da Fran\u00e7a, as condi\u00e7\u00f5es da pista eram diferentes, fizemos alguns testes e descobrimos algumas coisas novas. Enfim, acho que fizemos um bom trabalho. Tivemos algumas atualiza\u00e7\u00f5es no carro, ent\u00e3o me certifiquei de ter calma para evitar qualquer dano, mas ainda me diverti um pouco. Fiz uma sequ\u00eancia no composto duro e depois troquei por macio &#8211; nunca \u00e9 o mais simples mudar de um composto para o outro, mas tudo correu bem.&#8221;<\/p>\n","protected":false},"excerpt":{"rendered":"<p>Os dois primeiros treinos livres da F\u00f3rmula 1 na Hungria tiveram a Ferrari no topo, com Carlos Sainz liderando o TL1 e Charles Leclerc tomando a ponta no TL2. Confira tudo que foi falado pelos pilotos<\/p>\n","protected":false},"author":0,"featured_media":1000599456,"comment_status":"closed","ping_status":"closed","sticky":false,"template":"","format":"standard","meta":{"42wp_featured_image_caption":"","42wp_featured_image_credits":"","42wp_featured_video":"","42wp_featured_image_hidden":false,"42wp_authors_list":[],"footnotes":""},"categories":[2],"tags":[8866,546,209,147,1357,207,24837,800,1647,24836,28285,4122,547,87,203,90,82,5144,204,30309],"42wp_author":[47142],"class_list":["post-110209","post","type-post","status-publish","format-standard","has-post-thumbnail","hentry","category-f1","tag-budapeste","tag-carlos-sainz","tag-charles-leclerc","tag-f1","tag-f1-2022","tag-ferrari","tag-formula-1-2","tag-george-russell","tag-gp-da-hungria","tag-grande-premio-2","tag-grandepremio","tag-hungaroring","tag-lando-norris","tag-lewis-hamilton","tag-max-verstappen","tag-mclaren","tag-mercedes","tag-pilotos","tag-red-bull","tag-sergio-perez-4","42wp_author-jp-nascimento"],"_links":{"self":[{"href":"https:\/\/grandepremio.com\/br\/wp-json\/wp\/v2\/posts\/110209","targetHints":{"allow":["GET"]}}],"collection":[{"href":"https:\/\/grandepremio.com\/br\/wp-json\/wp\/v2\/posts"}],"about":[{"href":"https:\/\/grandepremio.com\/br\/wp-json\/wp\/v2\/types\/post"}],"replies":[{"embeddable":true,"href":"https:\/\/grandepremio.com\/br\/wp-json\/wp\/v2\/comments?post=110209"}],"version-history":[{"count":0,"href":"https:\/\/grandepremio.com\/br\/wp-json\/wp\/v2\/posts\/110209\/revisions"}],"wp:featuredmedia":[{"embeddable":true,"href":"https:\/\/grandepremio.com\/br\/wp-json\/wp\/v2\/media\/1000599456"}],"wp:attachment":[{"href":"https:\/\/grandepremio.com\/br\/wp-json\/wp\/v2\/media?parent=110209"}],"wp:term":[{"taxonomy":"category","embeddable":true,"href":"https:\/\/grandepremio.com\/br\/wp-json\/wp\/v2\/categories?post=110209"},{"taxonomy":"post_tag","embeddable":true,"href":"https:\/\/grandepremio.com\/br\/wp-json\/wp\/v2\/tags?post=110209"},{"taxonomy":"42wp_author","embeddable":true,"href":"https:\/\/grandepremio.com\/br\/wp-json\/wp\/v2\/42wp_author?post=110209"}],"curies":[{"name":"wp","href":"https:\/\/api.w.org\/{rel}","templated":true}]}}