{"id":110212,"date":"2022-07-29T16:01:19","date_gmt":"2022-07-29T19:01:19","guid":{"rendered":"https:\/\/grandepremio.com\/br\/noticias\/sergio-perez-reconhece-ferrari-muito-forte-hungria-bastante-otimista\/"},"modified":"2022-07-29T16:06:44","modified_gmt":"2022-07-29T19:06:44","slug":"sergio-perez-reconhece-ferrari-muito-forte-hungria-bastante-otimista","status":"publish","type":"post","link":"https:\/\/grandepremio.com\/br\/f1\/sergio-perez-reconhece-ferrari-muito-forte-hungria-bastante-otimista\/","title":{"rendered":"P\u00e9rez reconhece Ferrari &#8220;muito forte&#8221; na Hungria, mas se diz &#8220;bastante otimista&#8221;"},"content":{"rendered":"\n<figure class=\"wp-block-embed is-type-video is-provider-youtube wp-block-embed-youtube wp-embed-aspect-16-9 wp-has-aspect-ratio\"><div class=\"wp-block-embed__wrapper\">\n<iframe loading=\"lazy\" title=\"F1 2022 NA HUNGRIA: FERRARI LIDERA TREINOS LIVRES COM LECLERC. VERSTAPPEN \u00c9 4\u00ba  | Briefing\" width=\"500\" height=\"281\" src=\"https:\/\/www.youtube.com\/embed\/mYKaqBKheQE?feature=oembed\" frameborder=\"0\" allow=\"accelerometer; autoplay; clipboard-write; encrypted-media; gyroscope; picture-in-picture; web-share\" referrerpolicy=\"strict-origin-when-cross-origin\" allowfullscreen><\/iframe>\n<\/div><figcaption>F1 NA HUNGRIA: FERRARI LIDERA TREINOS LIVRES COM LECLERC. VERSTAPPEN \u00c9 4\u00ba | Briefing<\/figcaption><\/figure>\n\n\n\n<p class=\"wp-block-paragraph\">Sergio P\u00e9rez foi somente o 6\u00ba colocado no TL1 e <a href=\"https:\/\/www.grandepremio.com\/br\/f1\/noticias\/charles-leclerc-responde-lidera-tl2-hungria-lando-norris-2-max-verstappen-4\/\" class=\"ek-link\">9\u00ba no TL2 desta sexta-feira (29)<\/a>, mas n\u00e3o h\u00e1 cen\u00e1rio de p\u00e2nico &#8211; muito pelo contr\u00e1rio. No primeiro dia de a\u00e7\u00f5es da F\u00f3rmula 1 em Hungaroring, para o GP da Hungria, o mexicano destacou que a prioridade da Red Bull foi a adequa\u00e7\u00e3o do pr\u00f3prio &#8216;Checo&#8217; ao b\u00f3lido taurino.<\/p>\n\n\n\n<p class=\"wp-block-paragraph\">&#8220;Foi um dia de testar v\u00e1rias coisas diferentes, para ficar confort\u00e1vel com o carro. Tivemos uma boa ideia, um bom entendimento de como o dia foi &#8211; ent\u00e3o, tomara que amanh\u00e3 a gente consiga mostrar o que aprendemos hoje. Tamb\u00e9m devemos transformar o ritmo de tanque cheio e tanque vazio. Estou bastante otimista, mas certamente a Ferrari pareceu estar muito forte aqui&#8221;, destacou P\u00e9rez.<\/p>\n\n\n\n<p class=\"wp-block-paragraph\">A Red Bull j\u00e1 esperava uma escuderia italiana forte na Hungria &#8211; visto que a F1-75 sempre teve uma vantagem no aspecto do downforce, enquanto a principal qualidade do RB18, a velocidade de reta, n\u00e3o se mostra t\u00e3o \u00fatil no tra\u00e7ado de Hungaroring.<\/p>\n\n\n\n<figure class=\"wp-block-image size-large\"><img decoding=\"async\" src=\"https:\/\/www.grandepremio.com\/br\/wp-content\/uploads\/2022\/07\/redbull-sergioperez-02-7-1024x683.jpg\" alt=\"\" class=\"wp-image-599351\"\/><figcaption>Sergio P\u00e9rez (Foto: Red Bull Content Pool)<\/figcaption><\/figure>\n\n\n\n<p class=\"wp-block-paragraph\">Por isso mesmo, P\u00e9rez enfatizou torcida por um elemento que pode embaralhar a ordem de for\u00e7as neste s\u00e1bado de treino classificat\u00f3rio: a chuva.<\/p>\n\n\n\n<p class=\"wp-block-paragraph\">&#8220;Eles (Ferrari) est\u00e3o, definitivamente, muito r\u00e1pidos. Espero que chova amanh\u00e3, para que as coisas fiquem mais no &#8216;mix&#8217;. Tamb\u00e9m espero que a gente consiga duelar com eles. Deve mexer bastante com o pelot\u00e3o e estou ansioso por isso&#8221;, pontuou, por fim, &#8216;Checo&#8217;.<\/p>\n\n\n\n<p class=\"wp-block-paragraph\">O\u00a0<strong>GRANDE PR\u00caMIO<\/strong>\u00a0acompanha\u00a0<a href=\"https:\/\/www.grandepremio.com\/br\/f1\/ao-vivo\"><strong>AO VIVO<\/strong>\u00a0e\u00a0<strong>EM\u00a0<\/strong><\/a><strong><a href=\"https:\/\/www.grandepremio.com\/br\/ao-vivo\/\" target=\"_blank\" rel=\"noreferrer noopener\">TEMPO REAL<\/a><\/strong>\u00a0todas as atividades do fim de semana do\u00a0GP da Hungria. No s\u00e1bado, o TL3 est\u00e1 marcado para as 8h (de Bras\u00edlia, GMT-3), enquanto a classifica\u00e7\u00e3o come\u00e7a \u00e0s 11h.<\/p>\n\n\n\n<p class=\"wp-block-paragraph\"><strong>\u25b6\ufe0f\u00a0Inscreva-se nos dois canais do GRANDE PR\u00caMIO no YouTube:\u00a0<a href=\"https:\/\/www.youtube.com\/channel\/UC9OlHEgxoaY6QY6nWPoiqQg?sub_confirmation=1\" target=\"_blank\" rel=\"noreferrer noopener\">GP<\/a>\u00a0|\u00a0<a href=\"https:\/\/www.youtube.com\/channel\/UC9csiS6q_C3C0FYhyr1rnFA?sub_confirmation=1\" target=\"_blank\" rel=\"noreferrer noopener\">GP2<\/a><\/strong><br><strong>\u25b6\ufe0f\u00a0<a href=\"https:\/\/www.twitch.tv\/grandepremio\" target=\"_blank\" rel=\"noreferrer noopener\">Conhe\u00e7a o canal do GRANDE PR\u00caMIO na Twitch clicando aqui!<\/a><\/strong><\/p>\n\n\n\n<figure class=\"wp-block-embed is-type-video is-provider-youtube wp-block-embed-youtube wp-embed-aspect-16-9 wp-has-aspect-ratio\"><div class=\"wp-block-embed__wrapper\">\n<iframe loading=\"lazy\" title=\"F\u00d3RMULA 1 2022: H\u00c1 CHANCE REAL DA MERCEDES TERMINAR \u00c0 FRENTE DA FERRARI?\" width=\"500\" height=\"281\" src=\"https:\/\/www.youtube.com\/embed\/dlDVqunRNps?feature=oembed\" frameborder=\"0\" allow=\"accelerometer; autoplay; clipboard-write; encrypted-media; gyroscope; picture-in-picture; web-share\" referrerpolicy=\"strict-origin-when-cross-origin\" allowfullscreen><\/iframe>\n<\/div><figcaption>F\u00d3RMULA 1 2022: H\u00c1 CHANCE REAL DA MERCEDES TERMINAR \u00c0 FRENTE DA FERRARI?<\/figcaption><\/figure>\n","protected":false},"excerpt":{"rendered":"<p>&#8220;Um dia de testar v\u00e1rias coisas diferentes&#8221;: foi assim que &#8216;Checo&#8217; definiu a sexta-feira da Red Bull em Hungaroring. O piloto taurino tamb\u00e9m mostrou muito otimismo de que os treinos livres ir\u00e3o fornecer um &#8220;bom entendimento&#8221; para o restante do fim de semana<\/p>\n","protected":false},"author":0,"featured_media":1000599438,"comment_status":"closed","ping_status":"closed","sticky":false,"template":"","format":"standard","meta":{"42wp_featured_image_caption":"","42wp_featured_image_credits":"","42wp_featured_video":"","42wp_featured_image_hidden":false,"42wp_authors_list":[],"footnotes":""},"categories":[2],"tags":[147,1357,24837,31064,1647,32071,24836,28285,4122,27382,30799,204,30309],"42wp_author":[47143],"class_list":["post-110212","post","type-post","status-publish","format-standard","has-post-thumbnail","hentry","category-f1","tag-f1","tag-f1-2022","tag-formula-1-2","tag-formula-1-2022-3","tag-gp-da-hungria","tag-gp-da-hungria-2022","tag-grande-premio-2","tag-grandepremio","tag-hungaroring","tag-perez","tag-rb18","tag-red-bull","tag-sergio-perez-4","42wp_author-felipe-leite"],"_links":{"self":[{"href":"https:\/\/grandepremio.com\/br\/wp-json\/wp\/v2\/posts\/110212","targetHints":{"allow":["GET"]}}],"collection":[{"href":"https:\/\/grandepremio.com\/br\/wp-json\/wp\/v2\/posts"}],"about":[{"href":"https:\/\/grandepremio.com\/br\/wp-json\/wp\/v2\/types\/post"}],"replies":[{"embeddable":true,"href":"https:\/\/grandepremio.com\/br\/wp-json\/wp\/v2\/comments?post=110212"}],"version-history":[{"count":0,"href":"https:\/\/grandepremio.com\/br\/wp-json\/wp\/v2\/posts\/110212\/revisions"}],"wp:featuredmedia":[{"embeddable":true,"href":"https:\/\/grandepremio.com\/br\/wp-json\/wp\/v2\/media\/1000599438"}],"wp:attachment":[{"href":"https:\/\/grandepremio.com\/br\/wp-json\/wp\/v2\/media?parent=110212"}],"wp:term":[{"taxonomy":"category","embeddable":true,"href":"https:\/\/grandepremio.com\/br\/wp-json\/wp\/v2\/categories?post=110212"},{"taxonomy":"post_tag","embeddable":true,"href":"https:\/\/grandepremio.com\/br\/wp-json\/wp\/v2\/tags?post=110212"},{"taxonomy":"42wp_author","embeddable":true,"href":"https:\/\/grandepremio.com\/br\/wp-json\/wp\/v2\/42wp_author?post=110212"}],"curies":[{"name":"wp","href":"https:\/\/api.w.org\/{rel}","templated":true}]}}