{"id":110216,"date":"2022-07-29T15:32:35","date_gmt":"2022-07-29T18:32:35","guid":{"rendered":"https:\/\/grandepremio.com\/br\/noticias\/assistir-ao-vivo-ep-de-londres-penultima-etapa-formula-e-2022\/"},"modified":"2022-07-29T16:59:40","modified_gmt":"2022-07-29T19:59:40","slug":"assistir-ao-vivo-ep-de-londres-penultima-etapa-formula-e-2022","status":"publish","type":"post","link":"https:\/\/grandepremio.com\/br\/formula-e\/assistir-ao-vivo-ep-de-londres-penultima-etapa-formula-e-2022\/","title":{"rendered":"Onde assistir ao vivo o eP de Londres, pen\u00faltima etapa da F\u00f3rmula E 2022"},"content":{"rendered":"\n<figure class=\"wp-block-embed is-type-video is-provider-youtube wp-block-embed-youtube wp-embed-aspect-16-9 wp-has-aspect-ratio\"><div class=\"wp-block-embed__wrapper\">\n<iframe loading=\"lazy\" title=\"F\u00d3RMULA E VOLTA A LONDRES EM PISTA MODIFICADA PARA PRIMEIRO MATCH POINT DO ANO\" width=\"500\" height=\"281\" src=\"https:\/\/www.youtube.com\/embed\/wz0KAq5P51o?feature=oembed\" frameborder=\"0\" allow=\"accelerometer; autoplay; clipboard-write; encrypted-media; gyroscope; picture-in-picture; web-share\" referrerpolicy=\"strict-origin-when-cross-origin\" allowfullscreen><\/iframe>\n<\/div><figcaption>F\u00d3RMULA E VOLTA A LONDRES EM PISTA MODIFICADA PARA PRIMEIRO MATCH POINT DO ANO<\/figcaption><\/figure>\n\n\n\n<p class=\"wp-block-paragraph\">Neste final de semana, a F\u00f3rmula E desembarca em Londres para a pen\u00faltima etapa da temporada 2021\/2022, com duas corridas marcadas para a ExCel Arena, situada na capital inglesa. E para quem quiser acompanhar todas as atividades da 13\u00aa e 14\u00aa corridas da categoria de monopostos el\u00e9tricos, as emo\u00e7\u00f5es se estendem desta sexta-feira (29), com os treinos livres, at\u00e9 o domingo, com a realiza\u00e7\u00e3o da segunda disputa.<\/p>\n\n\n\n<p class=\"wp-block-paragraph\">O final de semana da F\u00f3rmula E em Londres come\u00e7a j\u00e1 nesta sexta, com dois treinos livres: o primeiro est\u00e1 marcado para as 13h15, enquanto o segundo acontece \u00e0s 5h \u2014 madrugada de sexta para s\u00e1bado. Vale lembrar que cada treino livre tem 30 minutos previstos de dura\u00e7\u00e3o.<\/p>\n\n\n\n<p class=\"wp-block-paragraph\"><strong>\u25b6\ufe0f&nbsp;<a href=\"https:\/\/www.twitch.tv\/grandepremio\" target=\"_blank\" rel=\"noreferrer noopener\">Conhe\u00e7a o canal do GRANDE PR\u00caMIO na Twitch clicando aqui!<\/a><\/strong><\/p>\n\n\n\n<figure class=\"wp-block-image size-large\"><img decoding=\"async\" src=\"https:\/\/www.grandepremio.com\/br\/wp-content\/uploads\/2022\/07\/EPS813_161415_R3I7751-2048x2048-1-1024x683.jpg\" alt=\"\" class=\"wp-image-599502\"\/><figcaption>Treinos livres come\u00e7am nesta sexta na ExCel Arena (Foto: F\u00f3rmula E)<\/figcaption><\/figure>\n\n\n\n<p class=\"wp-block-paragraph\"><strong>\u25b6\ufe0f&nbsp;Inscreva-se nos dois canais do GRANDE PR\u00caMIO no YouTube:&nbsp;<a href=\"https:\/\/www.youtube.com\/channel\/UC9OlHEgxoaY6QY6nWPoiqQg?sub_confirmation=1\" target=\"_blank\" rel=\"noreferrer noopener\">GP<\/a>&nbsp;|&nbsp;<a href=\"https:\/\/www.youtube.com\/channel\/UC9csiS6q_C3C0FYhyr1rnFA?sub_confirmation=1\" target=\"_blank\" rel=\"noreferrer noopener\">GP2<\/a><\/strong><\/p>\n\n\n\n<p class=\"wp-block-paragraph\">No s\u00e1bado, al\u00e9m do segundo treino livre no in\u00edcio da manh\u00e3, pilotos e equipes aquecem os motores para a disputa da classifica\u00e7\u00e3o \u00e0s 6h40, com a primeira corrida do final de semana marcada para as 11h. Por fim, a F\u00f3rmula E realiza seu terceiro e \u00faltimo treino no domingo, \u00e0s 4h30, com os mesmos hor\u00e1rios para classifica\u00e7\u00e3o e corrida: 6h40 e 11h, respectivamente.<\/p>\n\n\n\n<p class=\"wp-block-paragraph\">A TV Cultura e o SporTV 3 transmitem as emo\u00e7\u00f5es das duas classifica\u00e7\u00f5es e da corrida, enquanto os treinos livres est\u00e3o dispon\u00edveis ao vivo no canal da F\u00f3rmula E no YouTube. O Mundial de Pilotos da categoria tem Stoffel Vandoorne na lideran\u00e7a, seguido de perto por Edoardo Mortara \u2014 apenas 11 pontos atr\u00e1s \u2014 e Mitch Evans na terceira coloca\u00e7\u00e3o.<\/p>\n\n\n\n<p class=\"wp-block-paragraph\"><strong>LEIA MAIS<br>\u2014 <a href=\"https:\/\/www.grandepremio.com\/br\/formula-e\/noticias\/stoffel-vandoorne-retoma-lideranca-formula-e-podio-nova-york-classificacao\/\" target=\"_blank\" aria-label=\"Confira a classifica\u00e7\u00e3o da F\u00f3rmula E (opens in a new tab)\" rel=\"noreferrer noopener\" class=\"ek-link\">Confira a classifica\u00e7\u00e3o da F\u00f3rmula E<\/a><br>\u2014 <a href=\"https:\/\/www.grandepremio.com\/br\/programacao-tv\/noticias\/as-corridas-do-fim-de-semana-na-tv-e-no-streaming-29-a-31-de-julho\/\" target=\"_blank\" aria-label=\"Confira a programa\u00e7\u00e3o completa do final de semana (opens in a new tab)\" rel=\"noreferrer noopener\" class=\"ek-link\">Confira a programa\u00e7\u00e3o completa do final de semana<\/a><\/strong><\/p>\n\n\n\n<p class=\"wp-block-paragraph\">O encerramento do campeonato est\u00e1 previsto para os dias 13 e 14 de agosto, com a estreia do eP de Seul.<\/p>\n","protected":false},"excerpt":{"rendered":"<p>A F\u00f3rmula E parte para a pen\u00faltima etapa da temporada com duas corridas na ExCel Arena, em Londres, e voc\u00ea confere aqui os hor\u00e1rios e onde acompanhar todas as atividades deste fim de semana<\/p>\n","protected":false},"author":0,"featured_media":1000599503,"comment_status":"closed","ping_status":"closed","sticky":false,"template":"","format":"standard","meta":{"42wp_featured_image_caption":"","42wp_featured_image_credits":"","42wp_featured_video":"","42wp_featured_image_hidden":false,"42wp_authors_list":[],"footnotes":""},"categories":[19],"tags":[1566,19052,379,27903,840,28327,1601,24836,28285,26133,32066,32067,25771,25286],"42wp_author":[47142],"class_list":["post-110216","post","type-post","status-publish","format-standard","has-post-thumbnail","hentry","category-formula-e","tag-ao-vivo","tag-ep-de-londres","tag-fe","tag-fe-2022","tag-formula-e","tag-formula-e-2022","tag-gen3","tag-grande-premio-2","tag-grandepremio","tag-horarios","tag-london","tag-londoneprix","tag-programacao","tag-transmissao","42wp_author-jp-nascimento"],"_links":{"self":[{"href":"https:\/\/grandepremio.com\/br\/wp-json\/wp\/v2\/posts\/110216","targetHints":{"allow":["GET"]}}],"collection":[{"href":"https:\/\/grandepremio.com\/br\/wp-json\/wp\/v2\/posts"}],"about":[{"href":"https:\/\/grandepremio.com\/br\/wp-json\/wp\/v2\/types\/post"}],"replies":[{"embeddable":true,"href":"https:\/\/grandepremio.com\/br\/wp-json\/wp\/v2\/comments?post=110216"}],"version-history":[{"count":0,"href":"https:\/\/grandepremio.com\/br\/wp-json\/wp\/v2\/posts\/110216\/revisions"}],"wp:featuredmedia":[{"embeddable":true,"href":"https:\/\/grandepremio.com\/br\/wp-json\/wp\/v2\/media\/1000599503"}],"wp:attachment":[{"href":"https:\/\/grandepremio.com\/br\/wp-json\/wp\/v2\/media?parent=110216"}],"wp:term":[{"taxonomy":"category","embeddable":true,"href":"https:\/\/grandepremio.com\/br\/wp-json\/wp\/v2\/categories?post=110216"},{"taxonomy":"post_tag","embeddable":true,"href":"https:\/\/grandepremio.com\/br\/wp-json\/wp\/v2\/tags?post=110216"},{"taxonomy":"42wp_author","embeddable":true,"href":"https:\/\/grandepremio.com\/br\/wp-json\/wp\/v2\/42wp_author?post=110216"}],"curies":[{"name":"wp","href":"https:\/\/api.w.org\/{rel}","templated":true}]}}