{"id":110230,"date":"2022-07-29T12:32:02","date_gmt":"2022-07-29T15:32:02","guid":{"rendered":"https:\/\/grandepremio.com\/br\/noticias\/red-bull-exalta-implacavel-sebastian-vettel-busca-desempenho-prazer-trabalhar-com-ele\/"},"modified":"2022-07-29T12:47:36","modified_gmt":"2022-07-29T15:47:36","slug":"red-bull-exalta-implacavel-sebastian-vettel-busca-desempenho-prazer-trabalhar-com-ele","status":"publish","type":"post","link":"https:\/\/grandepremio.com\/br\/f1\/red-bull-exalta-implacavel-sebastian-vettel-busca-desempenho-prazer-trabalhar-com-ele\/","title":{"rendered":"Red Bull exalta &#8220;implac\u00e1vel&#8221; Vettel na busca por desempenho: &#8220;Prazer trabalhar com ele&#8221;"},"content":{"rendered":"\n<figure class=\"wp-block-embed is-type-video is-provider-youtube wp-block-embed-youtube wp-embed-aspect-16-9 wp-has-aspect-ratio\"><div class=\"wp-block-embed__wrapper\">\n<iframe loading=\"lazy\" title=\"SEBASTIAN VETTEL SE APOSENTA EM 2022: F\u00d3RMULA 1 PERDE UM DOS GRANDES | WGP\" width=\"500\" height=\"281\" src=\"https:\/\/www.youtube.com\/embed\/KNVdTunm_pk?feature=oembed\" frameborder=\"0\" allow=\"accelerometer; autoplay; clipboard-write; encrypted-media; gyroscope; picture-in-picture; web-share\" referrerpolicy=\"strict-origin-when-cross-origin\" allowfullscreen><\/iframe>\n<\/div><\/figure>\n\n\n\n<p class=\"wp-block-paragraph\">Foi com a Red Bull que Sebastian Vettel alcan\u00e7ou o status de lenda na F\u00f3rmula 1. Com a equipe austr\u00edaca, o alem\u00e3o conquistou nada menos do que quatro t\u00edtulos e 38 das suas 53 vit\u00f3rias na categoria. Ele ainda anotou 44 pole-positions e ajudou a levar a base de Milton Keynes para o grupo das grandes na era moderna da F1. Feitos que s\u00f3 refletem o comprometimento de Vettel na busca pelo melhor desempenho, na vis\u00e3o de Christian Horner.<\/p>\n\n\n\n<p class=\"wp-block-paragraph\">\u00c0 imprensa, o chefe da Red Bull classificou Vettel como &#8220;implac\u00e1vel&#8221;. &#8220;Fiquei triste com o an\u00fancio [da aposentadoria de Seb] por um lado. Por outro, \u00e9 o momento certo para ele&#8221;, avaliou o dirigente ingl\u00eas. &#8220;Ele foi uma grande parte da nossa equipe. Foi um prazer trabalhar com ele, ele estava comprometido. Foi implac\u00e1vel em sua busca por desempenho.&#8221;<\/p>\n\n\n\n<p class=\"wp-block-paragraph\"><strong>\u25b6\ufe0f\u00a0Inscreva-se nos dois canais do GRANDE PR\u00caMIO no YouTube:\u00a0<a href=\"https:\/\/www.youtube.com\/channel\/UC9OlHEgxoaY6QY6nWPoiqQg?sub_confirmation=1\" target=\"_blank\" rel=\"noreferrer noopener\">GP<\/a>\u00a0|\u00a0<a href=\"https:\/\/www.youtube.com\/channel\/UC9csiS6q_C3C0FYhyr1rnFA?sub_confirmation=1\" target=\"_blank\" rel=\"noreferrer noopener\">GP2<\/a><\/strong><br><strong>\u25b6\ufe0f\u00a0<a href=\"https:\/\/www.twitch.tv\/grandepremio\" target=\"_blank\" rel=\"noreferrer noopener\">Conhe\u00e7a o canal do GRANDE PR\u00caMIO na Twitch clicando aqui!<\/a><\/strong><\/p>\n\n\n\n<figure class=\"wp-block-image size-large\"><img decoding=\"async\" src=\"https:\/\/www.grandepremio.com\/br\/wp-content\/uploads\/2022\/07\/Vettel-trofeus-Red-Bull-1024x576.jpg\" alt=\"\" class=\"wp-image-599061\"\/><figcaption>Sebastian Vettel conquistou 38 das suas 53 vit\u00f3rias com a Red Bull (Foto: Reprodu\u00e7\u00e3o\/Red Bull)<\/figcaption><\/figure>\n\n\n\n<p class=\"wp-block-paragraph\">&#8220;Provavelmente, \u00e9 um dos pilotos mais esfor\u00e7ados que j\u00e1 conheci, um cara muito legal. Quatro t\u00edtulos mundiais. Houve momentos em que ele esteve num campeonato pr\u00f3prio, e eu apenas desejo a ele o melhor e que essas \u00faltimas dez corridas sejam seguras e agrad\u00e1veis&#8221;, salientou Horner.<\/p>\n\n\n\n<p class=\"wp-block-paragraph\">Em 2015, o vitorioso ciclo com a Red Bull chegava ao fim. Vettel come\u00e7aria a partir dali um dos seus maiores desafios na carreira, conduzir a Ferrari em busca de um t\u00edtulo de Pilotos que n\u00e3o vinha desde 2007, com a conquista de Kimi R\u00e4ikk\u00f6nen.<\/p>\n\n\n\n<p class=\"wp-block-paragraph\">Horner foi questionado sobre o sentimento ao ver o tetracampe\u00e3o indo para a rival italiana, mas disse que encarou a mudan\u00e7a com naturalidade. &#8220;N\u00e3o t\u00ednhamos um carro competitivo e n\u00e3o est\u00e1vamos em uma posi\u00e7\u00e3o competitiva naquela \u00e9poca.&#8221;<\/p>\n\n\n\n<p class=\"wp-block-paragraph\">&#8220;A Mercedes tinha enorme vantagem, e a Ferrari parecia estar em ascens\u00e3o. A Renault n\u00e3o parecia que ia se acertar t\u00e3o cedo. Era a coisa certa a se fazer naquele momento, e ele tinha a sensa\u00e7\u00e3o de seguir os passos de Michael Schumacher. A atra\u00e7\u00e3o sobre a Ferrari era porque, na ocasi\u00e3o, n\u00e3o pod\u00edamos fornecer a ele um carro competitivo, mas foi algo compress\u00edvel&#8221;, concluiu o chefe da Red Bull.<\/p>\n\n\n\n<p class=\"wp-block-paragraph\">Vettel anunciou na quinta-feira (28) que a temporada 2022 seria a sua \u00faltima na\u00a0<a href=\"https:\/\/www.grandepremio.com\/formula-1\/\" target=\"_blank\" rel=\"noreferrer noopener\">F\u00f3rmula 1<\/a>. Na semana passada, o tetracampe\u00e3o de 35 anos tinha manifestado o interesse em renovar o v\u00ednculo com a\u00a0<a href=\"https:\/\/www.grandepremio.com\/br\/equipe\/f1\/2020\/aston-martin-f1-team\/\" target=\"_blank\" rel=\"noreferrer noopener\"><\/a><a href=\"https:\/\/www.grandepremio.com\/br\/equipe\/f1\/2020\/aston-martin-f1-team\/\" target=\"_blank\" rel=\"noreferrer noopener\"><\/a><a href=\"https:\/\/www.grandepremio.com\/br\/equipe\/f1\/2020\/aston-martin-f1-team\/\" target=\"_blank\" rel=\"noreferrer noopener\">Aston Martin<\/a>, mas justificou que deseja passar mais tempo com a fam\u00edlia.<\/p>\n\n\n\n<p class=\"wp-block-paragraph\">Na F1, Vettel disputou 289 corridas e ter\u00e1 mais 11 pela frente at\u00e9 se despedir da categoria. Assim, chegar\u00e1 aos 300 GPs. Neste per\u00edodo, venceu 53 corridas, foi a 122 p\u00f3dios, anotou 57 poles e conquistou quatro t\u00edtulos mundiais.<\/p>\n\n\n\n<p class=\"wp-block-paragraph\">Sebastian est\u00e1 empatado com Alain Prost como tetracampe\u00e3o mundial, atr\u00e1s apenas de outros tr\u00eas pilotos com mais conquistas; \u00e9 o mais jovem da hist\u00f3ria a fazer pole e vit\u00f3ria no mesmo fim de semana (21 anos e 73 dias,\u00a0<a href=\"https:\/\/www.grandepremio.com\/br\/etapa\/f1\/gp-da-italia-formula-1-2022\/\" target=\"_blank\" rel=\"noreferrer noopener\">GP da It\u00e1lia<\/a>\u00a0de 2008) e o mais jovem da hist\u00f3ria a fazer pole, vit\u00f3ria e volta mais r\u00e1pida (21 anos e 353 dias,\u00a0<a href=\"https:\/\/www.grandepremio.com\/br\/etapa\/f1\/gp-da-inglaterra-formula-1-2022\/\" target=\"_blank\" rel=\"noreferrer noopener\"><\/a><a href=\"https:\/\/www.grandepremio.com\/br\/etapa\/f1\/gp-da-inglaterra-formula-1-2022\/\" target=\"_blank\" rel=\"noreferrer noopener\">GP da Inglaterra<\/a>\u00a0de 2009). \u00c9, junto de Nigel Mansell em 1992, o piloto com mais vit\u00f3rias partindo da pole num mesmo ano (nove, 2011). Vettel \u00e9 o terceiro piloto com mais vit\u00f3rias e voltas lideradas, o quarto com mais poles e o s\u00e9timo com mais corridas da hist\u00f3ria.<\/p>\n\n\n\n<p class=\"wp-block-paragraph\"><strong>LEIA TAMB\u00c9M<br><a href=\"https:\/\/www.grandepremio.com\/br\/f1\/noticias\/sebastian-vettel-fala-filhas-acoes-clima-justificar-saida-formula-1-metas-mudaram\/\">+Vettel menciona filhas e a\u00e7\u00f5es pelo clima ao justificar retirada da F1<\/a><br><a href=\"https:\/\/www.grandepremio.com\/br\/f1\/noticias\/lenda-carreira-notavel-formula-1-celebra-sebastian-vettel-apos-anuncio-aposentadoria\/\">+\u2019Lenda e carreira not\u00e1vel\u2019: a\u00a0<\/a><a href=\"https:\/\/www.grandepremio.com\/formula-1\/\" target=\"_blank\" rel=\"noreferrer noopener\">F1\u00a0<\/a>comemora Vettel por aposentadoria<br><a href=\"https:\/\/www.grandepremio.com\/br\/f1\/noticias\/lewis-hamilton-declara-amor-sebastian-vettel-deixa-esporte-melhor-encontrou\/\">+Hamilton afirma que Vettel \u2018deixa esporte melhor do que encontrou\u2019<\/a><br><a href=\"https:\/\/www.grandepremio.com\/br\/web-stories\/f1\/sebastian-vettel-carreira-numeros\/\">+Sebastian Vettel: todos n\u00fameros e os feitos da carreira na\u00a0<\/a><a href=\"https:\/\/www.grandepremio.com\/formula-1\/\" target=\"_blank\" rel=\"noreferrer noopener\"><\/a><a href=\"https:\/\/www.grandepremio.com\/formula-1\/\" target=\"_blank\" rel=\"noreferrer noopener\">F\u00f3rmula 1<\/a><\/strong><\/p>\n","protected":false},"excerpt":{"rendered":"<p>Christian Horner, chefe da Red Bull, rasgou elogios a Sebastian Vettel, dizendo ainda que encarou a ida do alem\u00e3o para a Ferrari em 2015 como &#8220;a coisa certa a se fazer naquele momento&#8221;<\/p>\n","protected":false},"author":0,"featured_media":1000572878,"comment_status":"closed","ping_status":"closed","sticky":false,"template":"","format":"standard","meta":{"42wp_featured_image_caption":"","42wp_featured_image_credits":"","42wp_featured_video":"","42wp_featured_image_hidden":false,"42wp_authors_list":[],"footnotes":""},"categories":[2],"tags":[309,655,147,1357,207,24837,1647,204,210,30986],"42wp_author":[47147],"class_list":["post-110230","post","type-post","status-publish","format-standard","has-post-thumbnail","hentry","category-f1","tag-aston-martin","tag-christian-horner","tag-f1","tag-f1-2022","tag-ferrari","tag-formula-1-2","tag-gp-da-hungria","tag-red-bull","tag-sebastian-vettel","tag-temporada-2022-f1","42wp_author-luana-marino"],"_links":{"self":[{"href":"https:\/\/grandepremio.com\/br\/wp-json\/wp\/v2\/posts\/110230","targetHints":{"allow":["GET"]}}],"collection":[{"href":"https:\/\/grandepremio.com\/br\/wp-json\/wp\/v2\/posts"}],"about":[{"href":"https:\/\/grandepremio.com\/br\/wp-json\/wp\/v2\/types\/post"}],"replies":[{"embeddable":true,"href":"https:\/\/grandepremio.com\/br\/wp-json\/wp\/v2\/comments?post=110230"}],"version-history":[{"count":0,"href":"https:\/\/grandepremio.com\/br\/wp-json\/wp\/v2\/posts\/110230\/revisions"}],"wp:featuredmedia":[{"embeddable":true,"href":"https:\/\/grandepremio.com\/br\/wp-json\/wp\/v2\/media\/1000572878"}],"wp:attachment":[{"href":"https:\/\/grandepremio.com\/br\/wp-json\/wp\/v2\/media?parent=110230"}],"wp:term":[{"taxonomy":"category","embeddable":true,"href":"https:\/\/grandepremio.com\/br\/wp-json\/wp\/v2\/categories?post=110230"},{"taxonomy":"post_tag","embeddable":true,"href":"https:\/\/grandepremio.com\/br\/wp-json\/wp\/v2\/tags?post=110230"},{"taxonomy":"42wp_author","embeddable":true,"href":"https:\/\/grandepremio.com\/br\/wp-json\/wp\/v2\/42wp_author?post=110230"}],"curies":[{"name":"wp","href":"https:\/\/api.w.org\/{rel}","templated":true}]}}