{"id":110242,"date":"2022-07-29T07:40:41","date_gmt":"2022-07-29T10:40:41","guid":{"rendered":"https:\/\/grandepremio.com\/br\/noticias\/formula-1encara-chances-chuva-temperaturas-mais-altas-ano-chance-chuva-sexta-hungria\/"},"modified":"2022-07-29T10:34:00","modified_gmt":"2022-07-29T13:34:00","slug":"formula-1encara-chances-chuva-temperaturas-mais-altas-ano-chance-chuva-sexta-hungria","status":"publish","type":"post","link":"https:\/\/grandepremio.com\/br\/f1\/formula-1encara-chances-chuva-temperaturas-mais-altas-ano-chance-chuva-sexta-hungria\/","title":{"rendered":"F\u00f3rmula 1 encara maiores temperaturas do ano e chances de chuva na sexta da Hungria"},"content":{"rendered":"\n<figure class=\"wp-block-embed is-type-video is-provider-youtube wp-block-embed-youtube wp-embed-aspect-16-9 wp-has-aspect-ratio\"><div class=\"wp-block-embed__wrapper\">\n<iframe loading=\"lazy\" title=\"SEBASTIAN VETTEL SE APOSENTA EM 2022: F\u00d3RMULA 1 PERDE UM DOS GRANDES | WGP\" width=\"500\" height=\"281\" src=\"https:\/\/www.youtube.com\/embed\/KNVdTunm_pk?feature=oembed\" frameborder=\"0\" allow=\"accelerometer; autoplay; clipboard-write; encrypted-media; gyroscope; picture-in-picture; web-share\" referrerpolicy=\"strict-origin-when-cross-origin\" allowfullscreen><\/iframe>\n<\/div><figcaption>SEBASTIAN VETTEL SE APOSENTA EM 2022: F\u00d3RMULA 1 PERDE UM DOS GRANDES | WGP<\/figcaption><\/figure>\n\n\n\n<p class=\"wp-block-paragraph\">O primeiro dia de atividades de pista do GP da Hungria de F\u00f3rmula 1, nesta sexta-feira (29), ter\u00e1 as temperaturas mais altas do ano at\u00e9 agora para o campeonato. Ao mesmo tempo, ainda lida com expectativa de chuva para algum momento da tarde na cidade de Magyor\u00f3d, regi\u00e3o metropolitana de Budapeste, onde est\u00e1 o circuito de Hungaroring.<\/p>\n\n\n\n<p class=\"wp-block-paragraph\"><strong>\u25b6\ufe0f\u00a0Inscreva-se nos dois canais do GRANDE PR\u00caMIO no YouTube:\u00a0<a href=\"https:\/\/www.youtube.com\/channel\/UC9OlHEgxoaY6QY6nWPoiqQg?sub_confirmation=1\" target=\"_blank\" rel=\"noreferrer noopener\">GP<\/a>\u00a0|\u00a0<a href=\"https:\/\/www.youtube.com\/channel\/UC9csiS6q_C3C0FYhyr1rnFA?sub_confirmation=1\" target=\"_blank\" rel=\"noreferrer noopener\">GP2<\/a><\/strong><br><strong>\u25b6\ufe0f\u00a0<a href=\"https:\/\/www.twitch.tv\/grandepremio\" target=\"_blank\" rel=\"noreferrer noopener\">Conhe\u00e7a o canal do GRANDE PR\u00caMIO na Twitch clicando aqui!<\/a><\/strong><\/p>\n\n\n\n<p class=\"wp-block-paragraph\">Os carros come\u00e7am a acelerar \u00e0s 14h do hor\u00e1rio local [9h de Bras\u00edlia, GMT-3]. No momento em que os carros da F\u00f3rmula 1 tomarem a pista, a temperatura esperada para o local \u00e9 de 32\u00b0C com a sensa\u00e7\u00e3o t\u00e9rmica chegando a 35\u00b0C e com sol reinando entre algumas nuvens no c\u00e9u.<\/p>\n\n\n\n<p class=\"wp-block-paragraph\">As informa\u00e7\u00f5es s\u00e3o do servi\u00e7o de meteorologia Accuweather. A chance de chuva chega a 43% e aumenta at\u00e9 47% ao longo da hora, enquanto a temperatura tamb\u00e9m sobe um pouco, para 33\u00b0C, mas n\u00e3o a sensa\u00e7\u00e3o. A umidade relativa do ar fica em 19%, ao passo que os ventos contam com m\u00e9dia de 9km\/h e rajadas de at\u00e9 19 km\/h.<\/p>\n\n\n\n<figure class=\"wp-block-image size-large\"><img decoding=\"async\" src=\"https:\/\/www.grandepremio.com\/br\/wp-content\/uploads\/2022\/07\/GPF2-9-1024x683.jpeg\" alt=\"\" class=\"wp-image-599282\"\/><figcaption>F\u00f3rmula 1 retorna a Hungaroring (Foto: Ferrari)<\/figcaption><\/figure>\n\n\n\n<figure class=\"wp-block-embed is-type-rich is-provider-spotify wp-block-embed-spotify wp-embed-aspect-21-9 wp-has-aspect-ratio\"><div class=\"wp-block-embed__wrapper\">\n<iframe title=\"Spotify Embed: O que a Ferrari pode aprender com os erros e acertos do passado?\" style=\"border-radius: 12px\" width=\"100%\" height=\"152\" frameborder=\"0\" allowfullscreen allow=\"autoplay; clipboard-write; encrypted-media; fullscreen; picture-in-picture\" loading=\"lazy\" src=\"https:\/\/open.spotify.com\/embed\/episode\/7L1cJSoAvJpRNfigo8KoLM?utm_source=oembed\"><\/iframe>\n<\/div><figcaption>Paddockast #158: O que a Ferrari pode aprender com os erros e acertos do passado?<\/figcaption><\/figure>\n\n\n\n<p class=\"wp-block-paragraph\">Ao longo das duas horas seguinte, h\u00e1 a expectativa de que haja chuva e at\u00e9 trov\u00f5es at\u00e9 que, \u00e0s 17h [12h de Bras\u00edlia, GMT-3], a expectativa \u00e9 do c\u00e9u nublado e 38% de chances de chover novamente, com queda at\u00e9 32% no fim da hora.<\/p>\n\n\n\n<p class=\"wp-block-paragraph\">A temperatura, entretanto, segue parecida para a F\u00f3rmula 1: 34\u00b0C e sensa\u00e7\u00e3o t\u00e9rmica de 33\u00b0C, que caem respectivamente para 33\u00b0C e 31\u00b0C durante a hora. A umidade do ar fica em 28% e ventos em 13 km\/h e rajadas de at\u00e9 15 km\/h.<\/p>\n\n\n\n<p class=\"wp-block-paragraph\">O <strong>GRANDE PR\u00caMIO<\/strong> acompanha <a href=\"https:\/\/www.grandepremio.com\/br\/f1\/ao-vivo\" class=\"ek-link\"><strong>AO VIVO<\/strong> e <strong>EM TEMPO REAL<\/strong><\/a> todas as atividades do fim de semana do GP da Hungria de F\u00f3rmula 1.<\/p>\n\n\n\n<p class=\"wp-block-paragraph\"><strong>LEIA TAMB\u00c9M<br><a href=\"https:\/\/www.grandepremio.com\/br\/f1\/noticias\/sebastian-vettel-decide-deixar-formula-1-anuncia-aposentadoria-fim-temporada-2022\/\" class=\"ek-link\">+ Vettel decide deixar F\u00f3rmula 1 e anuncia aposentadoria para fim da temporada 2022<\/a><br><a href=\"https:\/\/www.grandepremio.com\/br\/f1\/noticias\/sebastian-vettel-fala-filhas-acoes-clima-justificar-saida-formula-1-metas-mudaram\/\" class=\"ek-link\">+Vettel menciona filhas e a\u00e7\u00f5es pelo clima ao justificar retirada da F1<\/a><\/strong><br><strong><a href=\"https:\/\/www.grandepremio.com\/br\/f1\/noticias\/quem-assume-posto-sebastian-vettel-aston-martin-2023-da-formula-1\/\" class=\"ek-link\">+ Quem assume posto de Vettel na Aston Martin na temporada 2023 da F\u00f3rmula 1?<\/a><\/strong><br><strong><a href=\"https:\/\/www.grandepremio.com\/br\/web-stories\/f1\/sebastian-vettel-carreira-numeros\/\" class=\"ek-link\">+Sebastian Vettel: todos n\u00fameros e os feitos da carreira na\u00a0F\u00f3rmula 1<\/a><\/strong><\/p>\n\n\n\n<figure class=\"wp-block-embed is-type-video is-provider-youtube wp-block-embed-youtube wp-embed-aspect-16-9 wp-has-aspect-ratio\"><div class=\"wp-block-embed__wrapper\">\n<iframe loading=\"lazy\" title=\"LECLERC PRECISA APRENDER A SE PERDOAR APESAR DE ERRO NA F1 2022\" width=\"500\" height=\"281\" src=\"https:\/\/www.youtube.com\/embed\/ovl1Yg4INRA?feature=oembed\" frameborder=\"0\" allow=\"accelerometer; autoplay; clipboard-write; encrypted-media; gyroscope; picture-in-picture; web-share\" referrerpolicy=\"strict-origin-when-cross-origin\" allowfullscreen><\/iframe>\n<\/div><figcaption>LECLERC PRECISA APRENDER A SE PERDOAR APESAR DE ERRO NA F1 2022<\/figcaption><\/figure>\n","protected":false},"excerpt":{"rendered":"<p>A F\u00f3rmula 1 pegou alguns dias de altas temperaturas e bastante calor em 2022, mas nada parecido ao que ter\u00e1 pela frente nos treinos livres do GP da Hungria<\/p>\n","protected":false},"author":0,"featured_media":1000599283,"comment_status":"closed","ping_status":"closed","sticky":false,"template":"","format":"standard","meta":{"42wp_featured_image_caption":"","42wp_featured_image_credits":"","42wp_featured_video":"","42wp_featured_image_hidden":false,"42wp_authors_list":[],"footnotes":""},"categories":[2],"tags":[1357,31064,1647,24836,28285,32082,4005],"42wp_author":[47120],"class_list":["post-110242","post","type-post","status-publish","format-standard","has-post-thumbnail","hentry","category-f1","tag-f1-2022","tag-formula-1-2022-3","tag-gp-da-hungria","tag-grande-premio-2","tag-grandepremio","tag-hungaroring-f1","tag-hungria-f1","42wp_author-pedro-henrique-marum"],"_links":{"self":[{"href":"https:\/\/grandepremio.com\/br\/wp-json\/wp\/v2\/posts\/110242","targetHints":{"allow":["GET"]}}],"collection":[{"href":"https:\/\/grandepremio.com\/br\/wp-json\/wp\/v2\/posts"}],"about":[{"href":"https:\/\/grandepremio.com\/br\/wp-json\/wp\/v2\/types\/post"}],"replies":[{"embeddable":true,"href":"https:\/\/grandepremio.com\/br\/wp-json\/wp\/v2\/comments?post=110242"}],"version-history":[{"count":0,"href":"https:\/\/grandepremio.com\/br\/wp-json\/wp\/v2\/posts\/110242\/revisions"}],"wp:featuredmedia":[{"embeddable":true,"href":"https:\/\/grandepremio.com\/br\/wp-json\/wp\/v2\/media\/1000599283"}],"wp:attachment":[{"href":"https:\/\/grandepremio.com\/br\/wp-json\/wp\/v2\/media?parent=110242"}],"wp:term":[{"taxonomy":"category","embeddable":true,"href":"https:\/\/grandepremio.com\/br\/wp-json\/wp\/v2\/categories?post=110242"},{"taxonomy":"post_tag","embeddable":true,"href":"https:\/\/grandepremio.com\/br\/wp-json\/wp\/v2\/tags?post=110242"},{"taxonomy":"42wp_author","embeddable":true,"href":"https:\/\/grandepremio.com\/br\/wp-json\/wp\/v2\/42wp_author?post=110242"}],"curies":[{"name":"wp","href":"https:\/\/api.w.org\/{rel}","templated":true}]}}