{"id":110268,"date":"2022-07-28T09:00:40","date_gmt":"2022-07-28T12:00:40","guid":{"rendered":"https:\/\/grandepremio.com\/br\/noticias\/lenda-carreira-notavel-formula-1-celebra-sebastian-vettel-apos-anuncio-aposentadoria\/"},"modified":"2022-07-28T10:19:43","modified_gmt":"2022-07-28T13:19:43","slug":"lenda-carreira-notavel-formula-1-celebra-sebastian-vettel-apos-anuncio-aposentadoria","status":"publish","type":"post","link":"https:\/\/grandepremio.com\/br\/f1\/lenda-carreira-notavel-formula-1-celebra-sebastian-vettel-apos-anuncio-aposentadoria\/","title":{"rendered":"&#8220;Lenda e carreira not\u00e1vel&#8221;: F\u00f3rmula 1 celebra Vettel ap\u00f3s an\u00fancio de aposentadoria"},"content":{"rendered":"\n<figure class=\"wp-block-embed is-type-video is-provider-youtube wp-block-embed-youtube wp-embed-aspect-16-9 wp-has-aspect-ratio\"><div class=\"wp-block-embed__wrapper\">\n<iframe loading=\"lazy\" title=\"PORSCHE COMPRA RED BULL? LECLERC \u00c9 V\u00cdTIMA OU CULPADO NA F1 2022? | TT GP #62\" width=\"500\" height=\"281\" src=\"https:\/\/www.youtube.com\/embed\/zoUZP0XasJc?feature=oembed\" frameborder=\"0\" allow=\"accelerometer; autoplay; clipboard-write; encrypted-media; gyroscope; picture-in-picture; web-share\" referrerpolicy=\"strict-origin-when-cross-origin\" allowfullscreen><\/iframe>\n<\/div><\/figure>\n\n\n\n<p class=\"wp-block-paragraph\">O grid da F\u00f3rmula 1 tirou um momento para reverenciar Sebastian Vettel por seus feitos na categoria ao longo dos \u00faltimos 15 anos, desde a estreia oficial no GP dos Estados Unidos, em 2007, quando, substituindo Robert Kubica na BMW Sauber, fez hist\u00f3ria ao terminar em oitavo, marcando seu primeiro ponto na F1. <a href=\"https:\/\/www.grandepremio.com\/br\/f1\/noticias\/sebastian-vettel-decide-deixar-formula-1-anuncia-aposentadoria-fim-temporada-2022\/\" class=\"ek-link\">Uma carreira que se encerrar\u00e1 ao final deste ano<\/a>. <\/p>\n\n\n\n<p class=\"wp-block-paragraph\">Daquele 2007 em diante, os olhos do mundo se voltariam para o jovem alem\u00e3o de apenas 20 anos, que passaria a integrar para valer o grid da F1 a partir do GP da Hungria do mesmo ano, defendendo a Toro Rosso. &#8220;Obrigado, Seb. Aplausos aos \u00f3timos tempos e pelos quatro t\u00edtulos mundiais&#8221;, escreveu nas redes sociais a Red Bull, equipe com a qual Vettel dominou a F1 no in\u00edcio da d\u00e9cada de 2010, conquistando os seus quatro t\u00edtulos.<\/p>\n\n\n\n<p class=\"wp-block-paragraph\"><strong>\u25b6\ufe0f&nbsp;Inscreva-se nos dois canais do GRANDE PR\u00caMIO no YouTube:&nbsp;<a href=\"https:\/\/www.youtube.com\/channel\/UC9OlHEgxoaY6QY6nWPoiqQg?sub_confirmation=1\" target=\"_blank\" rel=\"noreferrer noopener\">GP<\/a>&nbsp;|&nbsp;<a href=\"https:\/\/www.youtube.com\/channel\/UC9csiS6q_C3C0FYhyr1rnFA?sub_confirmation=1\" target=\"_blank\" rel=\"noreferrer noopener\">GP2<\/a><\/strong><br><strong>\u25b6\ufe0f&nbsp;<a href=\"https:\/\/www.twitch.tv\/grandepremio\" target=\"_blank\" rel=\"noreferrer noopener\">Conhe\u00e7a o canal do GRANDE PR\u00caMIO na Twitch clicando aqui!<\/a><\/strong><\/p>\n\n\n\n<figure class=\"wp-block-image size-large\"><img decoding=\"async\" src=\"https:\/\/www.grandepremio.com\/br\/wp-content\/uploads\/2022\/07\/McLaren-Vettel-1024x752.jpg\" alt=\"\" class=\"wp-image-599062\"\/><figcaption>McLaren homenageou Sebastian Vettel (Foto: Reprodu\u00e7\u00e3o\/McLaren)<\/figcaption><\/figure>\n\n\n\n<p class=\"wp-block-paragraph\">&#8220;Obrigado por todas as mem\u00f3rias e por conquistar nossa primeira vit\u00f3ria na hist\u00f3ria&#8221;, pontuou somente a AlphaTauri, antiga Toro Rosso. Pela equipe, Vettel venceu em Monza, no ano de 2008.<\/p>\n\n\n\n<p class=\"wp-block-paragraph\">A palavra escolhida pela McLaren para definir o alem\u00e3o de 35 anos foi &#8220;lenda&#8221;. &#8220;Status de lenda. Parab\u00e9ns pela extraordin\u00e1ria carreira, Sebastian Vettel. Um campe\u00e3o dentro e fora das pistas&#8221;, ressaltou o time de Woking.<\/p>\n\n\n\n<p class=\"wp-block-paragraph\">De fato, Vettel se tornou uma grande voz ativa para chamar a aten\u00e7\u00e3o n\u00e3o s\u00f3 da pr\u00f3pria categoria, como de todo o mundo, sobretudo para causa ambientais. Acusado de hip\u00f3crita in\u00fameras vezes pelo fato de ser um piloto de F1, Vettel nunca se deixou abater e desafiou os cr\u00edticos que, de certa forma, queriam clar sua voz.<\/p>\n\n\n\n<p class=\"wp-block-paragraph\">&#8220;Como Sebastian Vettel acaba de anunciar sua aposentadoria ao final de 2022, gostaria de prestar homenagem \u00e0 sua fant\u00e1stica carreira na F1, com quatro t\u00edtulos e 53 vit\u00f3rias. Obrigado, Sebastian, por tudo o que voc\u00ea trouxe para o nosso esporte. Desejo a voc\u00ea o melhor para o futuro&#8221;, escreveu o presidente da FIA (Federa\u00e7\u00e3o Internacional de Automobilismo), Mohammed Ben Sulayem, <a href=\"https:\/\/www.grandepremio.com\/br\/f1\/noticias\/sebastian-vettel-presidente-fia-mohammed-ben-sulayem-temas-sociais-maiores-f1\/\" class=\"ek-link\">que chegou a criticar abertamente a &#8220;bicicleta de arco-\u00edris&#8221;<\/a> usada por Vettel, s\u00edmbolo do seu apoio \u00e0 comunidade LGBTQIA+.<\/p>\n\n\n\n<p class=\"wp-block-paragraph\">&#8220;Parab\u00e9ns por tudo o que voc\u00ea conquistou e, inevitavelmente, continuar\u00e1 conquistando, Sebastian. Uma lenda total do nosso esporte&#8221;, celebrou a Alpine tamb\u00e9m pelas redes sociais.<\/p>\n\n\n\n<p class=\"has-medium-font-size wp-block-paragraph\"><strong>Pilotos e demais categorias prestam homenagens<\/strong><\/p>\n\n\n\n<p class=\"wp-block-paragraph\">&#8220;Um apaixonado pela hist\u00f3ria da F1 que desfrutou de uma carreira not\u00e1vel. Parab\u00e9ns por todas as suas conquistas, Seb. Curta a aposentadoria!&#8221;, disse a Williams.<\/p>\n\n\n\n<p class=\"wp-block-paragraph\">Mick Schumacher tamb\u00e9m registrou belas palavras ao se referir \u00e0quele que teve em seu pai, o heptacampe\u00e3o Michael Schumacher, um mentor. &#8220;Obrigado por toda a sua contribui\u00e7\u00e3o para o esporte que n\u00f3s dois amamos. Mal posso esperar pelas nossas \u00faltimas corridas juntos. Obrigado, Seb, voc\u00ea \u00e9 uma inspira\u00e7\u00e3o&#8221;, disse o piloto da Haas.<\/p>\n\n\n\n<p class=\"wp-block-paragraph\">O alem\u00e3o n\u00e3o foi o \u00fanico do grid a se manifestar: Carlos Sainz fez um bonito relato de agradecimento. &#8220;Obrigado, Seb. Foi um absoluto prazer e honra compartilhar todos esses anos ao lado de uma pessoa como voc\u00ea. Voc\u00ea \u00e9, definitivamente, uma das raz\u00f5es pelas quais eu me apaixonei por esse esporte e uma das minhas principais refer\u00eancias, tanto dentro quanto fora das pistas. Vou para sempre guardar com carinho os momentos que passamos juntos e realmente fico no aguardo de outros tantos que est\u00e3o por vir. Tenho certeza que esse pr\u00f3ximo cap\u00edtulo ser\u00e1 t\u00e3o emocionante e enriquecedor quanto o \u00faltimo, e desejo &#8211; de verdade &#8211; o melhor para voc\u00ea e sua fam\u00edlia no futuro. Agora, vamos terminar a temporada em alta, com belas corridas!&#8221;, afirmou o espanhol.<\/p>\n\n\n\n<p class=\"wp-block-paragraph\">Esteban Ocon, por sua vez, reiterou que Vettel ser\u00e1 &#8220;para sempre uma lenda do esporte. Vamos sentir muito sua falta&#8221;, agradecendo ao alem\u00e3o pela companhia. Charles Leclerc, ex-companheiro de Ferrari, pontuou a &#8220;pessoa e piloto&#8221; que o tetracampe\u00e3o \u00e9, tamb\u00e9m reiterando as saudades que o mundo da F1 sentir\u00e1 do futuro ex-piloto.<\/p>\n\n\n\n<p class=\"wp-block-paragraph\">Romain Grosjean, que dividiu o grid com Vettel por 11 temporadas na F1, disse que o tetracampe\u00e3o \u00e9 &#8220;uma das melhores pessoas que voc\u00ea pode conhecer&#8221;. &#8220;Uma carreira incr\u00edvel e um dos melhores pilotos com quem j\u00e1 corri&#8221;, disse o franc\u00eas, que atualmente corre na Indy. &#8220;A F1 vai sentir sua falta, meu amigo&#8221;, finalizou.<\/p>\n\n\n\n<p class=\"wp-block-paragraph\">E n\u00e3o foi s\u00f3 a F\u00f3rmula 1 que homenageou a carreira do alem\u00e3o: a MotoGP tamb\u00e9m deixou o seu recado por todo o legado de Vettel constru\u00eddo no esporte a motor: &#8220;Um campe\u00e3o dentro e fora das pistas. Parab\u00e9ns, Sebastian, pela carreira magn\u00edfica: palmas!&#8221;<\/p>\n\n\n\n<p class=\"wp-block-paragraph\"><strong>LEIA MAIS:<br>Sebastian Vettel: <a href=\"https:\/\/www.grandepremio.com\/br\/?post_type=web-story&amp;p=599000&amp;preview=true\" class=\"ek-link\">uma carreira em n\u00fameros<\/a><\/strong><\/p>\n","protected":false},"excerpt":{"rendered":"<p>As equipes da F\u00f3rmula 1 prestaram homenagem a Sebastian Vettel ap\u00f3s o an\u00fancio da aposentadoria do alem\u00e3o ao final deste ano: &#8220;Campe\u00e3o dentro e fora das pistas&#8221;<\/p>\n","protected":false},"author":0,"featured_media":1000599061,"comment_status":"closed","ping_status":"closed","sticky":false,"template":"","format":"standard","meta":{"42wp_featured_image_caption":"","42wp_featured_image_credits":"","42wp_featured_video":"","42wp_featured_image_hidden":false,"42wp_authors_list":[],"footnotes":""},"categories":[2],"tags":[20491,309,147,1357,103,31064,1647,24836,28285,32082,4005,90,1294,30344,78,204,210,215],"42wp_author":[47147],"class_list":["post-110268","post","type-post","status-publish","format-standard","has-post-thumbnail","hentry","category-f1","tag-alpine","tag-aston-martin","tag-f1","tag-f1-2022","tag-fia","tag-formula-1-2022-3","tag-gp-da-hungria","tag-grande-premio-2","tag-grandepremio","tag-hungaroring-f1","tag-hungria-f1","tag-mclaren","tag-mick-schumacher","tag-mohammed-ben-sulayem","tag-motogp","tag-red-bull","tag-sebastian-vettel","tag-williams","42wp_author-luana-marino"],"_links":{"self":[{"href":"https:\/\/grandepremio.com\/br\/wp-json\/wp\/v2\/posts\/110268","targetHints":{"allow":["GET"]}}],"collection":[{"href":"https:\/\/grandepremio.com\/br\/wp-json\/wp\/v2\/posts"}],"about":[{"href":"https:\/\/grandepremio.com\/br\/wp-json\/wp\/v2\/types\/post"}],"replies":[{"embeddable":true,"href":"https:\/\/grandepremio.com\/br\/wp-json\/wp\/v2\/comments?post=110268"}],"version-history":[{"count":0,"href":"https:\/\/grandepremio.com\/br\/wp-json\/wp\/v2\/posts\/110268\/revisions"}],"wp:featuredmedia":[{"embeddable":true,"href":"https:\/\/grandepremio.com\/br\/wp-json\/wp\/v2\/media\/1000599061"}],"wp:attachment":[{"href":"https:\/\/grandepremio.com\/br\/wp-json\/wp\/v2\/media?parent=110268"}],"wp:term":[{"taxonomy":"category","embeddable":true,"href":"https:\/\/grandepremio.com\/br\/wp-json\/wp\/v2\/categories?post=110268"},{"taxonomy":"post_tag","embeddable":true,"href":"https:\/\/grandepremio.com\/br\/wp-json\/wp\/v2\/tags?post=110268"},{"taxonomy":"42wp_author","embeddable":true,"href":"https:\/\/grandepremio.com\/br\/wp-json\/wp\/v2\/42wp_author?post=110268"}],"curies":[{"name":"wp","href":"https:\/\/api.w.org\/{rel}","templated":true}]}}