{"id":110273,"date":"2022-07-28T04:00:00","date_gmt":"2022-07-28T07:00:00","guid":{"rendered":"https:\/\/grandepremio.com\/br\/noticias\/mercedes-admite-problemas-classificacao-diz-hungria-expor-fraqueza\/"},"modified":"2022-07-27T16:35:21","modified_gmt":"2022-07-27T19:35:21","slug":"mercedes-admite-problemas-classificacao-diz-hungria-expor-fraqueza","status":"publish","type":"post","link":"https:\/\/grandepremio.com\/br\/f1\/mercedes-admite-problemas-classificacao-diz-hungria-expor-fraqueza\/","title":{"rendered":"Mercedes admite problemas em classifica\u00e7\u00e3o e diz que &#8220;Hungria vai expor fraqueza&#8221;"},"content":{"rendered":"\n<figure class=\"wp-block-embed is-type-video is-provider-youtube wp-block-embed-youtube wp-embed-aspect-16-9 wp-has-aspect-ratio\"><div class=\"wp-block-embed__wrapper\">\n<iframe loading=\"lazy\" title=\"PORSCHE COMPRA RED BULL? LECLERC \u00c9 V\u00cdTIMA OU CULPADO NA F1 2022? | TT GP #62\" width=\"500\" height=\"281\" src=\"https:\/\/www.youtube.com\/embed\/zoUZP0XasJc?feature=oembed\" frameborder=\"0\" allow=\"accelerometer; autoplay; clipboard-write; encrypted-media; gyroscope; picture-in-picture; web-share\" referrerpolicy=\"strict-origin-when-cross-origin\" allowfullscreen><\/iframe>\n<\/div><figcaption>PORSCHE COMPRA RED BULL? LECLERC \u00c9 V\u00cdTIMA OU CULPADO NA F1 2022? | TT GP #62<\/figcaption><\/figure>\n\n\n\n<p class=\"wp-block-paragraph\">A Mercedes conquistou seu primeiro p\u00f3dio duplo em 2022 no GP da Fran\u00e7a no \u00faltimo domingo (24) e vem mostrando um bom ritmo de corrida. Mas o time alem\u00e3o segue sem conseguir competir com Ferrari e Red Bull no ritmo de classifica\u00e7\u00e3o. Agora, na Hungria, uma pista com poucos pontos de ultrapassagem, a equipe de Brackley sabe que precisa ter um bom desempenho no s\u00e1bado para aproveitar o potencial do carro no domingo. <\/p>\n\n\n\n<p class=\"wp-block-paragraph\">\u201cEstou incrivelmente satisfeito em ver que as pessoas est\u00e3o se deixando levar. O automobilismo \u00e9 capaz de criar alguns dos altos mais altos que voc\u00ea pode sentir e tamb\u00e9m alguns dos baixos mais baixos. Mas ainda n\u00e3o estamos onde precisamos estar para vencer, essa \u00e9 a resposta curta para isso, especialmente, por exemplo, no ritmo de classifica\u00e7\u00e3o e a Hungria vai expor essa fraqueza&#8221;, explicou James Vowles, estrategista-chefe da Mercedes. <\/p>\n\n\n\n<p class=\"wp-block-paragraph\">&#8220;Estamos caminhando e vejo progresso, e podemos ver isso tamb\u00e9m em como vamos avan\u00e7ar nas pr\u00f3ximas corridas, mas em Budapeste precisamos ser realistas. Temos um carro forte de corrida, mas podemos n\u00e3o conseguir usar tudo dependendo das condi\u00e7\u00f5es que nos s\u00e3o apresentadas. Precisamos fazer um trabalho melhor do que temos feito para garantir que estamos nos classificando onde o carro deveria estar, que \u00e9 na frente\u201d, ressaltou o engenheiro brit\u00e2nico.<\/p>\n\n\n\n<p class=\"wp-block-paragraph\"><strong>\u25b6\ufe0f\u00a0<a href=\"https:\/\/www.twitch.tv\/grandepremio\" target=\"_blank\" rel=\"noreferrer noopener\">Conhe\u00e7a o canal do GRANDE PR\u00caMIO na Twitch clicando aqui!<\/a><\/strong><br><strong>\u25b6\ufe0f\u00a0Inscreva-se nos dois canais do GRANDE PR\u00caMIO no YouTube:\u00a0<a href=\"https:\/\/www.youtube.com\/channel\/UC9OlHEgxoaY6QY6nWPoiqQg?sub_confirmation=1\" target=\"_blank\" rel=\"noreferrer noopener\">GP<\/a>\u00a0|\u00a0<a href=\"https:\/\/www.youtube.com\/channel\/UC9csiS6q_C3C0FYhyr1rnFA?sub_confirmation=1\" target=\"_blank\" rel=\"noreferrer noopener\">GP2<\/a><\/strong><\/p>\n\n\n\n<figure class=\"wp-block-image size-large\"><img decoding=\"async\" src=\"https:\/\/www.grandepremio.com\/br\/wp-content\/uploads\/2022\/07\/mercedes-lewishamilton-02-7-1024x683.jpg\" alt=\"\" class=\"wp-image-598152\"\/><figcaption>Lewis Hamilton em Paul Ricard (Foto: Mercedes)<\/figcaption><\/figure>\n\n\n\n<p class=\"wp-block-paragraph\"><strong><a href=\"https:\/\/www.grandepremio.com\/br\/f1\/noticias\/red-bull-undercut-diz-max-verstappen-venceria-charles-leclerc-batida-franca\/\" class=\"ek-link\">LEIA MAIS:<\/a> Red Bull cita undercut e diz que Verstappen venceria Leclerc mesmo sem batida na Fran\u00e7a<\/strong><\/p>\n\n\n\n<p class=\"wp-block-paragraph\">A Mercedes conseguiu ter um ritmo de corrida pr\u00f3ximo de Ferrari e Red Bull nas provas da Espanha, Inglaterra e Fran\u00e7a, mas segue brigando com Alpine e McLaren nas classifica\u00e7\u00f5es. Com um carro extremamente confi\u00e1vel, o time alem\u00e3o segue acumulando bons pontos, mas sabe onde precisa melhorar o carro para de fato entrar na briga por vit\u00f3rias na F\u00f3rmula 1 em 2022.<\/p>\n\n\n\n<p class=\"wp-block-paragraph\">\u201cAcho que, no momento, claramente estamos melhorando o carro corrida a corrida e nosso ritmo de corrida est\u00e1 chegando l\u00e1. Mas n\u00e3o na classifica\u00e7\u00e3o. Estamos lutando para realmente entrar na disputa com eles e haver\u00e1 certas pistas, como Paul Ricard e Silverstone, onde poderemos usar esse ritmo de corrida a nosso favor\u201d, disse Vowles.<\/p>\n\n\n\n<p class=\"wp-block-paragraph\">\u201c\u00c9 muito dif\u00edcil em Budapeste se voc\u00ea come\u00e7ar atr\u00e1s para voltar para a frente no grid. H\u00e1 oportunidades, \u00e9 apenas mais dif\u00edcil. Estamos aqui para melhorar e avan\u00e7ar, mas ainda n\u00e3o chegamos l\u00e1. Precisamos que outros cometam erros para aproveitar e seguir em frente\u201d, concluiu James.<\/p>\n\n\n\n<p class=\"wp-block-paragraph\">A\u00a0<a href=\"https:\/\/www.grandepremio.com\/formula-1\/\" target=\"_blank\" rel=\"noreferrer noopener\">F\u00f3rmula 1<\/a>\u00a0retorna j\u00e1 no pr\u00f3ximo domingo (31), para o\u00a0<a href=\"https:\/\/www.grandepremio.com\/br\/etapa\/f1\/gp-da-hungria-formula-1-2022\/\" target=\"_blank\" rel=\"noreferrer noopener\"><\/a><a href=\"https:\/\/www.grandepremio.com\/br\/etapa\/f1\/gp-da-hungria-formula-1-2022\/\" target=\"_blank\" rel=\"noreferrer noopener\">GP da Hungria<\/a>, com cobertura completa do\u00a0<strong>GRANDE PR\u00caMIO<\/strong>. A 13\u00aa etapa do Mundial ser\u00e1 a \u00faltima antes da tradicional pausa do ver\u00e3o europeu.<\/p>\n\n\n\n<figure class=\"wp-block-embed is-type-video is-provider-youtube wp-block-embed-youtube wp-embed-aspect-16-9 wp-has-aspect-ratio\"><div class=\"wp-block-embed__wrapper\">\n<iframe loading=\"lazy\" title=\"LECLERC PRECISA APRENDER A SE PERDOAR APESAR DE ERRO NA F1 2022\" width=\"500\" height=\"281\" src=\"https:\/\/www.youtube.com\/embed\/ovl1Yg4INRA?feature=oembed\" frameborder=\"0\" allow=\"accelerometer; autoplay; clipboard-write; encrypted-media; gyroscope; picture-in-picture; web-share\" referrerpolicy=\"strict-origin-when-cross-origin\" allowfullscreen><\/iframe>\n<\/div><figcaption>LECLERC PRECISA APRENDER A SE PERDOAR APESAR DE ERRO NA F1 2022<\/figcaption><\/figure>\n","protected":false},"excerpt":{"rendered":"<p>James Vowles, estrategista-chefe da Mercedes, espera fim de semana complicado na Hungria por conta da diferen\u00e7a de ritmo de classifica\u00e7\u00e3o da equipe alem\u00e3 para as l\u00edderes<\/p>\n","protected":false},"author":0,"featured_media":1000597675,"comment_status":"closed","ping_status":"closed","sticky":false,"template":"","format":"standard","meta":{"42wp_featured_image_caption":"","42wp_featured_image_credits":"","42wp_featured_video":"","42wp_featured_image_hidden":false,"42wp_authors_list":[],"footnotes":""},"categories":[2],"tags":[147,1357,207,24837,31064,25050,31866,1647,32071,4149,82,204],"42wp_author":[47144],"class_list":["post-110273","post","type-post","status-publish","format-standard","has-post-thumbnail","hentry","category-f1","tag-f1","tag-f1-2022","tag-ferrari","tag-formula-1-2","tag-formula-1-2022-3","tag-gp-da-franca","tag-gp-da-franca-2022","tag-gp-da-hungria","tag-gp-da-hungria-2022","tag-james-vowles","tag-mercedes","tag-red-bull","42wp_author-andre-netto"],"_links":{"self":[{"href":"https:\/\/grandepremio.com\/br\/wp-json\/wp\/v2\/posts\/110273","targetHints":{"allow":["GET"]}}],"collection":[{"href":"https:\/\/grandepremio.com\/br\/wp-json\/wp\/v2\/posts"}],"about":[{"href":"https:\/\/grandepremio.com\/br\/wp-json\/wp\/v2\/types\/post"}],"replies":[{"embeddable":true,"href":"https:\/\/grandepremio.com\/br\/wp-json\/wp\/v2\/comments?post=110273"}],"version-history":[{"count":0,"href":"https:\/\/grandepremio.com\/br\/wp-json\/wp\/v2\/posts\/110273\/revisions"}],"wp:featuredmedia":[{"embeddable":true,"href":"https:\/\/grandepremio.com\/br\/wp-json\/wp\/v2\/media\/1000597675"}],"wp:attachment":[{"href":"https:\/\/grandepremio.com\/br\/wp-json\/wp\/v2\/media?parent=110273"}],"wp:term":[{"taxonomy":"category","embeddable":true,"href":"https:\/\/grandepremio.com\/br\/wp-json\/wp\/v2\/categories?post=110273"},{"taxonomy":"post_tag","embeddable":true,"href":"https:\/\/grandepremio.com\/br\/wp-json\/wp\/v2\/tags?post=110273"},{"taxonomy":"42wp_author","embeddable":true,"href":"https:\/\/grandepremio.com\/br\/wp-json\/wp\/v2\/42wp_author?post=110273"}],"curies":[{"name":"wp","href":"https:\/\/api.w.org\/{rel}","templated":true}]}}