{"id":110276,"date":"2022-07-27T13:28:03","date_gmt":"2022-07-27T16:28:03","guid":{"rendered":"https:\/\/grandepremio.com\/br\/noticias\/porsche-negocia-compra-de-metade-das-acoes-da-red-bull-para-entrar-na-formula-1-2026\/"},"modified":"2022-07-27T13:47:54","modified_gmt":"2022-07-27T16:47:54","slug":"porsche-negocia-compra-de-metade-das-acoes-da-red-bull-para-entrar-na-formula-1-2026","status":"publish","type":"post","link":"https:\/\/grandepremio.com\/br\/f1\/porsche-negocia-compra-de-metade-das-acoes-da-red-bull-para-entrar-na-formula-1-2026\/","title":{"rendered":"Porsche negocia compra de metade das a\u00e7\u00f5es da Red Bull para entrar na F\u00f3rmula 1 2026"},"content":{"rendered":"\n<figure class=\"wp-block-embed is-type-video is-provider-youtube wp-block-embed-youtube wp-embed-aspect-16-9 wp-has-aspect-ratio\"><div class=\"wp-block-embed__wrapper\">\n<iframe loading=\"lazy\" title=\"PORSCHE COMPRA RED BULL? LECLERC \u00c9 V\u00cdTIMA OU CULPADO NA F1 2022? | TT GP #62\" width=\"500\" height=\"281\" src=\"https:\/\/www.youtube.com\/embed\/zoUZP0XasJc?feature=oembed\" frameborder=\"0\" allow=\"accelerometer; autoplay; clipboard-write; encrypted-media; gyroscope; picture-in-picture; web-share\" referrerpolicy=\"strict-origin-when-cross-origin\" allowfullscreen><\/iframe>\n<\/div><\/figure>\n\n\n\n<p class=\"wp-block-paragraph\">Desde abril deste ano, quando a<a href=\"https:\/\/www.grandepremio.com\/br\/f1\/noticias\/grupo-volkswagen-confirma-entrada-audi-porsche-formula-1-2026\/\" class=\"ek-link\"> Volkswagen deu o sinal verde para que suas marcas<\/a> Porsche e Audi passem a integrar a F\u00f3rmula 1 a partir de 2026, especula-se sobre como as duas f\u00e1bricas pretendem ingressar no campeonato \u2013 que ter\u00e1 um novo regulamento de motor. E n\u00e3o \u00e9 segredo que a montadora de Stuttgart tenha em seus planos uma associa\u00e7\u00e3o com a Red Bull, enquanto a irm\u00e3 das quatro argolas deseja adquirir uma equipe do grid. Agora, no entanto, surge a informa\u00e7\u00e3o de que a Porsche j\u00e1 negocia a\u00e7\u00f5es da equipe austr\u00edaca.<\/p>\n\n\n\n<p class=\"wp-block-paragraph\">De acordo com o site alem\u00e3o Motorsport-total, a not\u00edcia sobre o acordo entre Red Bull e Porsche ganhou for\u00e7a diante de um documento \u00e0s autoridades antitruste do Marrocos. Existe uma necessidade de comprova\u00e7\u00e3o dentro da Uni\u00e3o Europeia, bem como fora &#8211; em cerca de 20 pa\u00edses, entre eles a legisla\u00e7\u00e3o marroquina.<\/p>\n\n\n\n<p class=\"wp-block-paragraph\"><strong>\u25b6\ufe0f&nbsp;Inscreva-se nos dois canais do GRANDE PR\u00caMIO no YouTube:&nbsp;<a href=\"https:\/\/www.youtube.com\/channel\/UC9OlHEgxoaY6QY6nWPoiqQg?sub_confirmation=1\" target=\"_blank\" rel=\"noreferrer noopener\">GP<\/a>&nbsp;|&nbsp;<a href=\"https:\/\/www.youtube.com\/channel\/UC9csiS6q_C3C0FYhyr1rnFA?sub_confirmation=1\" target=\"_blank\" rel=\"noreferrer noopener\">GP2<\/a><\/strong><br><strong>\u25b6\ufe0f&nbsp;<a href=\"https:\/\/www.twitch.tv\/grandepremio\" target=\"_blank\" rel=\"noreferrer noopener\">Conhe\u00e7a o canal do GRANDE PR\u00caMIO na Twitch clicando aqui!<\/a><\/strong><\/p>\n\n\n\n<figure class=\"wp-block-image size-large\"><img decoding=\"async\" src=\"https:\/\/www.grandepremio.com\/br\/wp-content\/uploads\/2022\/07\/image-3-2-1024x682.png\" alt=\"\" class=\"wp-image-598900\"\/><figcaption>Red Bull Porsche (Foto: Jeroen Claus\/Instagram)<\/figcaption><\/figure>\n\n\n\n<p class=\"wp-block-paragraph\"><strong>LEIA TAMB\u00c9M<br><a href=\"https:\/\/www.grandepremio.com\/br\/f1\/noticias\/opiniao-gp-ferrari-e-incrivel-e-otima-ao-desenvolver-carro-mas-burra-na-luta-por-titulo\/\" class=\"ek-link\">+Opini\u00e3o GP: Ferrari \u00e9 incr\u00edvel \u2013 \u00e9 \u00f3tima ao desenvolver carro, mas burra na luta por t\u00edtulo<\/a><\/strong><\/p>\n\n\n\n<p class=\"wp-block-paragraph\">Portanto, Porsche e Red Bull tiveram de revelar seus planos, que inclui a aquisi\u00e7\u00e3o de 50% das a\u00e7\u00f5es do grupo taurino pela marca alem\u00e3. O relat\u00f3rio revelou ainda que a montadora notificou as autoridades em 8 de julho &#8211; o neg\u00f3cio estabelece uma parceira de dez anos e a opera\u00e7\u00e3o em Milton Keynes \u2013 sede da esquadra austr\u00edaca. Ainda, h\u00e1 uma previs\u00e3o de que o an\u00fancio aconte\u00e7a em 4 de agosto.<\/p>\n\n\n\n<p class=\"wp-block-paragraph\">Ainda que o documento fa\u00e7a men\u00e7\u00e3o somente \u00e0 Red Bull, \u00e9 prov\u00e1vel que a AlphaTauri tamb\u00e9m passe a correr com as unidades produzidas pela Porsche. A escuderia de Faenza, no entanto, continuar\u00e1 como propriedade da Red Bull.<\/p>\n\n\n\n<p class=\"wp-block-paragraph\">Tamb\u00e9m segundo o Motorsport-total, a Audi segue em negocia\u00e7\u00f5es com a Sauber, porque a ideia \u00e9 competir na F1 com equipe pr\u00f3pria. No momento, entretanto, fala-se em um acordo para a compra de 75% do time.<\/p>\n\n\n\n<p class=\"wp-block-paragraph\">Com rela\u00e7\u00e3o aos motores e a especifica\u00e7\u00e3o para 2026, ainda resta a aprova\u00e7\u00e3o do Conselho Mundial da FIA (Federa\u00e7\u00e3o Internacional de Automobilismo). A Volkswagen esperava uma decis\u00e3o em junho, mas a entidade optou por adiar a conclus\u00e3o deste item.<\/p>\n\n\n\n<figure class=\"wp-block-embed is-type-video is-provider-youtube wp-block-embed-youtube wp-embed-aspect-16-9 wp-has-aspect-ratio\"><div class=\"wp-block-embed__wrapper\">\n<iframe loading=\"lazy\" title=\"LECLERC PRECISA APRENDER A SE PERDOAR APESAR DE ERRO NA F1 2022\" width=\"500\" height=\"281\" src=\"https:\/\/www.youtube.com\/embed\/ovl1Yg4INRA?feature=oembed\" frameborder=\"0\" allow=\"accelerometer; autoplay; clipboard-write; encrypted-media; gyroscope; picture-in-picture; web-share\" referrerpolicy=\"strict-origin-when-cross-origin\" allowfullscreen><\/iframe>\n<\/div><\/figure>\n","protected":false},"excerpt":{"rendered":"<p>A Porsche n\u00e3o s\u00f3 deseja entrar na F\u00f3rmula 1 em 2026, dentro de um novo regulamento de motores, mas a inten\u00e7\u00e3o tamb\u00e9m \u00e9 comprar 50% das a\u00e7\u00f5es da Red Bull. A Volkswagen deu o sinal verde para a entrada no Mundial no \u00faltimo m\u00eas de abril<\/p>\n","protected":false},"author":0,"featured_media":1000598901,"comment_status":"closed","ping_status":"closed","sticky":false,"template":"","format":"standard","meta":{"42wp_featured_image_caption":"","42wp_featured_image_credits":"","42wp_featured_video":"","42wp_featured_image_hidden":false,"42wp_authors_list":[],"footnotes":""},"categories":[2],"tags":[970,147,29516,29651,103,24837,656,3724,736,204,1524],"42wp_author":[47115],"class_list":["post-110276","post","type-post","status-publish","format-standard","has-post-thumbnail","hentry","category-f1","tag-audi","tag-f1","tag-f1-2026","tag-f2-2022","tag-fia","tag-formula-1-2","tag-motores","tag-mundial-de-f1","tag-porsche","tag-red-bull","tag-volkswagen","42wp_author-evelyn-guimaraes"],"_links":{"self":[{"href":"https:\/\/grandepremio.com\/br\/wp-json\/wp\/v2\/posts\/110276","targetHints":{"allow":["GET"]}}],"collection":[{"href":"https:\/\/grandepremio.com\/br\/wp-json\/wp\/v2\/posts"}],"about":[{"href":"https:\/\/grandepremio.com\/br\/wp-json\/wp\/v2\/types\/post"}],"replies":[{"embeddable":true,"href":"https:\/\/grandepremio.com\/br\/wp-json\/wp\/v2\/comments?post=110276"}],"version-history":[{"count":0,"href":"https:\/\/grandepremio.com\/br\/wp-json\/wp\/v2\/posts\/110276\/revisions"}],"wp:featuredmedia":[{"embeddable":true,"href":"https:\/\/grandepremio.com\/br\/wp-json\/wp\/v2\/media\/1000598901"}],"wp:attachment":[{"href":"https:\/\/grandepremio.com\/br\/wp-json\/wp\/v2\/media?parent=110276"}],"wp:term":[{"taxonomy":"category","embeddable":true,"href":"https:\/\/grandepremio.com\/br\/wp-json\/wp\/v2\/categories?post=110276"},{"taxonomy":"post_tag","embeddable":true,"href":"https:\/\/grandepremio.com\/br\/wp-json\/wp\/v2\/tags?post=110276"},{"taxonomy":"42wp_author","embeddable":true,"href":"https:\/\/grandepremio.com\/br\/wp-json\/wp\/v2\/42wp_author?post=110276"}],"curies":[{"name":"wp","href":"https:\/\/api.w.org\/{rel}","templated":true}]}}