{"id":110292,"date":"2022-07-27T04:30:00","date_gmt":"2022-07-27T07:30:00","guid":{"rendered":"https:\/\/grandepremio.com\/br\/noticias\/favoritos-naufragam-disputa-novatos-2022-marco-bezzecchi-nada-bracada\/"},"modified":"2022-07-27T07:07:35","modified_gmt":"2022-07-27T10:07:35","slug":"favoritos-naufragam-disputa-novatos-2022-marco-bezzecchi-nada-bracada","status":"publish","type":"post","link":"https:\/\/grandepremio.com\/br\/motogp\/favoritos-naufragam-disputa-novatos-2022-marco-bezzecchi-nada-bracada\/","title":{"rendered":"Favoritos naufragam na disputa entre novatos em 2022. Bezzecchi nada de bra\u00e7ada"},"content":{"rendered":"\n<figure class=\"wp-block-embed is-type-video is-provider-youtube wp-block-embed-youtube wp-embed-aspect-16-9 wp-has-aspect-ratio\"><div class=\"wp-block-embed__wrapper\">\n<iframe loading=\"lazy\" title=\"POR QUE \u00c1LEX RINS FEZ BOA ESCOLHA AO ESCOLHER A LCR HONDA\" width=\"500\" height=\"281\" src=\"https:\/\/www.youtube.com\/embed\/Hy8kg1WLOMU?feature=oembed\" frameborder=\"0\" allow=\"accelerometer; autoplay; clipboard-write; encrypted-media; gyroscope; picture-in-picture; web-share\" referrerpolicy=\"strict-origin-when-cross-origin\" allowfullscreen><\/iframe>\n<\/div><figcaption>HONDA VIVE M\u00c1 FASE NA MOTOGP, MAS RINS FEZ BOA ESCOLHA COM LCR<\/figcaption><\/figure>\n\n\n\n<p class=\"wp-block-paragraph\">Poucas coisas s\u00e3o mais surpreendentes na temporada 2022 da MotoGP do que a disputa entre os novatos. Levando em conta o curr\u00edculo dos cinco estreantes deste ano, era consenso de que Remy Gardner e Ra\u00fal Fern\u00e1ndez seriam os mais destacados: afinal, eles chegaram \u00e0 elite da motovelocidade ostentando o r\u00f3tulo de campe\u00e3o e vice da Moto2.<\/p>\n\n\n\n<p class=\"wp-block-paragraph\">O que se viu nas primeiras 11 corridas da temporada, por\u00e9m, foi um verdadeiro naufr\u00e1gio. E n\u00e3o \u00e9 nem que o navio tenha atingido um iceberg no meio do oceano. Ele mal conseguiu sair do porto mesmo. Remy somou apenas nove pontos at\u00e9 aqui \u2014 mas pontuou logo na estreia \u2014, enquanto Ra\u00fal tem s\u00f3 cinco \u2014 o espanhol s\u00f3 conseguiu um top-15 no GP da Catalunha, nona corrida do ano.<\/p>\n\n\n\n<p class=\"wp-block-paragraph\"><strong>WEB STORY<\/strong><br><strong>\u25b6\ufe0f<\/strong>&nbsp;<strong><a href=\"https:\/\/www.grandepremio.com\/br\/web-stories\/motogp\/composicao-grid-motogp-temporada-2023\/\">Como est\u00e1 o grid da&nbsp;<\/a><a href=\"https:\/\/grandepremio.com\/motovelocidade\/\" target=\"_blank\" rel=\"noreferrer noopener\"><\/a><a href=\"https:\/\/grandepremio.com\/motovelocidade\/\" target=\"_blank\" rel=\"noreferrer noopener\"><\/a><a href=\"https:\/\/grandepremio.com\/motovelocidade\/\" target=\"_blank\" rel=\"noreferrer noopener\"><\/a><a href=\"https:\/\/grandepremio.com\/motovelocidade\/\" target=\"_blank\" rel=\"noreferrer noopener\"><\/a><a href=\"https:\/\/grandepremio.com\/motovelocidade\/\" target=\"_blank\" rel=\"noreferrer noopener\"><\/a><a href=\"https:\/\/grandepremio.com\/motovelocidade\/\" target=\"_blank\" rel=\"noreferrer noopener\"><\/a><a href=\"https:\/\/grandepremio.com\/motovelocidade\/\" target=\"_blank\" rel=\"noreferrer noopener\"><\/a><a href=\"https:\/\/grandepremio.com\/motovelocidade\/\" target=\"_blank\" rel=\"noreferrer noopener\"><\/a><a href=\"https:\/\/grandepremio.com\/motovelocidade\/\" target=\"_blank\" rel=\"noreferrer noopener\"><\/a><a href=\"https:\/\/grandepremio.com\/motovelocidade\/\" target=\"_blank\" rel=\"noreferrer noopener\"><\/a><a href=\"https:\/\/grandepremio.com\/motovelocidade\/\" target=\"_blank\" rel=\"noreferrer noopener\"><\/a><a href=\"https:\/\/grandepremio.com\/motovelocidade\/\" target=\"_blank\" rel=\"noreferrer noopener\">MotoGP<\/a><a href=\"https:\/\/www.grandepremio.com\/br\/web-stories\/motogp\/composicao-grid-motogp-temporada-2023\/\">&nbsp;para a temporada 2023?<\/a><\/strong><\/p>\n\n\n\n<figure class=\"wp-block-image size-large\"><img decoding=\"async\" src=\"https:\/\/www.grandepremio.com\/br\/wp-content\/uploads\/2022\/06\/MotoGP-2022-Holanda-Assen-Domingo-VR46-Marco-Bezzecchi2-1024x682.jpg\" alt=\"\" class=\"wp-image-590314\"\/><figcaption>Marco Bezzecchi conquistou o segndo lugar no GP da Holanda (Foto: VR46)<\/figcaption><\/figure>\n\n\n\n<p class=\"wp-block-paragraph\"><strong>\u25b6\ufe0f&nbsp;Inscreva-se nos dois canais do GRANDE PR\u00caMIO no YouTube:&nbsp;<a href=\"https:\/\/www.youtube.com\/channel\/UC9OlHEgxoaY6QY6nWPoiqQg?sub_confirmation=1\" target=\"_blank\" rel=\"noreferrer noopener\">GP<\/a>&nbsp;|&nbsp;<a href=\"https:\/\/www.youtube.com\/channel\/UC9csiS6q_C3C0FYhyr1rnFA?sub_confirmation=1\" target=\"_blank\" rel=\"noreferrer noopener\">GP2<\/a><\/strong><\/p>\n\n\n\n<p class=\"wp-block-paragraph\">\u00c9 verdade que a RC16 da KTM n\u00e3o vive l\u00e1 grande fase, mas tamb\u00e9m n\u00e3o \u00e9 para tanto. Brad Binder \u00e9 o sexto no campeonato, com 93 pontos, enquanto Miguel Oliveira, que j\u00e1 at\u00e9 venceu corridas, soma 71 tentos.<\/p>\n\n\n\n<p class=\"wp-block-paragraph\">O que chama mais aten\u00e7\u00e3o \u00e9 a rela\u00e7\u00e3o dif\u00edcil que Gardner e Fern\u00e1ndez desenvolveram com a KTM e com Herv\u00e9 Poncharal. O dono e chefe da Tech3. No caso do australiano, o agente j\u00e1 virou at\u00e9 persona non grata em Mattighofen. O caso do espanhol \u00e9 um pouco diferente: a casa austr\u00edaca errou com ele desde o in\u00edcio, for\u00e7ando-o a subir para a MotoGP com uma moto que ele n\u00e3o queria. Ra\u00fal queria a Yamaha, mas a KTM for\u00e7ou a m\u00e3o, fez valer o contrato e j\u00e1 assumiu o erro.<\/p>\n\n\n\n<p class=\"wp-block-paragraph\">Mas sabe o que mais chama a aten\u00e7\u00e3o? Que os dois estejam atr\u00e1s at\u00e9 mesmo de Darryn Binder. O sul-africano era quem todos esperavam na lanterna do campeonato. Afinal, ele pulou etapas e n\u00e3o passou pela Moto2, saltando direto da Moto3, onde, ali\u00e1s, n\u00e3o foi nenhum fen\u00f4meno.<\/p>\n\n\n\n<p class=\"wp-block-paragraph\">O ca\u00e7ula dos irm\u00e3os Binder somou dez pontos no ano, um a mais do que Remy, e tem como melhor resultado no ano um d\u00e9cimo lugar no chuvoso GP da Indon\u00e9sia, um resultado nunca alcan\u00e7ado pelo duo de Poncharal. Totalmente inesperado!<\/p>\n\n\n\n<p class=\"wp-block-paragraph\">Fabio Di Giannantonio, por outro lado, teve at\u00e9 a chance de ter um dia de gl\u00f3ria, mas ainda n\u00e3o d\u00e1 para dizer que faz um ano dos mais brilhantes. Foram 18 pontos em 11 etapas, pontuando apenas a partir do GP da Fran\u00e7a, s\u00e9tima etapa de 2022.<\/p>\n\n\n\n<p class=\"wp-block-paragraph\">O novato, entretanto, foi protagonista de um dia glorioso da Ducati na It\u00e1lia. Em Mugello, Fabio surpreendeu todo mundo ao conquistar a primeira pole-position \u2014 dele e da Gresini \u2014, diante de Marco Bezzecchi, Luca Marini, Johann Zarco e Francesco Bagnaia. Ou seja: um 1-2-3-4-5 da casa de Bolonha.<\/p>\n\n\n\n<p class=\"wp-block-paragraph\">A corrida, \u00e9 verdade, n\u00e3o terminou assim t\u00e3o bem \u2014 ele foi apenas 11\u00ba \u2014, mas a hist\u00f3ria vai contar que ele conquistou uma pole em casa, com equipe italiana e moto italiana. Ruim, n\u00e3o \u00e9.<\/p>\n\n\n\n<figure class=\"wp-block-image size-large\"><img decoding=\"async\" src=\"https:\/\/www.grandepremio.com\/br\/wp-content\/uploads\/2022\/05\/25-Raul-Fernandez-DSC01173-1024x683.jpg\" alt=\"\" class=\"wp-image-572106\"\/><figcaption>Ra\u00fal Fern\u00e1ndez \u00e9 o pior entre os novatos da MotoGP em 2022 (Foto: KTM)<\/figcaption><\/figure>\n\n\n\n<p class=\"wp-block-paragraph\">O melhor dos estreantes, por\u00e9m, \u00e9 Marco Bezzecchi. O pupilo de Valentino Rossi chegou \u00e0 MotoGP vindo de um terceiro lugar no Mundial de Moto2 e deixou de pontuar em apenas quatro das 11 corridas disputas na primeira parte do ano. Depois do GP da Fran\u00e7a, deu um bom salto de performance, mas a melhor atua\u00e7\u00e3o veio mesmo na Holanda, com um segundo lugar, o primeiro p\u00f3dio da VR46 na classe rainha.<\/p>\n\n\n\n<p class=\"wp-block-paragraph\">Bez agora acumula 55 pontos, 37 a mais do que Di Giannantonio, o rival mais pr\u00f3ximo na briga pelo posto de novato do ano. O contrato com a VR46 ainda n\u00e3o foi oficialmente renovado, mas ningu\u00e9m acredita que ele n\u00e3o ficar\u00e1 por l\u00e1.<\/p>\n\n\n\n<p class=\"wp-block-paragraph\">A VR46 tem feito um \u00f3timo trabalho, e, discreto, Bezzecchi deixou os favoritos para tr\u00e1s para ser o estreante de maior destaque at\u00e9 aqui.<\/p>\n\n\n\n<p class=\"wp-block-paragraph\">A&nbsp;<a href=\"https:\/\/grandepremio.com\/motovelocidade\/\" target=\"_blank\" rel=\"noreferrer noopener\"><\/a><a href=\"https:\/\/grandepremio.com\/motovelocidade\/\" target=\"_blank\" rel=\"noreferrer noopener\"><\/a><a href=\"https:\/\/grandepremio.com\/motovelocidade\/\" target=\"_blank\" rel=\"noreferrer noopener\">MotoGP<\/a>&nbsp;agora entra em f\u00e9rias e volta \u00e0 ativa apenas no dia 7 de agosto, com o&nbsp;<a href=\"https:\/\/www.grandepremio.com\/br\/etapa\/motogp\/gp-gra-bretanha-motogp-2022\/\" target=\"_blank\" rel=\"noreferrer noopener\">GP da Gr\u00e3-Bretanha<\/a>, em Silverstone. O&nbsp;<strong>GRANDE PR\u00caMIO<\/strong>&nbsp;acompanha todas as atividades&nbsp;do Mundial de&nbsp;<a href=\"https:\/\/www.grandepremio.com\/motovelocidade\/\" target=\"_blank\" rel=\"noreferrer noopener\"><\/a><a href=\"https:\/\/www.grandepremio.com\/motovelocidade\/\" target=\"_blank\" rel=\"noreferrer noopener\"><\/a><a href=\"https:\/\/www.grandepremio.com\/motovelocidade\/\" target=\"_blank\" rel=\"noreferrer noopener\"><\/a><a href=\"https:\/\/www.grandepremio.com\/motovelocidade\/\" target=\"_blank\" rel=\"noreferrer noopener\"><\/a><a href=\"https:\/\/www.grandepremio.com\/motovelocidade\/\" target=\"_blank\" rel=\"noreferrer noopener\"><\/a><a href=\"https:\/\/www.grandepremio.com\/motovelocidade\/\" target=\"_blank\" rel=\"noreferrer noopener\"><\/a><a href=\"https:\/\/www.grandepremio.com\/motovelocidade\/\" target=\"_blank\" rel=\"noreferrer noopener\"><\/a><a href=\"https:\/\/www.grandepremio.com\/motovelocidade\/\" target=\"_blank\" rel=\"noreferrer noopener\"><\/a><a href=\"https:\/\/www.grandepremio.com\/motovelocidade\/\" target=\"_blank\" rel=\"noreferrer noopener\"><\/a><a href=\"https:\/\/www.grandepremio.com\/motovelocidade\/\" target=\"_blank\" rel=\"noreferrer noopener\"><\/a><a href=\"https:\/\/www.grandepremio.com\/motovelocidade\/\" target=\"_blank\" rel=\"noreferrer noopener\">Motovelocidade<\/a>&nbsp;2022.<\/p>\n\n\n\n<p class=\"wp-block-paragraph\"><strong>LEIA TAMB\u00c9M<\/strong><br># <strong><a href=\"https:\/\/www.grandepremio.com\/br\/motogp\/noticias\/quem-subiu-desceu-surpreendeu-ate-aqui-motogp-2022\/\">Quem subiu, desceu ou surpreendeu at\u00e9 aqui na <\/a><a href=\"https:\/\/grandepremio.com\/motovelocidade\/\" target=\"_blank\" rel=\"noreferrer noopener\"><\/a><a href=\"https:\/\/grandepremio.com\/motovelocidade\/\" target=\"_blank\" rel=\"noreferrer noopener\">MotoGP<\/a><a href=\"https:\/\/www.grandepremio.com\/br\/motogp\/noticias\/quem-subiu-desceu-surpreendeu-ate-aqui-motogp-2022\/\"> 2022<\/a><\/strong><br># <strong><a href=\"https:\/\/www.grandepremio.com\/br\/motogp\/noticias\/suzuki-anuncia-acordo-dorna-oficializa-saida-motogp-2022\/\"><\/a><a href=\"https:\/\/www.grandepremio.com\/br\/equipe\/motogp\/2021\/team-suzuki-ecstar\/\" target=\"_blank\" rel=\"noreferrer noopener\"><\/a><a href=\"https:\/\/www.grandepremio.com\/br\/equipe\/motogp\/2021\/team-suzuki-ecstar\/\" target=\"_blank\" rel=\"noreferrer noopener\">Suzuki<\/a><a href=\"https:\/\/www.grandepremio.com\/br\/motogp\/noticias\/suzuki-anuncia-acordo-dorna-oficializa-saida-motogp-2022\/\"> anuncia acordo com Dorna e oficializa sa\u00edda da MotoGP ao fim de 2022<\/a><\/strong><br># <strong><a href=\"https:\/\/www.grandepremio.com\/br\/motogp\/noticias\/andrea-dovizioso-ve-trajetoria-completa-anuncia-aposentadoria-motogp-2023\/\">Dovizioso v\u00ea trajet\u00f3ria completa e anuncia aposentadoria da MotoGP em 2023<\/a><\/strong><br># <strong><a href=\"https:\/\/www.grandepremio.com\/br\/motogp\/noticias\/marc-marquez-avanca-recuperacao-liberado-fisioterapia-42-dias-cirurgia\/\"><\/a><a href=\"https:\/\/www.grandepremio.com\/br\/piloto\/marc-marquez\/\" target=\"_blank\" rel=\"noreferrer noopener\"><\/a><a href=\"https:\/\/www.grandepremio.com\/br\/piloto\/marc-marquez\/\" target=\"_blank\" rel=\"noreferrer noopener\"><\/a><a href=\"https:\/\/www.grandepremio.com\/br\/piloto\/marc-marquez\/\" target=\"_blank\" rel=\"noreferrer noopener\"><\/a><a href=\"https:\/\/www.grandepremio.com\/br\/piloto\/marc-marquez\/\" target=\"_blank\" rel=\"noreferrer noopener\">Marc M\u00e1rquez<\/a><a href=\"https:\/\/www.grandepremio.com\/br\/motogp\/noticias\/marc-marquez-avanca-recuperacao-liberado-fisioterapia-42-dias-cirurgia\/\"> avan\u00e7a em recupera\u00e7\u00e3o e \u00e9 liberado para fisioterapia 42 dias ap\u00f3s cirurgia<\/a><\/strong><br># <strong><a href=\"https:\/\/www.grandepremio.com\/br\/motogp\/noticias\/fabio-quartararo-agraciado-ordem-nacional-legiao-honra-franca\/\">Quartararo \u00e9 agraciado com Ordem Nacional da Legi\u00e3o de Honra na Fran\u00e7a<\/a><\/strong><br># <strong><a href=\"https:\/\/www.grandepremio.com\/br\/motogp\/noticias\/suzuki-inicia-contagem-regressiva-adeus-melancolico-motogp\/\">Suzuki inicia contagem regressiva de adeus melanc\u00f3lico \u00e0 MotoGP em 2022<\/a><\/strong><br># <strong><a href=\"https:\/\/www.grandepremio.com\/br\/motogp\/noticias\/ktm-volta-perder-motogp-precisa-buscar-forcas-reerguer-2022\/\"><\/a><a href=\"https:\/\/www.grandepremio.com\/br\/equipe\/motogp\/2021\/red-bull-ktm-factory-racing\/\" target=\"_blank\" rel=\"noreferrer noopener\"><\/a><a href=\"https:\/\/www.grandepremio.com\/br\/equipe\/motogp\/2021\/red-bull-ktm-factory-racing\/\" target=\"_blank\" rel=\"noreferrer noopener\"><\/a><a href=\"https:\/\/www.grandepremio.com\/br\/equipe\/motogp\/2021\/red-bull-ktm-factory-racing\/\" target=\"_blank\" rel=\"noreferrer noopener\"><\/a><a href=\"https:\/\/www.grandepremio.com\/br\/equipe\/motogp\/2021\/red-bull-ktm-factory-racing\/\" target=\"_blank\" rel=\"noreferrer noopener\">KTM<\/a><a href=\"https:\/\/www.grandepremio.com\/br\/motogp\/noticias\/ktm-volta-perder-motogp-precisa-buscar-forcas-reerguer-2022\/\"> volta a se perder na MotoGP e precisa buscar for\u00e7as para se reerguer em 2022<\/a><\/strong><br># <strong><a href=\"https:\/\/www.grandepremio.com\/br\/motogp\/noticias\/honda-sofre-cicatrizar-feridas-sem-marc-marquez-ano-fracasso-total\/\"><\/a><a href=\"https:\/\/www.grandepremio.com\/br\/equipe\/motogp\/2021\/repsol-honda-team\/\" target=\"_blank\" rel=\"noreferrer noopener\"><\/a><a href=\"https:\/\/www.grandepremio.com\/br\/equipe\/motogp\/2021\/repsol-honda-team\/\" target=\"_blank\" rel=\"noreferrer noopener\"><\/a><a href=\"https:\/\/www.grandepremio.com\/br\/equipe\/motogp\/2021\/repsol-honda-team\/\" target=\"_blank\" rel=\"noreferrer noopener\"><\/a><a href=\"https:\/\/www.grandepremio.com\/br\/equipe\/motogp\/2021\/repsol-honda-team\/\" target=\"_blank\" rel=\"noreferrer noopener\">Honda<\/a><a href=\"https:\/\/www.grandepremio.com\/br\/motogp\/noticias\/honda-sofre-cicatrizar-feridas-sem-marc-marquez-ano-fracasso-total\/\"> sofre para cicatrizar feridas sem Marc M\u00e1rquez em ano de fracasso total<\/a><\/strong><br># <strong><a href=\"https:\/\/www.grandepremio.com\/br\/motogp\/noticias\/aprilia-da-salto-performance-vira-estrela-mete-colher-ate-briga-titulo\/\"><\/a><a href=\"https:\/\/www.grandepremio.com\/br\/equipe\/motogp\/2021\/aprilia-racing\/\" target=\"_blank\" rel=\"noreferrer noopener\"><\/a><a href=\"https:\/\/www.grandepremio.com\/br\/equipe\/motogp\/2021\/aprilia-racing\/\" target=\"_blank\" rel=\"noreferrer noopener\">Aprilia<\/a><a href=\"https:\/\/www.grandepremio.com\/br\/motogp\/noticias\/aprilia-da-salto-performance-vira-estrela-mete-colher-ate-briga-titulo\/\"> d\u00e1 salto de performance, vira estrela e mete colher at\u00e9 na briga pelo t\u00edtulo<\/a><\/strong><\/p>\n\n\n\n<figure class=\"wp-block-embed is-type-video is-provider-youtube wp-block-embed-youtube wp-embed-aspect-16-9 wp-has-aspect-ratio\"><div class=\"wp-block-embed__wrapper\">\n<iframe loading=\"lazy\" title=\"ALEIX ESPARGAR\u00d3 CONDUZ APRILIA AO PROTAGONISMO E MUDA STATUS  NA MOTOGP\" width=\"500\" height=\"281\" src=\"https:\/\/www.youtube.com\/embed\/jjVY0QGMWA4?feature=oembed\" frameborder=\"0\" allow=\"accelerometer; autoplay; clipboard-write; encrypted-media; gyroscope; picture-in-picture; web-share\" referrerpolicy=\"strict-origin-when-cross-origin\" allowfullscreen><\/iframe>\n<\/div><figcaption>ALEIX ESPARGAR\u00d3 CONDUZ APRILIA AO PROTAGONISMO E MUDA STATUS NA MOTOGP<\/figcaption><\/figure>\n","protected":false},"excerpt":{"rendered":"<p>Campe\u00e3o e vice da Moto2 em 2021, Remy Gardner e Ra\u00fal Fern\u00e1ndez subiram para a MotoGP cercados de expectativas e eram os favoritos para dominar a disputa entre os rookies em 2022. Passada a primeira metade da temporada, os dois est\u00e3o na lanterna da classifica\u00e7\u00e3o, atr\u00e1s at\u00e9 mesmo de Darryn Binder, que queimou etapas e pulou a Moto2. Melhor para Marco Bezzecchi, que sobra na tabela, e Fabio Di Giannantonio, que j\u00e1 conseguiu um momento ao sol em um ano que a Gresini foi destaque<\/p>\n","protected":false},"author":0,"featured_media":1000590313,"comment_status":"closed","ping_status":"closed","sticky":false,"template":"","format":"standard","meta":{"42wp_featured_image_caption":"","42wp_featured_image_credits":"","42wp_featured_video":"","42wp_featured_image_hidden":false,"42wp_authors_list":[],"footnotes":""},"categories":[8],"tags":[2287,79,78,2997,30733,30728,30734,25819,28345,28766,26690],"42wp_author":[47113],"class_list":["post-110292","post","type-post","status-publish","format-standard","has-post-thumbnail","hentry","category-motogp","tag-marco-bezzecchi","tag-moto-gp","tag-motogp","tag-motogp-2022","tag-motogp-2022-calendario","tag-motogp-calendario-2022","tag-motogp-classificacao-2022","tag-motogp-hoje","tag-motogp-horarios","tag-motogp-standings","tag-pilotos-motogp","42wp_author-juliana-tesser"],"_links":{"self":[{"href":"https:\/\/grandepremio.com\/br\/wp-json\/wp\/v2\/posts\/110292","targetHints":{"allow":["GET"]}}],"collection":[{"href":"https:\/\/grandepremio.com\/br\/wp-json\/wp\/v2\/posts"}],"about":[{"href":"https:\/\/grandepremio.com\/br\/wp-json\/wp\/v2\/types\/post"}],"replies":[{"embeddable":true,"href":"https:\/\/grandepremio.com\/br\/wp-json\/wp\/v2\/comments?post=110292"}],"version-history":[{"count":0,"href":"https:\/\/grandepremio.com\/br\/wp-json\/wp\/v2\/posts\/110292\/revisions"}],"wp:featuredmedia":[{"embeddable":true,"href":"https:\/\/grandepremio.com\/br\/wp-json\/wp\/v2\/media\/1000590313"}],"wp:attachment":[{"href":"https:\/\/grandepremio.com\/br\/wp-json\/wp\/v2\/media?parent=110292"}],"wp:term":[{"taxonomy":"category","embeddable":true,"href":"https:\/\/grandepremio.com\/br\/wp-json\/wp\/v2\/categories?post=110292"},{"taxonomy":"post_tag","embeddable":true,"href":"https:\/\/grandepremio.com\/br\/wp-json\/wp\/v2\/tags?post=110292"},{"taxonomy":"42wp_author","embeddable":true,"href":"https:\/\/grandepremio.com\/br\/wp-json\/wp\/v2\/42wp_author?post=110292"}],"curies":[{"name":"wp","href":"https:\/\/api.w.org\/{rel}","templated":true}]}}