{"id":110299,"date":"2022-07-26T14:08:20","date_gmt":"2022-07-26T17:08:20","guid":{"rendered":"https:\/\/grandepremio.com\/br\/noticias\/bmw-anuncia-entrada-hipercarros-mundial-endurance-2024\/"},"modified":"2022-07-26T17:00:30","modified_gmt":"2022-07-26T20:00:30","slug":"bmw-anuncia-entrada-hipercarros-mundial-endurance-2024","status":"publish","type":"post","link":"https:\/\/grandepremio.com\/br\/endurance\/bmw-anuncia-entrada-hipercarros-mundial-endurance-2024\/","title":{"rendered":"BMW anuncia entrada nos hipercarros no Mundial de Endurance em 2024"},"content":{"rendered":"\n<figure class=\"wp-block-embed is-type-video is-provider-youtube wp-block-embed-youtube wp-embed-aspect-16-9 wp-has-aspect-ratio\"><div class=\"wp-block-embed__wrapper\">\n<iframe loading=\"lazy\" title=\"LECLERC BATE NA FRAN\u00c7A E VERSTAPPEN ENCAMINHA T\u00cdTULO DA F1 2022 | Paddock GP #297\" width=\"500\" height=\"281\" src=\"https:\/\/www.youtube.com\/embed\/OC0RL3o3Hvs?feature=oembed\" frameborder=\"0\" allow=\"accelerometer; autoplay; clipboard-write; encrypted-media; gyroscope; picture-in-picture; web-share\" referrerpolicy=\"strict-origin-when-cross-origin\" allowfullscreen><\/iframe>\n<\/div><figcaption>LECLERC BATE NA FRAN\u00c7A E VERSTAPPEN ENCAMINHA T\u00cdTULO DA F1 2022 | Paddock GP #297<\/figcaption><\/figure>\n\n\n\n<p class=\"wp-block-paragraph\">A BMW anunciou nesta ter\u00e7a-feira (26) que ir\u00e1 participar da temporada de 2024 do Mundial de Endurance na classe de hipercarros. O time alem\u00e3o j\u00e1 havia anunciado que ir\u00e1 competir no IMSA no pr\u00f3ximo ano e, com a converg\u00eancia de regulamentos, optou por disputar as duas categorias.<\/p>\n\n\n\n<p class=\"wp-block-paragraph\">A montadora j\u00e1 debatia internamente nos \u00faltimos meses disputar o WEC. A participa\u00e7\u00e3o em 2024 vai coincidir com os 25 anos da \u00faltima participa\u00e7\u00e3o da BMW nos prot\u00f3tipos em Le Mans, quando venceu a corrida com Yannick Dalmas, Joachim Winkelhock e Pierluigi Martini.<\/p>\n\n\n\n<p class=\"wp-block-paragraph\">&#8220;A decis\u00e3o de correr com o BMW M V8 h\u00edbrido no IMSA a partir de 2023 e no WEC a partir de 2024 \u00e9 uma marca importante para o projeto&#8221;, disse Franciscus van Meel, diretor-executivo da BMW M. &#8220;Eu experimentei e apreciei o sabor das 24 Horas de Le Mans durante meu primeiro per\u00edodo como diretor-executivo da BMW M, ent\u00e3o estou muito empolgado para disputar a vit\u00f3ria neste cl\u00e1ssico e em todo o Mundial de Endurance pela primeira vez em d\u00e9cadas&#8221;, concluiu.<\/p>\n\n\n\n<p class=\"wp-block-paragraph\"><strong>\u25b6\ufe0f&nbsp;Inscreva-se nos dois canais do GRANDE PR\u00caMIO no YouTube:&nbsp;<a href=\"https:\/\/www.youtube.com\/channel\/UC9OlHEgxoaY6QY6nWPoiqQg?sub_confirmation=1\" target=\"_blank\" rel=\"noreferrer noopener\">GP<\/a>&nbsp;|&nbsp;<a href=\"https:\/\/www.youtube.com\/channel\/UC9csiS6q_C3C0FYhyr1rnFA?sub_confirmation=1\" target=\"_blank\" rel=\"noreferrer noopener\">GP2<\/a><\/strong><br><strong>\u25b6\ufe0f&nbsp;<a href=\"https:\/\/www.twitch.tv\/grandepremio\" target=\"_blank\" rel=\"noreferrer noopener\">Conhe\u00e7a o canal do GRANDE PR\u00caMIO na Twitch clicando aqui!<\/a><\/strong><\/p>\n\n\n\n<figure class=\"wp-block-image size-full\"><img decoding=\"async\" src=\"https:\/\/www.grandepremio.com\/br\/wp-content\/uploads\/2022\/07\/ec4d79c5-6bc1-4d35-bfe4-eca7fa54c531-orginal.jpeg\" alt=\"\" class=\"wp-image-598724\"\/><figcaption>BMW estar\u00e1 no WEC a partir de 2024 (Foto: BMW Motorsports)<\/figcaption><\/figure>\n\n\n\n<p class=\"wp-block-paragraph\">O BMW M V8 h\u00edbrido, carro que ser\u00e1 utilizado nas provas de endurance, completou um shakedown na segunda (25) em Varano, sede da Dallara, que construiu o chassi do b\u00f3lido. O americano Connor de Philippi e o sul-africano Sheldon Van der Linde conduziram o carro na pista italiana. A equipe ainda vai realizar mais testes durante o ano, testando pilotos antes de definir quem guiar\u00e1 o carro no IMSA.<\/p>\n\n\n\n<p class=\"wp-block-paragraph\">A BMW atualmente j\u00e1 compete junto com a equipe Rahal Letterman Laning na classe GT do IMSA. O trabalho na LMDh tamb\u00e9m ser\u00e1 feito em conjunto com a RLL. &#8220;Hoje foi um dia hist\u00f3rico para o projeto LMDh da BMW&#8221;, disse de Philippi. &#8220;Passo a passo, passamos por todos os sistemas e fun\u00e7\u00f5es do carro e no final do dia fomos capazes de fazer voltas com praticamente pot\u00eancia m\u00e1xima, o que \u00e9 um \u00f3timo resultado&#8221;, concluiu o piloto americano.<\/p>\n\n\n\n<p class=\"wp-block-paragraph\">Com a confirma\u00e7\u00e3o da BMW, as 24 Horas de Le Mans de 2024 ter\u00e3o nova marcas diferentes disputando a vit\u00f3ria na categoria principal. Al\u00e9m da equipe alem\u00e3, est\u00e3o confirmadas Toyota, Peugeot, Porsche, Ferrari, Glickenhaus, Cadillac, Lamborghini e Alpine.<\/p>\n","protected":false},"excerpt":{"rendered":"<p>A BMW anunciou nesta ter\u00e7a-feira (26) que vai participar do Mundial de Endurance daqui a dois anos. Antes disso, montadora alem\u00e3 entra no IMSA em 2023<\/p>\n","protected":false},"author":0,"featured_media":1000598725,"comment_status":"closed","ping_status":"closed","sticky":false,"template":"","format":"standard","meta":{"42wp_featured_image_caption":"","42wp_featured_image_credits":"","42wp_featured_video":"","42wp_featured_image_hidden":false,"42wp_authors_list":[],"footnotes":""},"categories":[18],"tags":[707,792,705,26913,357,32068,356,29560],"42wp_author":[47144],"class_list":["post-110299","post","type-post","status-publish","format-standard","has-post-thumbnail","hentry","category-endurance","tag-bmw","tag-hipercarros","tag-imsa","tag-lmdh","tag-mundial-de-endurance","tag-mundial-de-endurance-2024","tag-wec","tag-wec-2024","42wp_author-andre-netto"],"_links":{"self":[{"href":"https:\/\/grandepremio.com\/br\/wp-json\/wp\/v2\/posts\/110299","targetHints":{"allow":["GET"]}}],"collection":[{"href":"https:\/\/grandepremio.com\/br\/wp-json\/wp\/v2\/posts"}],"about":[{"href":"https:\/\/grandepremio.com\/br\/wp-json\/wp\/v2\/types\/post"}],"replies":[{"embeddable":true,"href":"https:\/\/grandepremio.com\/br\/wp-json\/wp\/v2\/comments?post=110299"}],"version-history":[{"count":0,"href":"https:\/\/grandepremio.com\/br\/wp-json\/wp\/v2\/posts\/110299\/revisions"}],"wp:featuredmedia":[{"embeddable":true,"href":"https:\/\/grandepremio.com\/br\/wp-json\/wp\/v2\/media\/1000598725"}],"wp:attachment":[{"href":"https:\/\/grandepremio.com\/br\/wp-json\/wp\/v2\/media?parent=110299"}],"wp:term":[{"taxonomy":"category","embeddable":true,"href":"https:\/\/grandepremio.com\/br\/wp-json\/wp\/v2\/categories?post=110299"},{"taxonomy":"post_tag","embeddable":true,"href":"https:\/\/grandepremio.com\/br\/wp-json\/wp\/v2\/tags?post=110299"},{"taxonomy":"42wp_author","embeddable":true,"href":"https:\/\/grandepremio.com\/br\/wp-json\/wp\/v2\/42wp_author?post=110299"}],"curies":[{"name":"wp","href":"https:\/\/api.w.org\/{rel}","templated":true}]}}