{"id":110312,"date":"2022-07-26T05:15:00","date_gmt":"2022-07-26T08:15:00","guid":{"rendered":"https:\/\/grandepremio.com\/br\/noticias\/interlagos-recebe-etapa-da-stock-car-com-novidades-no-grid-e-equilibrio-em-xeque\/"},"modified":"2022-07-25T23:49:17","modified_gmt":"2022-07-26T02:49:17","slug":"interlagos-recebe-etapa-da-stock-car-com-novidades-no-grid-e-equilibrio-em-xeque","status":"publish","type":"post","link":"https:\/\/grandepremio.com\/br\/stock-car\/interlagos-recebe-etapa-da-stock-car-com-novidades-no-grid-e-equilibrio-em-xeque\/","title":{"rendered":"Interlagos recebe etapa da Stock Car com novidades no grid e equil\u00edbrio em xeque"},"content":{"rendered":"\n<figure class=\"wp-block-embed is-type-video is-provider-youtube wp-block-embed-youtube wp-embed-aspect-16-9 wp-has-aspect-ratio\"><div class=\"wp-block-embed__wrapper\">\n<iframe loading=\"lazy\" title=\"LECLERC BATE NA FRAN\u00c7A E VERSTAPPEN ENCAMINHA T\u00cdTULO DA F1 2022 | Paddock GP #297\" width=\"500\" height=\"281\" src=\"https:\/\/www.youtube.com\/embed\/OC0RL3o3Hvs?feature=oembed\" frameborder=\"0\" allow=\"accelerometer; autoplay; clipboard-write; encrypted-media; gyroscope; picture-in-picture; web-share\" referrerpolicy=\"strict-origin-when-cross-origin\" allowfullscreen><\/iframe>\n<\/div><\/figure>\n\n\n\n<p class=\"wp-block-paragraph\">O Aut\u00f3dromo de Interlagos recebe, neste final de semana, a s\u00e9tima etapa da Stock Car. A categoria volta ao principal circuito do automobilismo nacional depois de realizar a Corrida de Duplas, prova inaugural em fevereiro, vencida por Gabriel Casagrande e Galid Osman.<\/p>\n\n\n\n<p class=\"wp-block-paragraph\">O templo do esporte a motor j\u00e1 recebeu 142 corridas da\u00a0Stock\u00a0Car\u00a0na sua hist\u00f3ria e, do grid atual, Cac\u00e1 Bueno e Thiago Camilo s\u00e3o os maiores vencedores, com sete, e pode rolar um desempate entre os dois.<\/p>\n\n\n\n<p class=\"wp-block-paragraph\"><strong>\u25b6\ufe0f\u00a0Inscreva-se nos dois canais do GRANDE PR\u00caMIO no YouTube:\u00a0<a href=\"https:\/\/www.youtube.com\/channel\/UC9OlHEgxoaY6QY6nWPoiqQg?sub_confirmation=1\" target=\"_blank\" rel=\"noreferrer noopener\">GP<\/a>\u00a0|\u00a0<a href=\"https:\/\/www.youtube.com\/channel\/UC9csiS6q_C3C0FYhyr1rnFA?sub_confirmation=1\" target=\"_blank\" rel=\"noreferrer noopener\">GP2<\/a><\/strong><br><strong>\u25b6\ufe0f\u00a0<a href=\"https:\/\/www.twitch.tv\/grandepremio\" target=\"_blank\" rel=\"noreferrer noopener\">Conhe\u00e7a o canal do GRANDE PR\u00caMIO na Twitch clicando aqui!<\/a><\/strong><\/p>\n\n\n\n<p class=\"wp-block-paragraph\">A corrida marca a abertura da segunda parte da temporada marcada, sobretudo, pelo equil\u00edbrio. Chevrolet e Toyota dividem o n\u00famero de triunfos no ano &#8211; seis para cada &#8211; e a diferen\u00e7a de l\u00edder para o vice-l\u00edder \u00e9 de apenas onze pontos (184 x 173).<\/p>\n\n\n\n<figure class=\"wp-block-image size-large\"><img decoding=\"async\" src=\"https:\/\/www.grandepremio.com\/br\/wp-content\/uploads\/2022\/02\/WhatsApp-Image-2022-02-13-at-16.03.14-1024x681.jpeg\" alt=\"\" class=\"wp-image-541754\"\/><figcaption>Gabriel Casagrande venceu a Corrida de Duplas em Interlagos no m\u00eas de fevereiro (Foto: Duda Bairros)<\/figcaption><\/figure>\n\n\n\n<p class=\"wp-block-paragraph\">Interlagos ter\u00e1 nuances interessantes para serem avaliadas. Ponteiro do campeonato, Daniel Serra n\u00e3o vai correr no fim de semana e <a href=\"https:\/\/www.grandepremio.com\/br\/stock-car\/noticias\/daniel-serra-disputa-24h-spa-desfalca-eurofarma-rc-interlagos-fraga-substitui\/\" class=\"ek-link\">ser\u00e1 substitu\u00eddo por Felipe Fraga<\/a>. O regulamento permite aos pilotos eliminarem seus quatro piores resultados no fim da temporada e, por isso, o tricampe\u00e3o da Stock vai fazer uso do descarte nesta etapa.<\/p>\n\n\n\n<p class=\"wp-block-paragraph\">Outras novidades no grid ser\u00e3o a volta de Thiago Vivacqua, depois de participa\u00e7\u00f5es no DTM e a Full TIme anunciou, no s\u00e1bado (23), <a href=\"https:\/\/www.grandepremio.com\/br\/stock-car\/noticias\/full-time-promove-rodizio-andi-jakos-substitui-gianluca-petecof-interlagos-stock-car\/\" class=\"ek-link\">a estreia do argentino Andi Jakos<\/a>, no lugar de Gianluca Petecof.<\/p>\n\n\n\n<p class=\"wp-block-paragraph\"><em><strong>F4 Brasil realiza segunda prova da temporada<\/strong><\/em><\/p>\n\n\n\n<p class=\"wp-block-paragraph\">Nova categoria de monopostos do automobilismo brasileiro, a F4 Brasil chega \u00e0 Interlagos pronta para entregar uma segunda etapa ainda mais especial do que a primeira. Pedro Clerot, da Full Time, lidera o campeonato com 58 pontos, com Ricardo Gracia em segundo (37) e Nicholas Monteiro em terceiro (30).<\/p>\n\n\n\n<p class=\"wp-block-paragraph\">A corrida ter\u00e1 um sabor especial para \u00c1lvaro Cho, que completou 16 anos e, enfim, poder\u00e1 fazer sua estreia na categoria.<\/p>\n\n\n\n<p class=\"wp-block-paragraph\">O&nbsp;<strong>GRANDE PR\u00caMIO<\/strong>&nbsp;acompanha as atividades da&nbsp;<a href=\"https:\/\/www.grandepremio.com\/br\/stock-car\/\" target=\"_blank\" rel=\"noreferrer noopener\"><\/a><a href=\"https:\/\/www.grandepremio.com\/br\/stock-car\/\" target=\"_blank\" rel=\"noreferrer noopener\"><\/a><a href=\"https:\/\/www.grandepremio.com\/br\/stock-car\/\" target=\"_blank\" rel=\"noreferrer noopener\"><\/a><a href=\"https:\/\/www.grandepremio.com\/br\/stock-car\/\" target=\"_blank\" rel=\"noreferrer noopener\">Stock Car<\/a>&nbsp;<strong>AO VIVO<\/strong>&nbsp;com cobertura completa de todas as etapas. A pr\u00f3xima rodada ser\u00e1 disputada em&nbsp;<a href=\"https:\/\/www.grandepremio.com\/br\/circuito\/interlagos\/\" target=\"_blank\" rel=\"noreferrer noopener\"><\/a><a href=\"https:\/\/www.grandepremio.com\/br\/circuito\/interlagos\/\" target=\"_blank\" rel=\"noreferrer noopener\">Interlagos<\/a>, no dia 31 de julho.<\/p>\n\n\n\n<figure class=\"wp-block-image size-large\"><img decoding=\"async\" src=\"https:\/\/www.grandepremio.com\/br\/wp-content\/uploads\/2022\/05\/04_StockCar2022_DudaBairros_Velocitta-031543-1024x682.jpg\" alt=\"\" class=\"wp-image-567931\"\/><figcaption>Pedro Clerot lidera a temporada 2022 da F4 Brasil (Foto: Duda Bairros)<\/figcaption><\/figure>\n\n\n\n<p class=\"wp-block-paragraph\"><em><strong>Confira a programa\u00e7\u00e3o completa, por categoria, do final de semana em Interlagos:<\/strong><\/em><\/p>\n\n\n\n<p class=\"wp-block-paragraph\"><strong>Stock Car<\/strong><br><span style=\"text-decoration: underline;\"><strong>Sexta-feira:<\/strong><\/span> TL1, \u00e0s 12h10; e TL2, \u00e0s 16h10.<br><span style=\"text-decoration: underline;\"><strong>S\u00e1bado:<\/strong><\/span> Classifica\u00e7\u00e3o, \u00e0s 13h10.<br><span style=\"text-decoration: underline;\"><strong>Domingo:<\/strong><\/span> Corrida 1, \u00e0s 13h10; Corrida 2, \u00e0s 13h45.<\/p>\n\n\n\n<p class=\"wp-block-paragraph\"><strong>Stock Series<\/strong><br><span style=\"text-decoration: underline;\"><strong>Sexta-feira:<\/strong><\/span> TL1, \u00e0s 11h30; e TL2, \u00e0s 14h05.<br><span style=\"text-decoration: underline;\"><strong>S\u00e1bado:<\/strong><\/span> TL3, \u00e0s 8h; Classifica\u00e7\u00e3o, \u00e0s 10h30; Corrida 1, \u00e0s 15h30.<br><span style=\"text-decoration: underline;\"><strong>Domingo:<\/strong><\/span> Corrida 2, \u00e0s 16h10.<\/p>\n\n\n\n<p class=\"wp-block-paragraph\"><strong>F4 Brasil<\/strong><br><span style=\"text-decoration: underline;\"><strong>Sexta-feira:<\/strong><\/span> TL1, \u00e0s 8h35; TL2, \u00e0s 11h30; Classifica\u00e7\u00e3o, \u00e0s 15h40.<br><span style=\"text-decoration: underline;\"><strong>S\u00e1bado:<\/strong><\/span> Corrida 1, \u00e0s 9h35; Corrida 2, \u00e0s 14h30<br><span style=\"text-decoration: underline;\"><strong>Domingo:<\/strong><\/span> Corrida 3, \u00e0s 11h30.<\/p>\n","protected":false},"excerpt":{"rendered":"<p>Prova pode marcar desempate entre maiores vencedores de Interlagos na Stock Car e ter\u00e1 estreia no grid. Fim de semana recebe tamb\u00e9m Stock Series e F4 Brasil<\/p>\n","protected":false},"author":0,"featured_media":1000598605,"comment_status":"closed","ping_status":"closed","sticky":false,"template":"","format":"standard","meta":{"42wp_featured_image_caption":"","42wp_featured_image_credits":"","42wp_featured_video":"","42wp_featured_image_hidden":false,"42wp_authors_list":[],"footnotes":""},"categories":[11],"tags":[32054,77,31538,460,1813,925,124,31546,29663,31874,1213],"42wp_author":[47128],"class_list":["post-110312","post","type-post","status-publish","format-standard","has-post-thumbnail","hentry","category-stock-car","tag-andi-jakos","tag-daniel-serra","tag-f4-brasil-2022","tag-felipe-fraga","tag-gabriel-casagrande","tag-gianluca-petecof","tag-interlagos","tag-pedro-clerot","tag-stock-car-2022","tag-stock-car-classificacao-2022","tag-thiago-camilo","42wp_author-guilherme-bloisi"],"_links":{"self":[{"href":"https:\/\/grandepremio.com\/br\/wp-json\/wp\/v2\/posts\/110312","targetHints":{"allow":["GET"]}}],"collection":[{"href":"https:\/\/grandepremio.com\/br\/wp-json\/wp\/v2\/posts"}],"about":[{"href":"https:\/\/grandepremio.com\/br\/wp-json\/wp\/v2\/types\/post"}],"replies":[{"embeddable":true,"href":"https:\/\/grandepremio.com\/br\/wp-json\/wp\/v2\/comments?post=110312"}],"version-history":[{"count":0,"href":"https:\/\/grandepremio.com\/br\/wp-json\/wp\/v2\/posts\/110312\/revisions"}],"wp:featuredmedia":[{"embeddable":true,"href":"https:\/\/grandepremio.com\/br\/wp-json\/wp\/v2\/media\/1000598605"}],"wp:attachment":[{"href":"https:\/\/grandepremio.com\/br\/wp-json\/wp\/v2\/media?parent=110312"}],"wp:term":[{"taxonomy":"category","embeddable":true,"href":"https:\/\/grandepremio.com\/br\/wp-json\/wp\/v2\/categories?post=110312"},{"taxonomy":"post_tag","embeddable":true,"href":"https:\/\/grandepremio.com\/br\/wp-json\/wp\/v2\/tags?post=110312"},{"taxonomy":"42wp_author","embeddable":true,"href":"https:\/\/grandepremio.com\/br\/wp-json\/wp\/v2\/42wp_author?post=110312"}],"curies":[{"name":"wp","href":"https:\/\/api.w.org\/{rel}","templated":true}]}}