{"id":110314,"date":"2022-07-26T04:45:00","date_gmt":"2022-07-26T07:45:00","guid":{"rendered":"https:\/\/grandepremio.com\/br\/noticias\/red-bull-ve-mercedes-mais-proxima-formula-1-2022-estao-tirando-diferenca\/"},"modified":"2022-07-25T16:37:21","modified_gmt":"2022-07-25T19:37:21","slug":"red-bull-ve-mercedes-mais-proxima-formula-1-2022-estao-tirando-diferenca","status":"publish","type":"post","link":"https:\/\/grandepremio.com\/br\/f1\/red-bull-ve-mercedes-mais-proxima-formula-1-2022-estao-tirando-diferenca\/","title":{"rendered":"Red Bull v\u00ea Mercedes cada vez mais pr\u00f3xima na F1 2022: &#8220;Est\u00e3o tirando a diferen\u00e7a&#8221;"},"content":{"rendered":"\n<figure class=\"wp-block-embed is-type-video is-provider-youtube wp-block-embed-youtube wp-embed-aspect-16-9 wp-has-aspect-ratio\"><div class=\"wp-block-embed__wrapper\">\n<iframe loading=\"lazy\" title=\"F1 2022: LECLERC BATE E VERSTAPPEN VENCE GP DA FRAN\u00c7A DE F\u00d3RMULA 1. HAMILTON \u00c9 2\u00ba | Briefing\" width=\"500\" height=\"281\" src=\"https:\/\/www.youtube.com\/embed\/fPOH_Ar8pSI?feature=oembed\" frameborder=\"0\" allow=\"accelerometer; autoplay; clipboard-write; encrypted-media; gyroscope; picture-in-picture; web-share\" referrerpolicy=\"strict-origin-when-cross-origin\" allowfullscreen><\/iframe>\n<\/div><figcaption>F1 2022: LECLERC BATE E VERSTAPPEN VENCE GP DA FRAN\u00c7A DE F\u00d3RMULA 1. HAMILTON \u00c9 2\u00ba | Briefing<\/figcaption><\/figure>\n\n\n\n<p class=\"wp-block-paragraph\">A Mercedes conquistou seu melhor resultado na temporada de 2022 no \u00faltimo domingo (24) no GP de Fran\u00e7a. Lewis Hamilton terminou a prova na segunda coloca\u00e7\u00e3o, atr\u00e1s apenas de Max Verstappen, e George Russell completou o primeiro p\u00f3dio duplo da equipe alem\u00e3 no ano. Depois de batalhar contra os quiques e sofrer com o desempenho do W13, a Mercedes parece finalmente estar se aproximando da briga que envolve Ferrari e Red Bull.<\/p>\n\n\n\n<p class=\"wp-block-paragraph\">As duas rivais com certeza est\u00e3o de olho do que o time alem\u00e3o est\u00e1 fazendo. Christian Horner, chefe dos taurinos, disse que n\u00e3o ficou muito impressionado com o desempenho nas retas da Mercedes, mas concordou que o avan\u00e7o das flechas de prata \u00e9 ineg\u00e1vel.<\/p>\n\n\n\n<p class=\"wp-block-paragraph\">&#8220;N\u00e3o especialmente. Nada chamou muito nossa aten\u00e7\u00e3o. Eles certamente estavam confiantes com as chances deles antes do fim de semana. Acho que, no final, o Max estava razoavelmente confort\u00e1vel. Mas voc\u00ea pode ver que eles est\u00e3o cortando a diferen\u00e7a, est\u00e3o se aproximando&#8221;, afirmou Horner ap\u00f3s o GP da Fran\u00e7a.<\/p>\n\n\n\n<p class=\"wp-block-paragraph\"><strong>\u25b6\ufe0f\u00a0<a href=\"https:\/\/www.twitch.tv\/grandepremio\" target=\"_blank\" rel=\"noreferrer noopener\">Conhe\u00e7a o canal do GRANDE PR\u00caMIO na Twitch clicando aqui!<\/a><\/strong><\/p>\n\n\n\n<figure class=\"wp-block-image size-large\"><img decoding=\"async\" src=\"https:\/\/www.grandepremio.com\/br\/wp-content\/uploads\/2022\/07\/redbull-maxverstappen-03-7-1024x683.jpg\" alt=\"\" class=\"wp-image-598135\"\/><figcaption>Max Verstappen venceu o GP da Fran\u00e7a de F\u00f3rmula 1 (Foto: Red Bull Content Pool)<\/figcaption><\/figure>\n\n\n\n<p class=\"wp-block-paragraph\"><strong><a href=\"https:\/\/www.grandepremio.com\/br\/f1\/noticias\/lewis-hamilton-avalia-futuro-formula-1-ainda-tenho-combustivel-sobra-tanque\/\" class=\"ek-link\">LEIA MAIS<\/a>: Hamilton avalia futuro na F\u00f3rmula 1: &#8220;Ainda tenho combust\u00edvel de sobra no tanque&#8221;<\/strong><\/p>\n\n\n\n<p class=\"wp-block-paragraph\">&#8220;Eu ouvi o Toto [Wolff] dizer que eles v\u00e3o trabalhar durante as f\u00e9rias de ver\u00e3o para melhorar o carro, o que claramente seria ilegal&#8221;, brincou Christian. &#8220;Mas voc\u00ea pode ver que eles est\u00e3o cada vez mais pr\u00f3ximos&#8221;, concluiu.<\/p>\n\n\n\n<p class=\"wp-block-paragraph\">A Mercedes acumula agora cinco corridas seguidas com pelo menos um carro no p\u00f3dio. Al\u00e9m disso, o time ainda n\u00e3o sofreu com nenhuma quebra mec\u00e2nica, o que pode ser decisivo na segunda metade da temporada. Contudo, o time alem\u00e3o segue sem vencer em 2022.<\/p>\n\n\n\n<p class=\"wp-block-paragraph\">A F\u00f3rmula 1 retorna j\u00e1 no pr\u00f3ximo domingo (31), para o GP da Hungria, com cobertura completa do <strong>GRANDE PR\u00caMIO<\/strong>. A 13\u00aa etapa do Mundial ser\u00e1 a \u00faltima antes da tradicional pausa do ver\u00e3o europeu.<\/p>\n\n\n\n<figure class=\"wp-block-embed is-type-video is-provider-youtube wp-block-embed-youtube wp-embed-aspect-16-9 wp-has-aspect-ratio\"><div class=\"wp-block-embed__wrapper\">\n<iframe loading=\"lazy\" title=\"LECLERC PRECISA APRENDER A SE PERDOAR APESAR DE ERRO NA F1 2022\" width=\"500\" height=\"281\" src=\"https:\/\/www.youtube.com\/embed\/ovl1Yg4INRA?feature=oembed\" frameborder=\"0\" allow=\"accelerometer; autoplay; clipboard-write; encrypted-media; gyroscope; picture-in-picture; web-share\" referrerpolicy=\"strict-origin-when-cross-origin\" allowfullscreen><\/iframe>\n<\/div><figcaption>LECLERC PRECISA APRENDER A SE PERDOAR APESAR DE ERRO NA F1 2022<\/figcaption><\/figure>\n","protected":false},"excerpt":{"rendered":"<p>Christian Horner, chefe da Red Bull, acredita que a Mercedes est\u00e1 se aproximando do desempenho dos taurinos, ainda que n\u00e3o tenha sido capaz de amea\u00e7ar Max Verstappen na Fran\u00e7a<\/p>\n","protected":false},"author":0,"featured_media":1000598137,"comment_status":"closed","ping_status":"closed","sticky":false,"template":"","format":"standard","meta":{"42wp_featured_image_caption":"","42wp_featured_image_credits":"","42wp_featured_video":"","42wp_featured_image_hidden":false,"42wp_authors_list":[],"footnotes":""},"categories":[2],"tags":[655,147,1357,24837,31064,25050,31866,82,204],"42wp_author":[47144],"class_list":["post-110314","post","type-post","status-publish","format-standard","has-post-thumbnail","hentry","category-f1","tag-christian-horner","tag-f1","tag-f1-2022","tag-formula-1-2","tag-formula-1-2022-3","tag-gp-da-franca","tag-gp-da-franca-2022","tag-mercedes","tag-red-bull","42wp_author-andre-netto"],"_links":{"self":[{"href":"https:\/\/grandepremio.com\/br\/wp-json\/wp\/v2\/posts\/110314","targetHints":{"allow":["GET"]}}],"collection":[{"href":"https:\/\/grandepremio.com\/br\/wp-json\/wp\/v2\/posts"}],"about":[{"href":"https:\/\/grandepremio.com\/br\/wp-json\/wp\/v2\/types\/post"}],"replies":[{"embeddable":true,"href":"https:\/\/grandepremio.com\/br\/wp-json\/wp\/v2\/comments?post=110314"}],"version-history":[{"count":0,"href":"https:\/\/grandepremio.com\/br\/wp-json\/wp\/v2\/posts\/110314\/revisions"}],"wp:featuredmedia":[{"embeddable":true,"href":"https:\/\/grandepremio.com\/br\/wp-json\/wp\/v2\/media\/1000598137"}],"wp:attachment":[{"href":"https:\/\/grandepremio.com\/br\/wp-json\/wp\/v2\/media?parent=110314"}],"wp:term":[{"taxonomy":"category","embeddable":true,"href":"https:\/\/grandepremio.com\/br\/wp-json\/wp\/v2\/categories?post=110314"},{"taxonomy":"post_tag","embeddable":true,"href":"https:\/\/grandepremio.com\/br\/wp-json\/wp\/v2\/tags?post=110314"},{"taxonomy":"42wp_author","embeddable":true,"href":"https:\/\/grandepremio.com\/br\/wp-json\/wp\/v2\/42wp_author?post=110314"}],"curies":[{"name":"wp","href":"https:\/\/api.w.org\/{rel}","templated":true}]}}