{"id":110315,"date":"2022-07-26T04:30:00","date_gmt":"2022-07-26T07:30:00","guid":{"rendered":"https:\/\/grandepremio.com\/br\/noticias\/carregada-fabio-quartararo-yamaha-solida-defesa-titulo-2022-agridoce-motogp\/"},"modified":"2022-07-25T10:28:57","modified_gmt":"2022-07-25T13:28:57","slug":"carregada-fabio-quartararo-yamaha-solida-defesa-titulo-2022-agridoce-motogp","status":"publish","type":"post","link":"https:\/\/grandepremio.com\/br\/motogp\/carregada-fabio-quartararo-yamaha-solida-defesa-titulo-2022-agridoce-motogp\/","title":{"rendered":"Carregada por Quartararo, Yamaha faz s\u00f3lida defesa de t\u00edtulo em 2022 agridoce na MotoGP"},"content":{"rendered":"\n<figure class=\"wp-block-embed is-type-video is-provider-youtube wp-block-embed-youtube wp-embed-aspect-16-9 wp-has-aspect-ratio\"><div class=\"wp-block-embed__wrapper\">\n<iframe loading=\"lazy\" title=\"ALEIX ESPARGAR\u00d3 CONDUZ APRILIA AO PROTAGONISMO E MUDA STATUS  NA MOTOGP\" width=\"500\" height=\"281\" src=\"https:\/\/www.youtube.com\/embed\/jjVY0QGMWA4?feature=oembed\" frameborder=\"0\" allow=\"accelerometer; autoplay; clipboard-write; encrypted-media; gyroscope; picture-in-picture; web-share\" referrerpolicy=\"strict-origin-when-cross-origin\" allowfullscreen><\/iframe>\n<\/div><figcaption>ALEIX ESPARGAR\u00d3 CONDUZ APRILIA AO PROTAGONISMO E MUDA STATUS NA MOTOGP<\/figcaption><\/figure>\n\n\n\n<p class=\"wp-block-paragraph\">A Yamaha faz uma temporada agridoce na MotoGP em 2022. A YZR-M1 segue com um d\u00e9ficit de pot\u00eancia importante, mas Fabio Quartararo encontrou um jeito de tirar isso de letra para n\u00e3o s\u00f3 ser competitivo, mas tamb\u00e9m para fazer uma defesa s\u00f3lida do t\u00edtulo do Mundial de Pilotos. Do outro lado dos boxes, Franco Morbidelli parece sofrer da maldi\u00e7\u00e3o de Avril Lavigne, enquanto a sat\u00e9lite RNF n\u00e3o \u00e9 nem uma sombra daquilo que foi outrora.<\/p>\n\n\n\n<p class=\"wp-block-paragraph\">Campe\u00e3o vigente, Quartararo vem carregando o piano nas costas. Com o perd\u00e3o do trocadinho, j\u00e1 que a Yamaha \u00e9 tamb\u00e9m uma fabricante de instrumentos musicais, \u2018El Diablo\u2019 \u00e9 o \u00fanico a conseguir fazer m\u00fasica com a M1. \u00c9 verdade que o prot\u00f3tipo tem l\u00e1 alguns problemas, mas a M1 est\u00e1 longe de ser uma moto ruim. Nas m\u00e3os de Fabio, o piano soa afinado e podia ser parte de qualquer orquestra sem comprometer o andamento da m\u00fasica.<\/p>\n\n\n\n<p class=\"wp-block-paragraph\"><strong>WEB STORY<\/strong><br><strong>\u25b6\ufe0f<\/strong>&nbsp;<strong><a href=\"https:\/\/www.grandepremio.com\/br\/web-stories\/motogp\/composicao-grid-motogp-temporada-2023\/\">Como est\u00e1 o grid da&nbsp;<\/a><a href=\"https:\/\/grandepremio.com\/motovelocidade\/\" target=\"_blank\" rel=\"noreferrer noopener\"><\/a><a href=\"https:\/\/grandepremio.com\/motovelocidade\/\" target=\"_blank\" rel=\"noreferrer noopener\"><\/a><a href=\"https:\/\/grandepremio.com\/motovelocidade\/\" target=\"_blank\" rel=\"noreferrer noopener\"><\/a><a href=\"https:\/\/grandepremio.com\/motovelocidade\/\" target=\"_blank\" rel=\"noreferrer noopener\"><\/a><a href=\"https:\/\/grandepremio.com\/motovelocidade\/\" target=\"_blank\" rel=\"noreferrer noopener\"><\/a><a href=\"https:\/\/grandepremio.com\/motovelocidade\/\" target=\"_blank\" rel=\"noreferrer noopener\"><\/a><a href=\"https:\/\/grandepremio.com\/motovelocidade\/\" target=\"_blank\" rel=\"noreferrer noopener\"><\/a><a href=\"https:\/\/grandepremio.com\/motovelocidade\/\" target=\"_blank\" rel=\"noreferrer noopener\"><\/a><a href=\"https:\/\/grandepremio.com\/motovelocidade\/\" target=\"_blank\" rel=\"noreferrer noopener\"><\/a><a href=\"https:\/\/grandepremio.com\/motovelocidade\/\" target=\"_blank\" rel=\"noreferrer noopener\"><\/a><a href=\"https:\/\/grandepremio.com\/motovelocidade\/\" target=\"_blank\" rel=\"noreferrer noopener\"><\/a><a href=\"https:\/\/grandepremio.com\/motovelocidade\/\" target=\"_blank\" rel=\"noreferrer noopener\">MotoGP<\/a><a href=\"https:\/\/www.grandepremio.com\/br\/web-stories\/motogp\/composicao-grid-motogp-temporada-2023\/\">&nbsp;para a temporada 2023?<\/a><\/strong><\/p>\n\n\n\n<figure class=\"wp-block-image size-large\"><img decoding=\"async\" src=\"https:\/\/www.grandepremio.com\/br\/wp-content\/uploads\/2022\/06\/MEYM_190622__A9X2915-1024x682.jpg\" alt=\"\" class=\"wp-image-587056\"\/><figcaption>Boa fase de Fabio Quartararo tem sido a salva\u00e7\u00e3o da Yamaha em 2022 (Foto: Yamaha)<\/figcaption><\/figure>\n\n\n\n<p class=\"wp-block-paragraph\"><strong>\u25b6\ufe0f\u00a0Inscreva-se nos dois canais do GRANDE PR\u00caMIO no YouTube:\u00a0<a href=\"https:\/\/www.youtube.com\/channel\/UC9OlHEgxoaY6QY6nWPoiqQg?sub_confirmation=1\" target=\"_blank\" rel=\"noreferrer noopener\">GP<\/a>\u00a0|\u00a0<a href=\"https:\/\/www.youtube.com\/channel\/UC9csiS6q_C3C0FYhyr1rnFA?sub_confirmation=1\" target=\"_blank\" rel=\"noreferrer noopener\">GP2<\/a><\/strong><\/p>\n\n\n\n<p class=\"wp-block-paragraph\">Como fez ao longo dos \u00faltimos anos, Fabio veio para 2022 com uma vers\u00e3o atualizada, mais completa do que a anterior. Inteligente, o piloto de Nice aprendeu a driblar o d\u00e9ficit de pot\u00eancia e tem feito tudo que pode para fazer frente a advers\u00e1rios que s\u00e3o mais r\u00e1pidos. Quartararo construiu uma lideran\u00e7a boa na primeira parte do ano e vem defendendo bem a ta\u00e7a da MotoGP.<\/p>\n\n\n\n<p class=\"wp-block-paragraph\">Com os demais pilotos, por\u00e9m, o instrumento parece at\u00e9 sem brilho. Franco Morbidelli, que nos tempos de SRT \u2014 hoje RNF \u2014 foi vice-campe\u00e3o, atualmente parece sofrer do mesmo mal que atingiu Avril Lavigne, que estourou com o primeiro \u00e1lbum \u2018Let Go\u2019, mas depois n\u00e3o conseguiu o mesmo impacto, levando a rumores de que \u201cmorreu e foi substitu\u00edda\u201d.<\/p>\n\n\n\n<p class=\"wp-block-paragraph\">Assim como a cantora canadense, Franco segue o mesmo e continua sendo capaz de repetir os feitos de outrora, mas, por alguma raz\u00e3o, isso n\u00e3o aconteceu desde a chegada ao time de f\u00e1brica. Alguns apontam para a separa\u00e7\u00e3o com Ram\u00f3n Forcada como fator determinante, mas a Yamaha segue apostando em Patrick Primmer no comando da equipe.<\/p>\n\n\n\n<p class=\"wp-block-paragraph\">Outra verdade \u00e9 que, n\u00e3o fosse o contrato assinado quando da substitui\u00e7\u00e3o de Maverick Vi\u00f1ales, Franco estaria em maus len\u00e7\u00f3is, mas ter um papel assinado para 2023 deu a ele a tranquilidade de ter uma vaga garantida. \u00c9 fato tamb\u00e9m que o v\u00ednculo poderia ser rompido, mas a casa de Iwata frisou reiteradas vezes que honraria o acordo com o \u00edtalo-brasileiro.<\/p>\n\n\n\n<p class=\"wp-block-paragraph\">Do lado da equipe sat\u00e9lite, tem sido um show de horror. Andrea Dovizioso jamais recuperou a forma dos bons tempos de Ducati e tampouco conseguiu se adaptar a uma moto que \u00e9 completamente diferente da Desmosedici com que foi tr\u00eas vezes vice-campe\u00e3o. A experi\u00eancia do retorno \u00e0 MotoGP foi t\u00e3o ruim que o italiano j\u00e1 decidiu pela aposentadoria, mas sai de cena com uma ato final que sequer precisava ter sido apresentado. O retorno de quase nada serviu.<\/p>\n\n\n\n<p class=\"wp-block-paragraph\">No caso de Darryn Binder, n\u00e3o d\u00e1 para se queixar. Afinal, quem \u00e9 que esperava mais dele? Primeiro que o ca\u00e7ula dos irm\u00e3os sul-africanos nunca se mostrou um prod\u00edgio na classe menor. Segundo que a experi\u00eancia da Honda com Jack Miller j\u00e1 tinha mostrado que o salto de Moto3 para MotoGP \u00e9 enorme. \u00c9 preciso de tempo de adapta\u00e7\u00e3o. Um tempo muito maior do que as 11 corridas que ele teve at\u00e9 aqui.<\/p>\n\n\n\n<p class=\"wp-block-paragraph\">\u00c9 at\u00e9 injusto avaliar o que Darryn fez at\u00e9 aqui. Pois, de fato, ele sequer deveria estar na MotoGP. Binder deveria, primeiro, ter passado pela Moto2, experimentado uma moto maior, com mais eletr\u00f4nica, antes de dar o salto para um prot\u00f3tipo com a YZR-M1.<\/p>\n\n\n\n<p class=\"wp-block-paragraph\">Ainda que a M1 seja conhecida como uma moto docinha com novatos, Darryn n\u00e3o \u00e9 um novato comum. \u00c9 um novato que saiu do ensino fundamental direto para a faculdade, pulando a fase do ensino m\u00e9dio. Binder n\u00e3o faz e nem poderia fazer um bom ano. Esperar algo diferente disso era um sonho completo.<\/p>\n\n\n\n<p class=\"wp-block-paragraph\">Possivelmente alguns pouqu\u00edssimos pilotos pudessem se dar bem em um salto como esse, mas apenas pilotos no n\u00edvel de Marc M\u00e1rquez, Valentino Rossi, Dani Pedrosa, Casey Stoner, Jorge Lorenzo e etc. Darryn n\u00e3o est\u00e1 neste n\u00edvel. Talvez nem Brad, que \u00e9 o mais talentoso dos irm\u00e3os, poderia dar esse passo de maneira indolor.<\/p>\n\n\n\n<p class=\"wp-block-paragraph\">Ainda que o cen\u00e1rio n\u00e3o fosse dos mais favor\u00e1veis para a RNF, surpreende que o ano seja t\u00e3o ruim. Foram s\u00f3 20 pontos conquistados ao longo do ano \u2014 divididos igualmente entre os pilotos \u2014, melhor apenas do que a Tech3, que fica na lanterna do Mundial de Equipes com os estreantes Remy Gardner e Ra\u00fal Fern\u00e1ndez.<\/p>\n\n\n\n<p class=\"wp-block-paragraph\">Ao fim e ao cabo, a Yamaha tem sorte em ter Quartararo em excelente fase para defender os tr\u00eas diapas\u00f5es. N\u00e3o fosse ele, a situa\u00e7\u00e3o seria bem periclitante. Para o restante para temporada, Fabio ter\u00e1 trabalho para defender o t\u00edtulo e chegar ao bicampeonato, mas, do outro lado da garagem, \u00e9 importante recuperar Morbidelli. Afinal, ser\u00e3o s\u00f3 os dois \u2018contra o mundo\u2019 em 2023.<\/p>\n\n\n\n<p class=\"wp-block-paragraph\">A&nbsp;<a href=\"https:\/\/grandepremio.com\/motovelocidade\/\" target=\"_blank\" rel=\"noreferrer noopener\"><\/a><a href=\"https:\/\/grandepremio.com\/motovelocidade\/\" target=\"_blank\" rel=\"noreferrer noopener\"><\/a><a href=\"https:\/\/grandepremio.com\/motovelocidade\/\" target=\"_blank\" rel=\"noreferrer noopener\">MotoGP<\/a>&nbsp;agora entra em f\u00e9rias e volta \u00e0 ativa apenas no dia 7 de agosto, com o&nbsp;<a href=\"https:\/\/www.grandepremio.com\/br\/etapa\/motogp\/gp-gra-bretanha-motogp-2022\/\" target=\"_blank\" rel=\"noreferrer noopener\">GP da Gr\u00e3-Bretanha<\/a>, em Silverstone. O&nbsp;<strong>GRANDE PR\u00caMIO<\/strong>&nbsp;acompanha todas as atividades&nbsp;do Mundial de&nbsp;<a href=\"https:\/\/www.grandepremio.com\/motovelocidade\/\" target=\"_blank\" rel=\"noreferrer noopener\"><\/a><a href=\"https:\/\/www.grandepremio.com\/motovelocidade\/\" target=\"_blank\" rel=\"noreferrer noopener\"><\/a><a href=\"https:\/\/www.grandepremio.com\/motovelocidade\/\" target=\"_blank\" rel=\"noreferrer noopener\"><\/a><a href=\"https:\/\/www.grandepremio.com\/motovelocidade\/\" target=\"_blank\" rel=\"noreferrer noopener\"><\/a><a href=\"https:\/\/www.grandepremio.com\/motovelocidade\/\" target=\"_blank\" rel=\"noreferrer noopener\"><\/a><a href=\"https:\/\/www.grandepremio.com\/motovelocidade\/\" target=\"_blank\" rel=\"noreferrer noopener\"><\/a><a href=\"https:\/\/www.grandepremio.com\/motovelocidade\/\" target=\"_blank\" rel=\"noreferrer noopener\"><\/a><a href=\"https:\/\/www.grandepremio.com\/motovelocidade\/\" target=\"_blank\" rel=\"noreferrer noopener\"><\/a><a href=\"https:\/\/www.grandepremio.com\/motovelocidade\/\" target=\"_blank\" rel=\"noreferrer noopener\"><\/a><a href=\"https:\/\/www.grandepremio.com\/motovelocidade\/\" target=\"_blank\" rel=\"noreferrer noopener\"><\/a><a href=\"https:\/\/www.grandepremio.com\/motovelocidade\/\" target=\"_blank\" rel=\"noreferrer noopener\">Motovelocidade<\/a>&nbsp;2022.<\/p>\n\n\n\n<p class=\"wp-block-paragraph\"><strong>LEIA TAMB\u00c9M<\/strong><br># <strong><a href=\"https:\/\/www.grandepremio.com\/br\/motogp\/noticias\/quem-subiu-desceu-surpreendeu-ate-aqui-motogp-2022\/\">Quem subiu, desceu ou surpreendeu at\u00e9 aqui na <\/a><a href=\"https:\/\/grandepremio.com\/motovelocidade\/\" target=\"_blank\" rel=\"noreferrer noopener\"><\/a><a href=\"https:\/\/grandepremio.com\/motovelocidade\/\" target=\"_blank\" rel=\"noreferrer noopener\">MotoGP<\/a><a href=\"https:\/\/www.grandepremio.com\/br\/motogp\/noticias\/quem-subiu-desceu-surpreendeu-ate-aqui-motogp-2022\/\"> 2022<\/a><\/strong><br># <strong><a href=\"https:\/\/www.grandepremio.com\/br\/motogp\/noticias\/suzuki-anuncia-acordo-dorna-oficializa-saida-motogp-2022\/\"><\/a><a href=\"https:\/\/www.grandepremio.com\/br\/equipe\/motogp\/2021\/team-suzuki-ecstar\/\" target=\"_blank\" rel=\"noreferrer noopener\"><\/a><a href=\"https:\/\/www.grandepremio.com\/br\/equipe\/motogp\/2021\/team-suzuki-ecstar\/\" target=\"_blank\" rel=\"noreferrer noopener\">Suzuki<\/a><a href=\"https:\/\/www.grandepremio.com\/br\/motogp\/noticias\/suzuki-anuncia-acordo-dorna-oficializa-saida-motogp-2022\/\"> anuncia acordo com Dorna e oficializa sa\u00edda da MotoGP ao fim de 2022<\/a><\/strong><br># <strong><a href=\"https:\/\/www.grandepremio.com\/br\/motogp\/noticias\/andrea-dovizioso-ve-trajetoria-completa-anuncia-aposentadoria-motogp-2023\/\">Dovizioso v\u00ea trajet\u00f3ria completa e anuncia aposentadoria da MotoGP em 2023<\/a><\/strong><br># <strong><a href=\"https:\/\/www.grandepremio.com\/br\/motogp\/noticias\/marc-marquez-avanca-recuperacao-liberado-fisioterapia-42-dias-cirurgia\/\"><\/a><a href=\"https:\/\/www.grandepremio.com\/br\/piloto\/marc-marquez\/\" target=\"_blank\" rel=\"noreferrer noopener\"><\/a><a href=\"https:\/\/www.grandepremio.com\/br\/piloto\/marc-marquez\/\" target=\"_blank\" rel=\"noreferrer noopener\"><\/a><a href=\"https:\/\/www.grandepremio.com\/br\/piloto\/marc-marquez\/\" target=\"_blank\" rel=\"noreferrer noopener\"><\/a><a href=\"https:\/\/www.grandepremio.com\/br\/piloto\/marc-marquez\/\" target=\"_blank\" rel=\"noreferrer noopener\">Marc M\u00e1rquez<\/a><a href=\"https:\/\/www.grandepremio.com\/br\/motogp\/noticias\/marc-marquez-avanca-recuperacao-liberado-fisioterapia-42-dias-cirurgia\/\"> avan\u00e7a em recupera\u00e7\u00e3o e \u00e9 liberado para fisioterapia 42 dias ap\u00f3s cirurgia<\/a><\/strong><br># <strong><a href=\"https:\/\/www.grandepremio.com\/br\/motogp\/noticias\/fabio-quartararo-agraciado-ordem-nacional-legiao-honra-franca\/\">Quartararo \u00e9 agraciado com Ordem Nacional da Legi\u00e3o de Honra na Fran\u00e7a<\/a><\/strong><br># <strong><a href=\"https:\/\/www.grandepremio.com\/br\/motogp\/noticias\/suzuki-inicia-contagem-regressiva-adeus-melancolico-motogp\/\">Suzuki inicia contagem regressiva de adeus melanc\u00f3lico \u00e0 MotoGP em 2022<\/a><\/strong><br># <strong><a href=\"https:\/\/www.grandepremio.com\/br\/motogp\/noticias\/ktm-volta-perder-motogp-precisa-buscar-forcas-reerguer-2022\/\"><\/a><a href=\"https:\/\/www.grandepremio.com\/br\/equipe\/motogp\/2021\/red-bull-ktm-factory-racing\/\" target=\"_blank\" rel=\"noreferrer noopener\"><\/a><a href=\"https:\/\/www.grandepremio.com\/br\/equipe\/motogp\/2021\/red-bull-ktm-factory-racing\/\" target=\"_blank\" rel=\"noreferrer noopener\"><\/a><a href=\"https:\/\/www.grandepremio.com\/br\/equipe\/motogp\/2021\/red-bull-ktm-factory-racing\/\" target=\"_blank\" rel=\"noreferrer noopener\"><\/a><a href=\"https:\/\/www.grandepremio.com\/br\/equipe\/motogp\/2021\/red-bull-ktm-factory-racing\/\" target=\"_blank\" rel=\"noreferrer noopener\">KTM<\/a><a href=\"https:\/\/www.grandepremio.com\/br\/motogp\/noticias\/ktm-volta-perder-motogp-precisa-buscar-forcas-reerguer-2022\/\"> volta a se perder na MotoGP e precisa buscar for\u00e7as para se reerguer em 2022<\/a><\/strong><br># <strong><a href=\"https:\/\/www.grandepremio.com\/br\/motogp\/noticias\/honda-sofre-cicatrizar-feridas-sem-marc-marquez-ano-fracasso-total\/\"><\/a><a href=\"https:\/\/www.grandepremio.com\/br\/equipe\/motogp\/2021\/repsol-honda-team\/\" target=\"_blank\" rel=\"noreferrer noopener\"><\/a><a href=\"https:\/\/www.grandepremio.com\/br\/equipe\/motogp\/2021\/repsol-honda-team\/\" target=\"_blank\" rel=\"noreferrer noopener\"><\/a><a href=\"https:\/\/www.grandepremio.com\/br\/equipe\/motogp\/2021\/repsol-honda-team\/\" target=\"_blank\" rel=\"noreferrer noopener\"><\/a><a href=\"https:\/\/www.grandepremio.com\/br\/equipe\/motogp\/2021\/repsol-honda-team\/\" target=\"_blank\" rel=\"noreferrer noopener\">Honda<\/a><a href=\"https:\/\/www.grandepremio.com\/br\/motogp\/noticias\/honda-sofre-cicatrizar-feridas-sem-marc-marquez-ano-fracasso-total\/\"> sofre para cicatrizar feridas sem Marc M\u00e1rquez em ano de fracasso total<\/a><\/strong><br># <strong><a href=\"https:\/\/www.grandepremio.com\/br\/motogp\/noticias\/aprilia-da-salto-performance-vira-estrela-mete-colher-ate-briga-titulo\/\"><\/a><a href=\"https:\/\/www.grandepremio.com\/br\/equipe\/motogp\/2021\/aprilia-racing\/\" target=\"_blank\" rel=\"noreferrer noopener\"><\/a><a href=\"https:\/\/www.grandepremio.com\/br\/equipe\/motogp\/2021\/aprilia-racing\/\" target=\"_blank\" rel=\"noreferrer noopener\">Aprilia<\/a><a href=\"https:\/\/www.grandepremio.com\/br\/motogp\/noticias\/aprilia-da-salto-performance-vira-estrela-mete-colher-ate-briga-titulo\/\"> d\u00e1 salto de performance, vira estrela e mete colher at\u00e9 na briga pelo t\u00edtulo<\/a><\/strong><\/p>\n\n\n\n<figure class=\"wp-block-embed is-type-video is-provider-youtube wp-block-embed-youtube wp-embed-aspect-16-9 wp-has-aspect-ratio\"><div class=\"wp-block-embed__wrapper\">\n<iframe loading=\"lazy\" title=\"QUARTARARO CRESCE E MARCA DIFEREN\u00c7A NA PRIMEIRA METADE DA MOTOGP 2022\" width=\"500\" height=\"281\" src=\"https:\/\/www.youtube.com\/embed\/rI0PW1MRgtg?feature=oembed\" frameborder=\"0\" allow=\"accelerometer; autoplay; clipboard-write; encrypted-media; gyroscope; picture-in-picture; web-share\" referrerpolicy=\"strict-origin-when-cross-origin\" allowfullscreen><\/iframe>\n<\/div><figcaption>QUARTARARO CRESCE E MARCA DIFEREN\u00c7A NA PRIMEIRA METADE DA MOTOGP 2022<\/figcaption><\/figure>\n","protected":false},"excerpt":{"rendered":"<p>Com Franco Morbidelli completamente longe da performance que exibiu outrora e o duo da RNF tamb\u00e9m apagado, o ano da casa de Iwata \u00e9 completamente dependente do franc\u00eas. Para a sorte da casa japonesa, o campe\u00e3o vigente faz um ano muito forte e carrega a YZR-M1 nas costas na primeira parte da temporada 2022 <\/p>\n","protected":false},"author":0,"featured_media":1000586416,"comment_status":"closed","ping_status":"closed","sticky":false,"template":"","format":"standard","meta":{"42wp_featured_image_caption":"","42wp_featured_image_credits":"","42wp_featured_video":"","42wp_featured_image_hidden":false,"42wp_authors_list":[],"footnotes":""},"categories":[8],"tags":[31318,79,78,2997,30733,30728,30734,25819,28345,28766,26690,172],"42wp_author":[47113],"class_list":["post-110315","post","type-post","status-publish","format-standard","has-post-thumbnail","hentry","category-motogp","tag-fabio-quartararo-2","tag-moto-gp","tag-motogp","tag-motogp-2022","tag-motogp-2022-calendario","tag-motogp-calendario-2022","tag-motogp-classificacao-2022","tag-motogp-hoje","tag-motogp-horarios","tag-motogp-standings","tag-pilotos-motogp","tag-yamaha","42wp_author-juliana-tesser"],"_links":{"self":[{"href":"https:\/\/grandepremio.com\/br\/wp-json\/wp\/v2\/posts\/110315","targetHints":{"allow":["GET"]}}],"collection":[{"href":"https:\/\/grandepremio.com\/br\/wp-json\/wp\/v2\/posts"}],"about":[{"href":"https:\/\/grandepremio.com\/br\/wp-json\/wp\/v2\/types\/post"}],"replies":[{"embeddable":true,"href":"https:\/\/grandepremio.com\/br\/wp-json\/wp\/v2\/comments?post=110315"}],"version-history":[{"count":0,"href":"https:\/\/grandepremio.com\/br\/wp-json\/wp\/v2\/posts\/110315\/revisions"}],"wp:featuredmedia":[{"embeddable":true,"href":"https:\/\/grandepremio.com\/br\/wp-json\/wp\/v2\/media\/1000586416"}],"wp:attachment":[{"href":"https:\/\/grandepremio.com\/br\/wp-json\/wp\/v2\/media?parent=110315"}],"wp:term":[{"taxonomy":"category","embeddable":true,"href":"https:\/\/grandepremio.com\/br\/wp-json\/wp\/v2\/categories?post=110315"},{"taxonomy":"post_tag","embeddable":true,"href":"https:\/\/grandepremio.com\/br\/wp-json\/wp\/v2\/tags?post=110315"},{"taxonomy":"42wp_author","embeddable":true,"href":"https:\/\/grandepremio.com\/br\/wp-json\/wp\/v2\/42wp_author?post=110315"}],"curies":[{"name":"wp","href":"https:\/\/api.w.org\/{rel}","templated":true}]}}