{"id":110324,"date":"2022-07-25T10:28:35","date_gmt":"2022-07-25T13:28:35","guid":{"rendered":"https:\/\/grandepremio.com\/br\/noticias\/lewis-hamilton-avalia-futuro-formula-1-ainda-tenho-combustivel-sobra-tanque\/"},"modified":"2022-07-25T10:29:18","modified_gmt":"2022-07-25T13:29:18","slug":"lewis-hamilton-avalia-futuro-formula-1-ainda-tenho-combustivel-sobra-tanque","status":"publish","type":"post","link":"https:\/\/grandepremio.com\/br\/f1\/lewis-hamilton-avalia-futuro-formula-1-ainda-tenho-combustivel-sobra-tanque\/","title":{"rendered":"Hamilton avalia futuro na F\u00f3rmula 1: &#8220;Ainda tenho combust\u00edvel de sobra no tanque&#8221;"},"content":{"rendered":"\n<figure class=\"wp-block-embed is-type-video is-provider-youtube wp-block-embed-youtube wp-embed-aspect-16-9 wp-has-aspect-ratio\"><div class=\"wp-block-embed__wrapper\">\n<iframe loading=\"lazy\" title=\"F1 2022: LECLERC BATE E VERSTAPPEN VENCE GP DA FRAN\u00c7A DE F\u00d3RMULA 1. HAMILTON \u00c9 2\u00ba | Briefing\" width=\"500\" height=\"281\" src=\"https:\/\/www.youtube.com\/embed\/fPOH_Ar8pSI?feature=oembed\" frameborder=\"0\" allow=\"accelerometer; autoplay; clipboard-write; encrypted-media; gyroscope; picture-in-picture; web-share\" referrerpolicy=\"strict-origin-when-cross-origin\" allowfullscreen><\/iframe>\n<\/div><figcaption>F1 2022: LECLERC BATE E VERSTAPPEN VENCE GP DA FRAN\u00c7A DE F\u00d3RMULA 1. HAMILTON \u00c9 2\u00ba | Briefing<\/figcaption><\/figure>\n\n\n\n<p class=\"wp-block-paragraph\">Melhor resultado da temporada <a href=\"https:\/\/www.grandepremio.com\/br\/f1\/noticias\/max-verstappen-conta-acidente-charles-leclerc-vence-franca-formula-1\/\" class=\"ek-link\">com um 2\u00ba lugar<\/a> no GP da Fran\u00e7a, Mercedes cada vez mais entendendo melhor o W13&#8230; o estado atual do 2022 de Lewis Hamilton na F\u00f3rmula 1 \u00e9 muito diferente daquele visto no come\u00e7o do ano. <\/p>\n\n\n\n<p class=\"wp-block-paragraph\">Em Paul Ricard, o heptacampe\u00e3o mundial chegou \u00e0 marca de 300 GP&#8217;s na F1 e, perguntado sobre futuro, disse aproveitar o esporte cada vez mais. Hamilton, vale lembrar, possui contrato com a Mercedes at\u00e9 o fim de 2023.<\/p>\n\n\n\n<figure class=\"wp-block-image size-large\"><img decoding=\"async\" src=\"https:\/\/www.grandepremio.com\/br\/wp-content\/uploads\/2022\/07\/mercedes-lewishamilton-01-12-1024x683.jpg\" alt=\"\" class=\"wp-image-598132\"\/><figcaption>Lewis Hamilton na Fran\u00e7a: melhor resultado da temporada (Foto: Mercedes)<\/figcaption><\/figure>\n\n\n\n<p class=\"wp-block-paragraph\">&#8220;Primeiramente, quero agradecer por chegar at\u00e9 aqui. Mas ainda me sinto fresco, e ainda sinto que tenho combust\u00edvel sobrando no tanque. Estou gostando do que estou fazendo e orgulhoso de trabalhar, todos os dias, com este grupo incr\u00edvel de pessoas. Estou aproveitando para trabalhar com o esporte mais do que nunca&#8221;, afirmou.<\/p>\n\n\n\n<p class=\"wp-block-paragraph\">&#8220;A marca de 300 GP&#8217;s foi mencionada no come\u00e7o do fim de semana, e n\u00e3o pensei muito sobre isso. Mas na manh\u00e3 da corrida, acordei e me senti incrivelmente grato, pensando em todas as pessoas que estiveram comigo ao longo do caminho &#8211; Ron Dennis e a Mercedes me dando uma chance quando eu era jovem, Martin Whitmarsh e Mansour Ojjeh na McLaren, Toto Wolff, Niki Lauda, Ola Kallenius, Markus Schafer e Dieter Zetsche. Todas essas incr\u00edveis pessoas me apoiaram desde os 13 anos de idade. Todas as minhas corridas foram com motor Mercedes, e estou muito orgulhoso de estar aqui representando eles. Temos que continuar nos esfor\u00e7ando, e cada fim de semana, espero estar mais pr\u00f3ximo (de Ferrari e Red Bull)&#8221;, completou Hamilton.<\/p>\n\n\n\n<figure class=\"wp-block-embed is-type-rich is-provider-spotify wp-block-embed-spotify wp-embed-aspect-21-9 wp-has-aspect-ratio\"><div class=\"wp-block-embed__wrapper\">\n<iframe title=\"Spotify Embed: Paddockast #157: O balan\u00e7o do desempenho de cada piloto na metade da F1 2022\" style=\"border-radius: 12px\" width=\"100%\" height=\"152\" frameborder=\"0\" allowfullscreen allow=\"autoplay; clipboard-write; encrypted-media; fullscreen; picture-in-picture\" loading=\"lazy\" src=\"https:\/\/open.spotify.com\/embed\/episode\/6JiUt1gJVvF4sGEnu0931r?utm_source=oembed\"><\/iframe>\n<\/div><\/figure>\n\n\n\n<p class=\"wp-block-paragraph\">Ainda sobre a atual temporada da F\u00f3rmula 1, o heptacampe\u00e3o mundial reconheceu que a Mercedes ainda est\u00e1 longe de vencer &#8211; mas notou a evolu\u00e7\u00e3o da equipe alem\u00e3 no ano para justificar sua empolga\u00e7\u00e3o. <\/p>\n\n\n\n<p class=\"wp-block-paragraph\">&#8220;Quero voltar a vencer e isso vai levar tempo, mas tenho certeza que vamos sentar algum dia e falar sobre o futuro. Quero continuar construindo. Uma coisa \u00e9 correr, mas outra \u00e9 continuar a fazer mais fora do esporte &#8211; algo que n\u00f3s e a Mercedes conseguimos, e vamos, fazer&#8221;, pontuou.<\/p>\n\n\n\n<p class=\"wp-block-paragraph\"><strong>\u25b6\ufe0f\u00a0Inscreva-se nos dois canais do GRANDE PR\u00caMIO no YouTube:\u00a0<a href=\"https:\/\/www.youtube.com\/channel\/UC9OlHEgxoaY6QY6nWPoiqQg?sub_confirmation=1\" target=\"_blank\" rel=\"noreferrer noopener\">GP<\/a>\u00a0|\u00a0<a href=\"https:\/\/www.youtube.com\/channel\/UC9csiS6q_C3C0FYhyr1rnFA?sub_confirmation=1\" target=\"_blank\" rel=\"noreferrer noopener\">GP2<\/a><\/strong><br><strong>\u25b6\ufe0f\u00a0<a href=\"https:\/\/www.twitch.tv\/grandepremio\" target=\"_blank\" rel=\"noreferrer noopener\">Conhe\u00e7a o canal do GRANDE PR\u00caMIO na Twitch clicando aqui!<\/a><\/strong><\/p>\n\n\n\n<p class=\"wp-block-paragraph\">&#8220;Estou aproveitando mais? 100%. O come\u00e7o do ano n\u00e3o foi miser\u00e1vel, pode ser sempre pior, mas confuso de uma perspectiva de um piloto tentando entender seu carro. Agora, estamos em uma posi\u00e7\u00e3o onde compreendemos melhor o carro, e isso nos deu uma pilotagem muito mais gostosa. Ainda estamos atr\u00e1s em performance em algumas \u00e1reas, mas lentamente estamos chegando l\u00e1. Infelizmente, n\u00e3o conseguimos dar grandes saltos no momento, mas quem sabe?&#8221;, finalizou Hamilton.<\/p>\n\n\n\n<p class=\"wp-block-paragraph\">A\u00a0F\u00f3rmula 1\u00a0retorna j\u00e1 no pr\u00f3ximo fim de semana, entre os dias 29 e 31 de julho, em Hungaroring, com o\u00a0GP da Hungria\u00a0\u2014 que encerra a primeira parte do campeonato.<\/p>\n\n\n\n<figure class=\"wp-block-embed is-type-video is-provider-youtube wp-block-embed-youtube wp-embed-aspect-16-9 wp-has-aspect-ratio\"><div class=\"wp-block-embed__wrapper\">\n<iframe loading=\"lazy\" title=\"LECLERC PRECISA APRENDER A SE PERDOAR APESAR DE ERRO NA F1 2022\" width=\"500\" height=\"281\" src=\"https:\/\/www.youtube.com\/embed\/ovl1Yg4INRA?feature=oembed\" frameborder=\"0\" allow=\"accelerometer; autoplay; clipboard-write; encrypted-media; gyroscope; picture-in-picture; web-share\" referrerpolicy=\"strict-origin-when-cross-origin\" allowfullscreen><\/iframe>\n<\/div><figcaption>LECLERC PRECISA APRENDER A SE PERDOAR APESAR DE ERRO NA F1 2022<\/figcaption><\/figure>\n","protected":false},"excerpt":{"rendered":"<p>Heptacampe\u00e3o mundial chegou \u00e0 marca de 300 GP&#8217;s na F1 em Paul Ricard, no \u00faltimo fim de semana. Ap\u00f3s a corrida, disse aproveitar categoria &#8220;mais do que nunca&#8221; e se avaliou como &#8220;ainda fresco&#8221;<\/p>\n","protected":false},"author":0,"featured_media":1000594799,"comment_status":"closed","ping_status":"closed","sticky":false,"template":"","format":"standard","meta":{"42wp_featured_image_caption":"","42wp_featured_image_credits":"","42wp_featured_video":"","42wp_featured_image_hidden":false,"42wp_authors_list":[],"footnotes":""},"categories":[2],"tags":[147,1357,24837,31064,25050,31866,28354,24836,28285,2810,4694,87,536],"42wp_author":[47143],"class_list":["post-110324","post","type-post","status-publish","format-standard","has-post-thumbnail","hentry","category-f1","tag-f1","tag-f1-2022","tag-formula-1-2","tag-formula-1-2022-3","tag-gp-da-franca","tag-gp-da-franca-2022","tag-gp-da-franca-de-f1","tag-grande-premio-2","tag-grandepremio","tag-hamilton","tag-le-castellet","tag-lewis-hamilton","tag-paul-ricard","42wp_author-felipe-leite"],"_links":{"self":[{"href":"https:\/\/grandepremio.com\/br\/wp-json\/wp\/v2\/posts\/110324","targetHints":{"allow":["GET"]}}],"collection":[{"href":"https:\/\/grandepremio.com\/br\/wp-json\/wp\/v2\/posts"}],"about":[{"href":"https:\/\/grandepremio.com\/br\/wp-json\/wp\/v2\/types\/post"}],"replies":[{"embeddable":true,"href":"https:\/\/grandepremio.com\/br\/wp-json\/wp\/v2\/comments?post=110324"}],"version-history":[{"count":0,"href":"https:\/\/grandepremio.com\/br\/wp-json\/wp\/v2\/posts\/110324\/revisions"}],"wp:featuredmedia":[{"embeddable":true,"href":"https:\/\/grandepremio.com\/br\/wp-json\/wp\/v2\/media\/1000594799"}],"wp:attachment":[{"href":"https:\/\/grandepremio.com\/br\/wp-json\/wp\/v2\/media?parent=110324"}],"wp:term":[{"taxonomy":"category","embeddable":true,"href":"https:\/\/grandepremio.com\/br\/wp-json\/wp\/v2\/categories?post=110324"},{"taxonomy":"post_tag","embeddable":true,"href":"https:\/\/grandepremio.com\/br\/wp-json\/wp\/v2\/tags?post=110324"},{"taxonomy":"42wp_author","embeddable":true,"href":"https:\/\/grandepremio.com\/br\/wp-json\/wp\/v2\/42wp_author?post=110324"}],"curies":[{"name":"wp","href":"https:\/\/api.w.org\/{rel}","templated":true}]}}