{"id":110328,"date":"2022-07-25T09:26:40","date_gmt":"2022-07-25T12:26:40","guid":{"rendered":"https:\/\/grandepremio.com\/br\/noticias\/max-verstappen-iguala-jackie-stewart-pula-oitavo-ranking-maiores-vencedores-formula-1\/"},"modified":"2022-07-25T09:28:18","modified_gmt":"2022-07-25T12:28:18","slug":"max-verstappen-iguala-jackie-stewart-pula-oitavo-ranking-maiores-vencedores-formula-1","status":"publish","type":"post","link":"https:\/\/grandepremio.com\/br\/f1\/max-verstappen-iguala-jackie-stewart-pula-oitavo-ranking-maiores-vencedores-formula-1\/","title":{"rendered":"Verstappen iguala Stewart e pula para 8\u00ba no ranking de maiores vencedores da F1"},"content":{"rendered":"\n<figure class=\"wp-block-embed is-type-video is-provider-youtube wp-block-embed-youtube wp-embed-aspect-16-9 wp-has-aspect-ratio\"><div class=\"wp-block-embed__wrapper\">\n<iframe loading=\"lazy\" title=\"F1 2022: LECLERC BATE E VERSTAPPEN VENCE GP DA FRAN\u00c7A DE F\u00d3RMULA 1. HAMILTON \u00c9 2\u00ba | Briefing\" width=\"500\" height=\"281\" src=\"https:\/\/www.youtube.com\/embed\/fPOH_Ar8pSI?feature=oembed\" frameborder=\"0\" allow=\"accelerometer; autoplay; clipboard-write; encrypted-media; gyroscope; picture-in-picture; web-share\" referrerpolicy=\"strict-origin-when-cross-origin\" allowfullscreen><\/iframe>\n<\/div><figcaption>F1 2022: LECLERC BATE E VERSTAPPEN VENCE GP DA FRAN\u00c7A DE F\u00d3RMULA 1. HAMILTON \u00c9 2\u00ba | Briefing<\/figcaption><\/figure>\n\n\n\n<p class=\"wp-block-paragraph\">Atual campe\u00e3o mundial,\u00a0Max Verstappen\u00a0conquistou seu s\u00e9timo triunfo na temporada de 2022 da\u00a0F\u00f3rmula 1\u00a0no \u00faltimo domingo (24), em Paul Ricard, pelo\u00a0GP da Fran\u00e7a. Ao cruzar a linha de chegada em Le Castellet na primeira coloca\u00e7\u00e3o, o holand\u00eas da\u00a0Red Bull\u00a0chegou ao n\u00famero de 27 vit\u00f3rias na carreira &#8211; empatando com o lend\u00e1rio Jackie Stewart e alcan\u00e7ando a oitava posi\u00e7\u00e3o na lista de maiores vencedores da hist\u00f3ria da principal categoria de automobilismo do mundo.<\/p>\n\n\n\n<p class=\"wp-block-paragraph\">O piloto de 24 anos j\u00e1 havia entrado no top-10 do seleto grupo anteriormente no ano, ao conquistar seu 25\u00ba triunfo da carreira no Azerbaij\u00e3o. O ranking conta com tr\u00eas pilotos ainda em atividade: Fernando Alonso (6\u00ba, com 32), Sebastian Vettel (3\u00ba, com 53) e Lewis Hamilton (1\u00ba, com 103). <\/p>\n\n\n\n<p class=\"wp-block-paragraph\"><strong>\u25b6\ufe0f\u00a0<a href=\"https:\/\/www.twitch.tv\/grandepremio\" target=\"_blank\" rel=\"noreferrer noopener\" class=\"ek-link\">Conhe\u00e7a o canal do GRANDE PR\u00caMIO na Twitch clicando aqui!<\/a><\/strong><\/p>\n\n\n\n<figure class=\"wp-block-image size-large\"><img decoding=\"async\" src=\"https:\/\/www.grandepremio.com\/br\/wp-content\/uploads\/2022\/07\/redbull-maxverstappen-06-1-1024x683.jpg\" alt=\"\" class=\"wp-image-598199\"\/><figcaption>Max Verstappen (Foto: Red Bull Content Pool)<\/figcaption><\/figure>\n\n\n\n<p class=\"wp-block-paragraph\"><strong>\u25b6\ufe0f\u00a0Inscreva-se nos dois canais do GRANDE PR\u00caMIO no YouTube:\u00a0<a href=\"https:\/\/www.youtube.com\/channel\/UC9OlHEgxoaY6QY6nWPoiqQg?sub_confirmation=1\" target=\"_blank\" rel=\"noreferrer noopener\">GP<\/a>\u00a0|\u00a0<a href=\"https:\/\/www.youtube.com\/channel\/UC9csiS6q_C3C0FYhyr1rnFA?sub_confirmation=1\" target=\"_blank\" rel=\"noreferrer noopener\">GP2<\/a><\/strong><\/p>\n\n\n\n<p class=\"wp-block-paragraph\">A vit\u00f3ria de Verstappen na Fran\u00e7a tamb\u00e9m simbolizou o 83\u00ba triunfo da Red Bull na F\u00f3rmula 1. No ranking geral, os taurinos se desgarraram ainda mais da Lotus, que tem 81, permanecendo no top-5. Ferrari (242), McLaren (183), Mercedes (124) e Williams (114) completam a lista.<\/p>\n\n\n\n<p class=\"wp-block-paragraph\">A pr\u00f3xima oportunidade do jovem holand\u00eas seguir escalando a lista de maiores vencedores da F\u00f3rmula 1  ser\u00e1 no GP da Hungria, j\u00e1 no pr\u00f3ximo fim de semana. O\u00a0<strong>GRANDE PR\u00caMIO<\/strong>\u00a0acompanha todas as a\u00e7\u00f5es da 13\u00aa etapa da temporada\u00a0<strong>AO VIVO e em\u00a0<a href=\"https:\/\/www.grandepremio.com\/br\/ao-vivo\/\" target=\"_blank\" rel=\"noreferrer noopener\"><\/a><a href=\"https:\/\/www.grandepremio.com\/br\/ao-vivo\/\" target=\"_blank\" rel=\"noreferrer noopener\"><\/a><a href=\"https:\/\/www.grandepremio.com\/br\/ao-vivo\/\" target=\"_blank\" rel=\"noreferrer noopener\"><\/a><a href=\"https:\/\/www.grandepremio.com\/br\/ao-vivo\/\" target=\"_blank\" rel=\"noreferrer noopener\" class=\"ek-link\">TEMPO REAL<\/a><\/strong>.<\/p>\n\n\n\n<figure class=\"wp-block-table\"><table><tbody><tr><td><strong>POSI\u00c7\u00c3O<\/strong><\/td><td><strong>PILOTO<\/strong><\/td><td><strong>N\u00daMERO DE VIT\u00d3RIAS NA F1<\/strong><\/td><\/tr><tr><td>1\u00ba<\/td><td>Lewis Hamilton<\/td><td>103<\/td><\/tr><tr><td>2\u00ba<\/td><td>Michael Schumacher<\/td><td>91<\/td><\/tr><tr><td>3\u00ba<\/td><td>Sebastian Vettel<\/td><td>53<\/td><\/tr><tr><td>4\u00ba<\/td><td>Alain Prost<\/td><td>51<\/td><\/tr><tr><td>5\u00ba<\/td><td>Ayrton Senna<\/td><td>41<\/td><\/tr><tr><td>6\u00ba<\/td><td>Fernando Alonso<\/td><td>32<\/td><\/tr><tr><td>7\u00ba<\/td><td>Nigel Mansell<\/td><td>31<\/td><\/tr><tr><td>8\u00ba<\/td><td>Jackie Stewart<\/td><td>27<\/td><\/tr><tr><td>=8\u00ba<\/td><td>Max Verstappen<\/td><td>27<\/td><\/tr><tr><td>10\u00ba<\/td><td>Jim Clark<\/td><td>25<\/td><\/tr><tr><td>=10\u00ba<\/td><td>Niki Lauda<\/td><td>25<\/td><\/tr><tr><td>12\u00ba<\/td><td>Juan Manuel Fangio<\/td><td>24<\/td><\/tr><tr><td>13\u00ba<\/td><td>Nelson Piquet<\/td><td>23<\/td><\/tr><tr><td>=13\u00ba<\/td><td>Nico Rosberg<\/td><td>23<\/td><\/tr><tr><td>15\u00ba<\/td><td>Damon Hill<\/td><td>22<\/td><\/tr><\/tbody><\/table><\/figure>\n\n\n\n<p class=\"wp-block-paragraph\"><strong>LEIA TAMB\u00c9M<\/strong><br><strong>+ Opini\u00e3o GP: Ferrari <a href=\"https:\/\/www.grandepremio.com\/br\/f1\/noticias\/opiniao-gp-ferrari-e-incrivel-e-otima-ao-desenvolver-carro-mas-burra-na-luta-por-titulo\/\" class=\"ek-link\">\u00e9 incr\u00edvel \u2013 \u00e9 \u00f3tima a<\/a><\/strong><a href=\"https:\/\/www.grandepremio.com\/br\/f1\/noticias\/opiniao-gp-ferrari-e-incrivel-e-otima-ao-desenvolver-carro-mas-burra-na-luta-por-titulo\/\" class=\"ek-link\"><strong>o desenvolver carro, mas burra na luta por t\u00edtulo<\/strong><\/a><\/p>\n\n\n\n<figure class=\"wp-block-embed is-type-video is-provider-youtube wp-block-embed-youtube wp-embed-aspect-16-9 wp-has-aspect-ratio\"><div class=\"wp-block-embed__wrapper\">\n<iframe loading=\"lazy\" title=\"LECLERC PRECISA APRENDER A SE PERDOAR APESAR DE ERRO NA F1 2022\" width=\"500\" height=\"281\" src=\"https:\/\/www.youtube.com\/embed\/ovl1Yg4INRA?feature=oembed\" frameborder=\"0\" allow=\"accelerometer; autoplay; clipboard-write; encrypted-media; gyroscope; picture-in-picture; web-share\" referrerpolicy=\"strict-origin-when-cross-origin\" allowfullscreen><\/iframe>\n<\/div><figcaption>LECLERC PRECISA APRENDER A SE PERDOAR APESAR DE ERRO NA F1 2022<\/figcaption><\/figure>\n","protected":false},"excerpt":{"rendered":"<p>Com triunfo no GP da Fran\u00e7a, piloto holand\u00eas empatou com lend\u00e1rio Jackie Stewart e chegou \u00e0 vit\u00f3ria de n\u00famero 27 na carreira<\/p>\n","protected":false},"author":0,"featured_media":1000598201,"comment_status":"closed","ping_status":"closed","sticky":false,"template":"","format":"standard","meta":{"42wp_featured_image_caption":"","42wp_featured_image_credits":"","42wp_featured_video":"","42wp_featured_image_hidden":false,"42wp_authors_list":[],"footnotes":""},"categories":[2],"tags":[147,1357,24837,31064,25050,31866,24836,28285,4694,203,536,9685],"42wp_author":[47143],"class_list":["post-110328","post","type-post","status-publish","format-standard","has-post-thumbnail","hentry","category-f1","tag-f1","tag-f1-2022","tag-formula-1-2","tag-formula-1-2022-3","tag-gp-da-franca","tag-gp-da-franca-2022","tag-grande-premio-2","tag-grandepremio","tag-le-castellet","tag-max-verstappen","tag-paul-ricard","tag-verstappen","42wp_author-felipe-leite"],"_links":{"self":[{"href":"https:\/\/grandepremio.com\/br\/wp-json\/wp\/v2\/posts\/110328","targetHints":{"allow":["GET"]}}],"collection":[{"href":"https:\/\/grandepremio.com\/br\/wp-json\/wp\/v2\/posts"}],"about":[{"href":"https:\/\/grandepremio.com\/br\/wp-json\/wp\/v2\/types\/post"}],"replies":[{"embeddable":true,"href":"https:\/\/grandepremio.com\/br\/wp-json\/wp\/v2\/comments?post=110328"}],"version-history":[{"count":0,"href":"https:\/\/grandepremio.com\/br\/wp-json\/wp\/v2\/posts\/110328\/revisions"}],"wp:featuredmedia":[{"embeddable":true,"href":"https:\/\/grandepremio.com\/br\/wp-json\/wp\/v2\/media\/1000598201"}],"wp:attachment":[{"href":"https:\/\/grandepremio.com\/br\/wp-json\/wp\/v2\/media?parent=110328"}],"wp:term":[{"taxonomy":"category","embeddable":true,"href":"https:\/\/grandepremio.com\/br\/wp-json\/wp\/v2\/categories?post=110328"},{"taxonomy":"post_tag","embeddable":true,"href":"https:\/\/grandepremio.com\/br\/wp-json\/wp\/v2\/tags?post=110328"},{"taxonomy":"42wp_author","embeddable":true,"href":"https:\/\/grandepremio.com\/br\/wp-json\/wp\/v2\/42wp_author?post=110328"}],"curies":[{"name":"wp","href":"https:\/\/api.w.org\/{rel}","templated":true}]}}