{"id":110331,"date":"2022-07-25T07:54:38","date_gmt":"2022-07-25T10:54:38","guid":{"rendered":"https:\/\/grandepremio.com\/br\/noticias\/fia-falha-hardware-atraso-fim-safety-car-virtual-franca\/"},"modified":"2022-07-25T07:55:16","modified_gmt":"2022-07-25T10:55:16","slug":"fia-falha-hardware-atraso-fim-safety-car-virtual-franca","status":"publish","type":"post","link":"https:\/\/grandepremio.com\/br\/f1\/fia-falha-hardware-atraso-fim-safety-car-virtual-franca\/","title":{"rendered":"FIA aponta falha de hardware como causa para atraso no fim de safety-car virtual na Fran\u00e7a"},"content":{"rendered":"\n<figure class=\"wp-block-video\"><video class=\"video-js vjs-big-play-centered\" data-gp-vjs=\"1\" controls src=\"https:\/\/www.grandepremio.com\/br\/wp-content\/uploads\/2022\/07\/F1-2022-Franca-Paul-Ricard-Domingo-Ferrari-Charles-Leclerc.mp4\"><\/video><figcaption>Charles Leclerc se queixou do acelerador travado ap\u00f3s a batida (V\u00eddeo: Reprodu\u00e7\u00e3o)<\/figcaption><\/figure>\n\n\n\n<p class=\"wp-block-paragraph\">A FIA (Federa\u00e7\u00e3o Internacional de Automobilismo) apontou um problema de hardware como motivo para o problema que causou um atraso no safety-car virtual no final do GP da Fran\u00e7a.<\/p>\n\n\n\n<p class=\"wp-block-paragraph\">O VSC foi acionado na volta 46 ap\u00f3s Guanyu Zhou ficar parado na pista. O carro de seguran\u00e7a virtual foi, ent\u00e3o, acionado para a limpeza da pista. Quando o Alfa Romeo foi removido, a dire\u00e7\u00e3o de prova avisou todas as equipes que o per\u00edodo de VSC se encerraria dentro de dez a 15s, um procedimento padr\u00e3o exigido pelo regulamento esportivo da F\u00f3rmula 1.<\/p>\n\n\n\n<figure class=\"wp-block-image size-large\"><img decoding=\"async\" src=\"https:\/\/www.grandepremio.com\/br\/wp-content\/uploads\/2022\/07\/redbull-sergioperez-01-13-1024x576.jpg\" alt=\"\" class=\"wp-image-598136\"\/><figcaption>Sergio P\u00e9rez se sentiu prejudicado pelo VSC na Fran\u00e7a (Foto: Red Bull Content Pool)<\/figcaption><\/figure>\n\n\n\n<p class=\"wp-block-paragraph\"><strong>\u25b6\ufe0f&nbsp;Inscreva-se nos dois canais do GRANDE PR\u00caMIO no YouTube:&nbsp;<a href=\"https:\/\/www.youtube.com\/channel\/UC9OlHEgxoaY6QY6nWPoiqQg?sub_confirmation=1\" target=\"_blank\" rel=\"noreferrer noopener\">GP<\/a>&nbsp;|&nbsp;<a href=\"https:\/\/www.youtube.com\/channel\/UC9csiS6q_C3C0FYhyr1rnFA?sub_confirmation=1\" target=\"_blank\" rel=\"noreferrer noopener\">GP2<\/a><\/strong><br><strong>\u25b6\ufe0f&nbsp;<a href=\"https:\/\/www.twitch.tv\/grandepremio\" target=\"_blank\" rel=\"noreferrer noopener\">Conhe\u00e7a o canal do GRANDE PR\u00caMIO na Twitch clicando aqui!<\/a><\/strong><\/p>\n\n\n\n<p class=\"wp-block-paragraph\">Uma falha no sistema, por\u00e9m, impediu que a pista fosse liberada de acordo com a previs\u00e3o, resultando em um delay at\u00e9 que o sistema de back-up da dire\u00e7\u00e3o de prova fosse acionado. A corrida s\u00f3 foi retomada quando as equipes receberam uma segunda mensagem alertando para o fim do per\u00edodo de VSC.<\/p>\n\n\n\n<p class=\"wp-block-paragraph\">\u201cUma segunda mensagem de fim do per\u00edodo de VSC foi enviada por conta de um problema de hardware, que levou a uma mudan\u00e7a autom\u00e1tica para os sistemas de back-up, que funcionaram exatamente como deveriam naquele cen\u00e1rio\u201d, disse a FIA em um comunicado. \u201cA mesma informa\u00e7\u00e3o \u00e9 fornecida a todas as equipes simultaneamente. O tempo de contagem regressiva at\u00e9 a luz verde nos pain\u00e9is pela pista \u00e9 sempre aleat\u00f3rio\u201d, justificou.<\/p>\n\n\n\n<p class=\"wp-block-paragraph\"><a href=\"https:\/\/www.grandepremio.com\/br\/f1\/noticias\/sergio-perez-culpa-mensagem-errada-vsc-cochilo-franca-interferiu-resultado\/\" class=\"ek-link\">Sergio P\u00e9rez se sentiu prejudicado pelo problema<\/a>. O mexicano tinha se preparado para relargar no que deveria ter sido o reinicio da disputa, mas estava despreparado para a relargada de verdade e, assim, acabou superado por George Russell, que ficou com o terceiro lugar no p\u00f3dio em Paul Ricard.<\/p>\n\n\n\n<p class=\"wp-block-paragraph\">\u201c\u00c9 uma pena que o safety-car virtual tenha interferido com o resultado, para ser sincero. N\u00e3o deveria ser o caso, mas hoje foi assim\u201d, disse P\u00e9rez. \u201c[A mensagem] foi totalmente errada, tinha algo acontecendo, pois disseram que ia acabar na curva 9 e s\u00f3 acabou na sa\u00edda da 12\u201d, completou.<\/p>\n\n\n\n<p class=\"wp-block-paragraph\">A pr\u00f3pria Red Bull, contudo, n\u00e3o engoliu a reclama\u00e7\u00e3o do mexicano, que afirmou que <a href=\"https:\/\/www.grandepremio.com\/br\/f1\/noticias\/red-bull-critica-vacilo-sergio-perez-vsc-franca-parecia-tinha-bebido-tequila\/\" class=\"ek-link\">&#8220;parecia que ele tinha bebido tequila&#8221;<\/a> na corrida da Fran\u00e7a.<\/p>\n\n\n\n<p class=\"wp-block-paragraph\">A <a href=\"https:\/\/www.grandepremio.com\/formula-1\/\" target=\"_blank\" rel=\"noreferrer noopener\"><\/a><a href=\"https:\/\/www.grandepremio.com\/formula-1\/\" target=\"_blank\" rel=\"noreferrer noopener\"><\/a><a href=\"https:\/\/www.grandepremio.com\/formula-1\/\" target=\"_blank\" rel=\"noreferrer noopener\">F\u00f3rmula 1<\/a> retorna j\u00e1 no pr\u00f3ximo fim de semana, entre os dias 29 e 31 de julho com o <a href=\"https:\/\/www.grandepremio.com\/br\/etapa\/f1\/gp-da-hungria-formula-1-2022\/\" target=\"_blank\" rel=\"noreferrer noopener\">GP da Hungria<\/a> que encerra a primeira parte do campeonato. O <strong>GRANDE PR\u00caMIO<\/strong> acompanha <a href=\"https:\/\/www.grandepremio.com\/br\/f1\/ao-vivo\"><strong>AO VIVO<\/strong> e <strong>EM <\/strong><\/a><strong><a href=\"https:\/\/www.grandepremio.com\/br\/ao-vivo\/\" target=\"_blank\" rel=\"noreferrer noopener\"><\/a><a href=\"https:\/\/www.grandepremio.com\/br\/ao-vivo\/\" target=\"_blank\" rel=\"noreferrer noopener\">TEMPO REAL<\/a><\/strong> todas as atividades do fim de semana em <a href=\"https:\/\/www.grandepremio.com\/br\/circuito\/hungaroring\/\" target=\"_blank\" rel=\"noreferrer noopener\"><\/a><a href=\"https:\/\/www.grandepremio.com\/br\/circuito\/hungaroring\/\" target=\"_blank\" rel=\"noreferrer noopener\">Hungaroring<\/a>.<\/p>\n\n\n\n<figure class=\"wp-block-embed is-type-video is-provider-youtube wp-block-embed-youtube wp-embed-aspect-16-9 wp-has-aspect-ratio\"><div class=\"wp-block-embed__wrapper\">\n<iframe loading=\"lazy\" title=\"F1 2022: LECLERC BATE E VERSTAPPEN VENCE GP DA FRAN\u00c7A DE F\u00d3RMULA 1. HAMILTON \u00c9 2\u00ba | Briefing\" width=\"500\" height=\"281\" src=\"https:\/\/www.youtube.com\/embed\/fPOH_Ar8pSI?feature=oembed\" frameborder=\"0\" allow=\"accelerometer; autoplay; clipboard-write; encrypted-media; gyroscope; picture-in-picture; web-share\" referrerpolicy=\"strict-origin-when-cross-origin\" allowfullscreen><\/iframe>\n<\/div><figcaption>F1 2022 AO VIVO: TUDO SOBRE O GP DA FRAN\u00c7A DE F\u00d3RMULA 1 | Briefing<\/figcaption><\/figure>\n","protected":false},"excerpt":{"rendered":"<p>Entidade explicou que uma falha de hardware motivou o acionamento do sistema de back-up, o que acabou por atrasar o final do safety-car virtual em Paul Ricard. Ainda assim, FIA assegurou que tudo ocorreu dentro do que \u00e9 esperado e em condi\u00e7\u00f5es de igualdade<\/p>\n","protected":false},"author":0,"featured_media":1000598137,"comment_status":"closed","ping_status":"closed","sticky":false,"template":"","format":"standard","meta":{"42wp_featured_image_caption":"","42wp_featured_image_credits":"","42wp_featured_video":"","42wp_featured_image_hidden":false,"42wp_authors_list":[],"footnotes":""},"categories":[2],"tags":[29394,147,1357,103,24837,31064,30732,24979,536],"42wp_author":[47113],"class_list":["post-110331","post","type-post","status-publish","format-standard","has-post-thumbnail","hentry","category-f1","tag-calendario-formula-1-2022","tag-f1","tag-f1-2022","tag-fia","tag-formula-1-2","tag-formula-1-2022-3","tag-formula-1-classificacao-2022","tag-franca","tag-paul-ricard","42wp_author-juliana-tesser"],"_links":{"self":[{"href":"https:\/\/grandepremio.com\/br\/wp-json\/wp\/v2\/posts\/110331","targetHints":{"allow":["GET"]}}],"collection":[{"href":"https:\/\/grandepremio.com\/br\/wp-json\/wp\/v2\/posts"}],"about":[{"href":"https:\/\/grandepremio.com\/br\/wp-json\/wp\/v2\/types\/post"}],"replies":[{"embeddable":true,"href":"https:\/\/grandepremio.com\/br\/wp-json\/wp\/v2\/comments?post=110331"}],"version-history":[{"count":0,"href":"https:\/\/grandepremio.com\/br\/wp-json\/wp\/v2\/posts\/110331\/revisions"}],"wp:featuredmedia":[{"embeddable":true,"href":"https:\/\/grandepremio.com\/br\/wp-json\/wp\/v2\/media\/1000598137"}],"wp:attachment":[{"href":"https:\/\/grandepremio.com\/br\/wp-json\/wp\/v2\/media?parent=110331"}],"wp:term":[{"taxonomy":"category","embeddable":true,"href":"https:\/\/grandepremio.com\/br\/wp-json\/wp\/v2\/categories?post=110331"},{"taxonomy":"post_tag","embeddable":true,"href":"https:\/\/grandepremio.com\/br\/wp-json\/wp\/v2\/tags?post=110331"},{"taxonomy":"42wp_author","embeddable":true,"href":"https:\/\/grandepremio.com\/br\/wp-json\/wp\/v2\/42wp_author?post=110331"}],"curies":[{"name":"wp","href":"https:\/\/api.w.org\/{rel}","templated":true}]}}