{"id":110348,"date":"2022-07-24T15:53:31","date_gmt":"2022-07-24T18:53:31","guid":{"rendered":"https:\/\/grandepremio.com\/br\/noticias\/fernando-alonso-corrida-solida-franca-podemos-sempre-top-6\/"},"modified":"2022-07-24T15:55:24","modified_gmt":"2022-07-24T18:55:24","slug":"fernando-alonso-corrida-solida-franca-podemos-sempre-top-6","status":"publish","type":"post","link":"https:\/\/grandepremio.com\/br\/f1\/fernando-alonso-corrida-solida-franca-podemos-sempre-top-6\/","title":{"rendered":"Alonso valoriza &#8220;corrida s\u00f3lida&#8221; na Fran\u00e7a e diz: &#8220;Podemos sempre estar no top-6&#8221;"},"content":{"rendered":"\n<figure class=\"wp-block-embed is-type-video is-provider-youtube wp-block-embed-youtube wp-embed-aspect-16-9 wp-has-aspect-ratio\"><div class=\"wp-block-embed__wrapper\">\n<iframe loading=\"lazy\" title=\"F1 2022: LECLERC BATE E VERSTAPPEN VENCE GP DA FRAN\u00c7A DE F\u00d3RMULA 1. HAMILTON \u00c9 2\u00ba | Briefing\" width=\"500\" height=\"281\" src=\"https:\/\/www.youtube.com\/embed\/fPOH_Ar8pSI?feature=oembed\" frameborder=\"0\" allow=\"accelerometer; autoplay; clipboard-write; encrypted-media; gyroscope; picture-in-picture; web-share\" referrerpolicy=\"strict-origin-when-cross-origin\" allowfullscreen><\/iframe>\n<\/div><\/figure>\n\n\n\n<p class=\"wp-block-paragraph\">Fernando Alonso cruzou a linha de chegada em sexto na Fran\u00e7a e ajudou a Alpine a tomar para si a quarta coloca\u00e7\u00e3o no Mundial de Construtores da F1 2022. Neste domingo (24), a equipe foi ao top-10 com os dois pilotos, com Esteban Ocon em oitavo e saiu com a expectativa elevada para o restante do campeonato.<\/p>\n\n\n\n<p class=\"wp-block-paragraph\">Alonso destacou que a Alpine teve um dia tranquilo, concluindo o planejamento sem maiores problemas. Mais do que isso, mostrou ritmo suficiente para pensar alto o ano inteiro.<\/p>\n\n\n\n<p class=\"wp-block-paragraph\">&#8220;Satisfeito com a nossa corrida. Executamos bem tudo, mantivemos o ritmo e os pneus bem cuidados. Trabalhamos muito no equil\u00edbrio do carro no fim de semana e acabamos colados no top-5, ent\u00e3o, uma corrida bem s\u00f3lida e mais pontinhos na nossa conta. Fiz uma boa largada e fui para quinto, ca\u00ed para sexto e a\u00ed fiquei por ali. Isso nos mostrou que, em um fim de semana tranquilo, podemos estar no top-6, esperamos manter a consist\u00eancia na segunda metade da temporada&#8221;, disse.<\/p>\n\n\n\n<figure class=\"wp-block-image size-large\"><img decoding=\"async\" src=\"https:\/\/www.grandepremio.com\/br\/wp-content\/uploads\/2022\/07\/alpine-fernandoalonso-02-7-1024x683.jpg\" alt=\"\" class=\"wp-image-597660\"\/><figcaption>Fernando Alonso voltou a andar bem no GP da Fran\u00e7a (Foto: Alpine)<\/figcaption><\/figure>\n\n\n\n<p class=\"wp-block-paragraph\">Para Ocon, tamb\u00e9m foi corrida de objetivos cumpridos e, no fim, um resultado positivo por ter ficado no top-10 na prova de casa, que deve, inclusive, ser a \u00faltima na Fran\u00e7a.<\/p>\n\n\n\n<p class=\"wp-block-paragraph\">&#8220;A meta hoje era pontuar com os dois carros e n\u00f3s conseguimos. Estou feliz com minha corrida hoje e foi incr\u00edvel guiar com tantos torcedores franceses aqui, agrade\u00e7o muito o apoio. O calor foi complicado, mas belas disputas de pista. Pulamos para quarto no Mundial de Construtores, \u00e9 bem positivo, vamos manter isso&#8221;, comentou.<\/p>\n\n\n\n<p class=\"wp-block-paragraph\">Ocon vem em oitavo no Mundial de Pilotos com 56 pontos, 19 a mais que Alonso. A Alpine aparece 4 pontos na frente da McLaren na briga pela quarta coloca\u00e7\u00e3o dos Construtores.<\/p>\n\n\n\n<p class=\"wp-block-paragraph\"><strong>+\u00a0<a href=\"https:\/\/www.grandepremio.com\/br\/f1\/classificacao\/\">A CLASSIFICA\u00c7\u00c3O DOS MUNDIAIS DE PILOTOS E DE CONSTRUTORES AP\u00d3S GP DA FRAN\u00c7A<\/a><\/strong><\/p>\n\n\n\n<p class=\"wp-block-paragraph\"><strong>\u25b6\ufe0f\u00a0Inscreva-se nos dois canais do GRANDE PR\u00caMIO no YouTube:\u00a0<a href=\"https:\/\/www.youtube.com\/channel\/UC9OlHEgxoaY6QY6nWPoiqQg?sub_confirmation=1\" target=\"_blank\" rel=\"noreferrer noopener\">GP<\/a>\u00a0|\u00a0<a href=\"https:\/\/www.youtube.com\/channel\/UC9csiS6q_C3C0FYhyr1rnFA?sub_confirmation=1\" target=\"_blank\" rel=\"noreferrer noopener\">GP2<\/a><\/strong><br><strong>\u25b6\ufe0f\u00a0<a href=\"https:\/\/www.twitch.tv\/grandepremio\" target=\"_blank\" rel=\"noreferrer noopener\">Conhe\u00e7a o canal do GRANDE PR\u00caMIO na Twitch clicando aqui!<\/a><\/strong><\/p>\n","protected":false},"excerpt":{"rendered":"<p>Fernando Alonso e Esteban Ocon sa\u00edram empolgados com mais uma pontua\u00e7\u00e3o dupla da Alpine na Fran\u00e7a e agora querem que o time se mantenha em alta para ficar tranquilo no G4 da F\u00f3rmula 1 2022<\/p>\n","protected":false},"author":0,"featured_media":1000598182,"comment_status":"closed","ping_status":"closed","sticky":false,"template":"","format":"standard","meta":{"42wp_featured_image_caption":"","42wp_featured_image_credits":"","42wp_featured_video":"","42wp_featured_image_hidden":false,"42wp_authors_list":[],"footnotes":""},"categories":[2],"tags":[20491,302,147,1357,176,24837,31064,25050,31866],"42wp_author":[47117],"class_list":["post-110348","post","type-post","status-publish","format-standard","has-post-thumbnail","hentry","category-f1","tag-alpine","tag-esteban-ocon","tag-f1","tag-f1-2022","tag-fernando-alonso","tag-formula-1-2","tag-formula-1-2022-3","tag-gp-da-franca","tag-gp-da-franca-2022","42wp_author-gabriel-curty"],"_links":{"self":[{"href":"https:\/\/grandepremio.com\/br\/wp-json\/wp\/v2\/posts\/110348","targetHints":{"allow":["GET"]}}],"collection":[{"href":"https:\/\/grandepremio.com\/br\/wp-json\/wp\/v2\/posts"}],"about":[{"href":"https:\/\/grandepremio.com\/br\/wp-json\/wp\/v2\/types\/post"}],"replies":[{"embeddable":true,"href":"https:\/\/grandepremio.com\/br\/wp-json\/wp\/v2\/comments?post=110348"}],"version-history":[{"count":0,"href":"https:\/\/grandepremio.com\/br\/wp-json\/wp\/v2\/posts\/110348\/revisions"}],"wp:featuredmedia":[{"embeddable":true,"href":"https:\/\/grandepremio.com\/br\/wp-json\/wp\/v2\/media\/1000598182"}],"wp:attachment":[{"href":"https:\/\/grandepremio.com\/br\/wp-json\/wp\/v2\/media?parent=110348"}],"wp:term":[{"taxonomy":"category","embeddable":true,"href":"https:\/\/grandepremio.com\/br\/wp-json\/wp\/v2\/categories?post=110348"},{"taxonomy":"post_tag","embeddable":true,"href":"https:\/\/grandepremio.com\/br\/wp-json\/wp\/v2\/tags?post=110348"},{"taxonomy":"42wp_author","embeddable":true,"href":"https:\/\/grandepremio.com\/br\/wp-json\/wp\/v2\/42wp_author?post=110348"}],"curies":[{"name":"wp","href":"https:\/\/api.w.org\/{rel}","templated":true}]}}