{"id":110352,"date":"2022-07-24T14:06:38","date_gmt":"2022-07-24T17:06:38","guid":{"rendered":"https:\/\/grandepremio.com\/br\/noticias\/sebastian-vettel-corrida-frustrante-minimiza-fechada-lance-stroll-franca-formula-1\/"},"modified":"2022-07-24T14:14:41","modified_gmt":"2022-07-24T17:14:41","slug":"sebastian-vettel-corrida-frustrante-minimiza-fechada-lance-stroll-franca-formula-1","status":"publish","type":"post","link":"https:\/\/grandepremio.com\/br\/f1\/sebastian-vettel-corrida-frustrante-minimiza-fechada-lance-stroll-franca-formula-1\/","title":{"rendered":"Vettel v\u00ea corrida &#8220;frustrante&#8221; e minimiza fechada de Stroll no GP da Fran\u00e7a de F1"},"content":{"rendered":"\n<figure class=\"wp-block-embed is-type-video is-provider-youtube wp-block-embed-youtube wp-embed-aspect-16-9 wp-has-aspect-ratio\"><div class=\"wp-block-embed__wrapper\">\n<iframe loading=\"lazy\" title=\"F1 2022: LECLERC BATE E VERSTAPPEN VENCE GP DA FRAN\u00c7A DE F\u00d3RMULA 1. HAMILTON \u00c9 2\u00ba | Briefing\" width=\"500\" height=\"281\" src=\"https:\/\/www.youtube.com\/embed\/fPOH_Ar8pSI?feature=oembed\" frameborder=\"0\" allow=\"accelerometer; autoplay; clipboard-write; encrypted-media; gyroscope; picture-in-picture; web-share\" referrerpolicy=\"strict-origin-when-cross-origin\" allowfullscreen><\/iframe>\n<\/div><figcaption>TUDO SOBRE O GP DA FRAN\u00c7A DE F\u00d3RMULA 1 2022 | Briefing<\/figcaption><\/figure>\n\n\n\n<p class=\"wp-block-paragraph\">A Aston Martin come\u00e7ou o fim de semana do GP da Fran\u00e7a de F\u00f3rmula 1 amea\u00e7ada de, com as atualiza\u00e7\u00f5es na Williams, andar no fim do pelot\u00e3o. <strong><a href=\"https:\/\/www.grandepremio.com\/br\/f1\/noticias\/max-verstappen-conta-acidente-charles-leclerc-vence-franca-formula-1\/\" class=\"ek-link\">N\u00e3o foi o que aconteceu<\/a><\/strong>. Lance Stroll foi d\u00e9cimo colocado e pontuou, enquanto Sebastian Vettel veio na 11\u00aa coloca\u00e7\u00e3o. Na \u00faltima volta, ainda teve uma fechada grosseira de porta de Stroll para o companheiro, que fez Vettel at\u00e9 sinalizar com a m\u00e3o. Depois da prova, por\u00e9m, o tetracampe\u00e3o preferiu evitar problemas.<\/p>\n\n\n\n<p class=\"wp-block-paragraph\"><strong>\u25b6\ufe0f\u00a0Inscreva-se nos dois canais do GRANDE PR\u00caMIO no YouTube:\u00a0<a href=\"https:\/\/www.youtube.com\/channel\/UC9OlHEgxoaY6QY6nWPoiqQg?sub_confirmation=1\" target=\"_blank\" rel=\"noreferrer noopener\">GP<\/a>\u00a0|\u00a0<a href=\"https:\/\/www.youtube.com\/channel\/UC9csiS6q_C3C0FYhyr1rnFA?sub_confirmation=1\" target=\"_blank\" rel=\"noreferrer noopener\">GP2<\/a><\/strong><br><strong>\u25b6\ufe0f\u00a0<a href=\"https:\/\/www.twitch.tv\/grandepremio\" target=\"_blank\" rel=\"noreferrer noopener\" class=\"ek-link\">Conhe\u00e7a o canal do GRANDE PR\u00caMIO na Twitch clicando aqui!<\/a><\/strong><\/p>\n\n\n\n<p class=\"wp-block-paragraph\">Mesmo ganhando posi\u00e7\u00f5es, Vettel avaliou que o dia foi frustrante, j\u00e1 que basicamente ficou no mesmo lugar sem ter chances de passar ningu\u00e9m fora do escopo da Aston Martin pelo resto do dia. No fim, teve a oportunidade de pegar Stroll, mas Lance fechou a porta e quase causou um toque.<\/p>\n\n\n\n<p class=\"wp-block-paragraph\">&#8220;Minha tarde foi frustrante. Fiquei preso no tr\u00e1fego durante a corrida inteira, mas \u00e9 algo que se espera quando voc\u00ea come\u00e7a no meio do pelot\u00e3o. Com a estrat\u00e9gia e tudo mais, n\u00e3o acho que tinha muito mais que a equipe podia fazer hoje. \u00c9 \u00f3bvio que precisamos de mais ader\u00eancia&#8221;, disse.<\/p>\n\n\n\n<p class=\"wp-block-paragraph\">&#8220;As coisas n\u00e3o foram ruins para a gente na corrida: os carros que estavam na nossa frente n\u00e3o desapareceram. Al\u00e9m disso, entendemos um pouco melhor o nosso pr\u00f3prio carro. Tive a chance de passar Lance na \u00faltima volta e estava um pouco mais r\u00e1pido, mas n\u00e3o vamos brigar por causa de um ponto. \u00c9 o mesmo resultado para a equipe e n\u00e3o faz qualquer diferen\u00e7a&#8221;, finalizou.<\/p>\n\n\n\n<figure class=\"wp-block-image size-large\"><img decoding=\"async\" src=\"https:\/\/www.grandepremio.com\/br\/wp-content\/uploads\/2022\/07\/astonmartin-lancestroll-03-5-1024x683.jpg\" alt=\"\" class=\"wp-image-598122\"\/><figcaption>Lance Stroll marcou um ponto em Paul Ricard (Foto: Aston Martin)<\/figcaption><\/figure>\n\n\n\n<figure class=\"wp-block-embed is-type-rich is-provider-spotify wp-block-embed-spotify wp-embed-aspect-21-9 wp-has-aspect-ratio\"><div class=\"wp-block-embed__wrapper\">\n<iframe title=\"Spotify Embed: Paddockast #157: O balan\u00e7o do desempenho de cada piloto na metade da F1 2022\" style=\"border-radius: 12px\" width=\"100%\" height=\"152\" frameborder=\"0\" allowfullscreen allow=\"autoplay; clipboard-write; encrypted-media; fullscreen; picture-in-picture\" loading=\"lazy\" src=\"https:\/\/open.spotify.com\/embed\/episode\/6JiUt1gJVvF4sGEnu0931r?utm_source=oembed\"><\/iframe>\n<\/div><figcaption>Paddockast #157: O balan\u00e7o do desempenho de cada piloto na metade da F1 2022<\/figcaption><\/figure>\n\n\n\n<p class=\"wp-block-paragraph\"><strong>Stroll exalta &#8220;\u00f3tima primeira volta&#8221; e diz que culpa pneus por fechada em Vettel<\/strong><\/p>\n\n\n\n<p class=\"wp-block-paragraph\">O piloto canadense se desmanchou de orgulho com rela\u00e7\u00e3o ao que conseguiu fazer na primeira volta da corrida, quando saiu de 15\u00ba para d\u00e9cimo. Com rela\u00e7\u00e3o \u00e0 fechada de porta para Vettel, disse que foi uma escapada da pista por conta do desgaste de pneus.<\/p>\n\n\n\n<p class=\"wp-block-paragraph\">&#8220;Tivemos uma \u00f3tima primeira volta hoje que nos colocou em posi\u00e7\u00e3o para ter \u00f3tima corrida. Quase alcancei Ocon na curva nove ainda, mas foi importante largar bem assim. Senti que eu tinha o momento para atacar Ricciardo no fim, tamb\u00e9m&#8221;, afirmou.<\/p>\n\n\n\n<p class=\"wp-block-paragraph\">&#8220;Continuamos na tend\u00eancia de sermos mais competitivos no domingo, ent\u00e3o a corrida de hoje foi uma boa plataforma, uma vez que as f\u00e9rias de ver\u00e3o se aproximam&#8221;, seguiu.<\/p>\n\n\n\n<p class=\"wp-block-paragraph\">&#8220;Dei uma escapada da pista na \u00faltima volta, porque estava com muitas dificuldades de tocar os pneus naquele finalzinho. A briga com Sebastian foi boa, mas o mais importante foi levar os pontos para casa&#8221;, justificou.<\/p>\n\n\n\n<p class=\"wp-block-paragraph\">A F\u00f3rmula 1 retorna j\u00e1 no pr\u00f3ximo fim de semana, entre os dias 29 e 31 de julho, em Hungaroring, com o GP da Hungria que encerra a primeira parte do campeonato.<\/p>\n\n\n\n<figure class=\"wp-block-video\"><video class=\"video-js vjs-big-play-centered\" data-gp-vjs=\"1\" controls src=\"https:\/\/www.grandepremio.com\/br\/wp-content\/uploads\/2022\/07\/F1-2022-Franca-Paul-Ricard-Domingo-Ferrari-Charles-Leclerc.mp4\"><\/video><figcaption>Charles Leclerc se queixou do acelerador travado ap\u00f3s a batida (V\u00eddeo: Reprodu\u00e7\u00e3o)<\/figcaption><\/figure>\n","protected":false},"excerpt":{"rendered":"<p>Sebastian Vettel reconheceu que a Aston Martin teve corrida no limite, mas mesmo assim n\u00e3o terminou muito feliz. Quanto \u00e0 fechada de Lance Stroll, botou panos quentes. O canadense se justificou pelo lance<\/p>\n","protected":false},"author":0,"featured_media":1000598207,"comment_status":"closed","ping_status":"closed","sticky":false,"template":"","format":"standard","meta":{"42wp_featured_image_caption":"","42wp_featured_image_credits":"","42wp_featured_video":"","42wp_featured_image_hidden":false,"42wp_authors_list":[],"footnotes":""},"categories":[2],"tags":[309,1357,31064,32015,25050,24836,28285,485,32016,210],"42wp_author":[47120],"class_list":["post-110352","post","type-post","status-publish","format-standard","has-post-thumbnail","hentry","category-f1","tag-aston-martin","tag-f1-2022","tag-formula-1-2022-3","tag-franca-f1","tag-gp-da-franca","tag-grande-premio-2","tag-grandepremio","tag-lance-stroll","tag-paul-ricard-f1","tag-sebastian-vettel","42wp_author-pedro-henrique-marum"],"_links":{"self":[{"href":"https:\/\/grandepremio.com\/br\/wp-json\/wp\/v2\/posts\/110352","targetHints":{"allow":["GET"]}}],"collection":[{"href":"https:\/\/grandepremio.com\/br\/wp-json\/wp\/v2\/posts"}],"about":[{"href":"https:\/\/grandepremio.com\/br\/wp-json\/wp\/v2\/types\/post"}],"replies":[{"embeddable":true,"href":"https:\/\/grandepremio.com\/br\/wp-json\/wp\/v2\/comments?post=110352"}],"version-history":[{"count":0,"href":"https:\/\/grandepremio.com\/br\/wp-json\/wp\/v2\/posts\/110352\/revisions"}],"wp:featuredmedia":[{"embeddable":true,"href":"https:\/\/grandepremio.com\/br\/wp-json\/wp\/v2\/media\/1000598207"}],"wp:attachment":[{"href":"https:\/\/grandepremio.com\/br\/wp-json\/wp\/v2\/media?parent=110352"}],"wp:term":[{"taxonomy":"category","embeddable":true,"href":"https:\/\/grandepremio.com\/br\/wp-json\/wp\/v2\/categories?post=110352"},{"taxonomy":"post_tag","embeddable":true,"href":"https:\/\/grandepremio.com\/br\/wp-json\/wp\/v2\/tags?post=110352"},{"taxonomy":"42wp_author","embeddable":true,"href":"https:\/\/grandepremio.com\/br\/wp-json\/wp\/v2\/42wp_author?post=110352"}],"curies":[{"name":"wp","href":"https:\/\/api.w.org\/{rel}","templated":true}]}}