{"id":110386,"date":"2022-07-23T15:40:31","date_gmt":"2022-07-23T18:40:31","guid":{"rendered":"https:\/\/grandepremio.com\/br\/noticias\/lando-norris-volta-merecia-pole-comemora-quinto-lugar-grid-franca\/"},"modified":"2022-07-23T15:41:35","modified_gmt":"2022-07-23T18:41:35","slug":"lando-norris-volta-merecia-pole-comemora-quinto-lugar-grid-franca","status":"publish","type":"post","link":"https:\/\/grandepremio.com\/br\/f1\/lando-norris-volta-merecia-pole-comemora-quinto-lugar-grid-franca\/","title":{"rendered":"Norris diz que fez volta que &#8220;merecia pole&#8221; e comemora quinto lugar no grid da Fran\u00e7a"},"content":{"rendered":"\n<figure class=\"wp-block-embed is-type-video is-provider-youtube wp-block-embed-youtube wp-embed-aspect-16-9 wp-has-aspect-ratio\"><div class=\"wp-block-embed__wrapper\">\n<iframe loading=\"lazy\" title=\"F1 2022: LECLERC BRILHA E CONQUISTA POLE NA FRAN\u00c7A. VERSTAPPEN \u00c9 2\u00ba | Briefing\" width=\"500\" height=\"281\" src=\"https:\/\/www.youtube.com\/embed\/kFvziOBZ-Ko?feature=oembed\" frameborder=\"0\" allow=\"accelerometer; autoplay; clipboard-write; encrypted-media; gyroscope; picture-in-picture; web-share\" referrerpolicy=\"strict-origin-when-cross-origin\" allowfullscreen><\/iframe>\n<\/div><figcaption>TUDO SOBRE O S\u00c1BADO DE CLASSIFICA\u00c7\u00c3O DO GP DA FRAN\u00c7A DE F1 | Briefing<\/figcaption><\/figure>\n\n\n\n<p class=\"wp-block-paragraph\">Lando Norris vai largar na quinta posi\u00e7\u00e3o do GP da Fran\u00e7a de F\u00f3rmula 1. A posi\u00e7\u00e3o, conquistada na <strong><a href=\"https:\/\/www.grandepremio.com\/br\/f1\/noticias\/charles-leclerc-volta-brilhar-sabado-conquista-pole-franca-formula-1\/\" class=\"ek-link\">classifica\u00e7\u00e3o deste s\u00e1bado (23)<\/a><\/strong>, em Paul Ricard, agradou bastante o piloto ingl\u00eas. De acordo com Norris, a McLaren sequer sabia se deveria tra\u00e7ar estrat\u00e9gia para o Q3 da tomada de tempos, visto que considerava o ritmo abaixo deste n\u00edvel.<\/p>\n\n\n\n<p class=\"wp-block-paragraph\"><strong>\u25b6\ufe0f\u00a0Inscreva-se nos dois canais do GRANDE PR\u00caMIO no YouTube:\u00a0<a href=\"https:\/\/www.youtube.com\/channel\/UC9OlHEgxoaY6QY6nWPoiqQg?sub_confirmation=1\" target=\"_blank\" rel=\"noreferrer noopener\">GP<\/a>\u00a0|\u00a0<a href=\"https:\/\/www.youtube.com\/channel\/UC9csiS6q_C3C0FYhyr1rnFA?sub_confirmation=1\" target=\"_blank\" rel=\"noreferrer noopener\">GP2<\/a><\/strong><br><strong>\u25b6\ufe0f\u00a0<a href=\"https:\/\/www.twitch.tv\/grandepremio\" target=\"_blank\" rel=\"noreferrer noopener\" class=\"ek-link\">Conhe\u00e7a o canal do GRANDE PR\u00caMIO na Twitch clicando aqui!<\/a><\/strong><\/p>\n\n\n\n<p class=\"wp-block-paragraph\">No fim das contas, Norris terminou separando as Mercedes: ficou atr\u00e1s de Lewis Hamilton e na frente de George Russell. A volta que valeu o quinto lugar fez Norris chegar ao ponto de dizer que merecia at\u00e9 brigar l\u00e1 na frente.<\/p>\n\n\n\n<p class=\"wp-block-paragraph\">&#8220;Foi um dia muito bom. Antes da classifica\u00e7\u00e3o, est\u00e1vamos discutindo se dev\u00edamos pensar em Q3, porque estava muito longe do que achamos que era poss\u00edvel alcan\u00e7ar. Mas, com o passar dos treinos, fomos entendendo mais e mais o nosso conjunto, as atualiza\u00e7\u00f5es e como otimizar e expandir o limite de tudo isso&#8221;, avaliou.<\/p>\n\n\n\n<p class=\"wp-block-paragraph\">&#8220;Estou feliz porque minha volta no Q3 foi muito boa. O tipo de volta que te faz sentir que deveria estar na pole, brigando para vencer. Al\u00e9m disso, a equipe trabalhou muito bem, e eu saio sentindo que estive muito bem tamb\u00e9m para extrair tudo. Estamos na melhor posi\u00e7\u00e3o poss\u00edvel para amanh\u00e3&#8221;, seguiu.<\/p>\n\n\n\n<figure class=\"wp-block-image size-large\"><img decoding=\"async\" src=\"https:\/\/www.grandepremio.com\/br\/wp-content\/uploads\/2022\/07\/mclaren-landonorris-01-9-1024x683.jpg\" alt=\"\" class=\"wp-image-597602\"\/><figcaption>Lando Norris larga na quinta coloca\u00e7\u00e3o (Foto: McLaren)<\/figcaption><\/figure>\n\n\n\n<figure class=\"wp-block-embed is-type-rich is-provider-spotify wp-block-embed-spotify wp-embed-aspect-21-9 wp-has-aspect-ratio\"><div class=\"wp-block-embed__wrapper\">\n<iframe title=\"Spotify Embed: Paddockast #157: O balan\u00e7o do desempenho de cada piloto na metade da F1 2022\" style=\"border-radius: 12px\" width=\"100%\" height=\"152\" frameborder=\"0\" allowfullscreen allow=\"autoplay; clipboard-write; encrypted-media; fullscreen; picture-in-picture\" loading=\"lazy\" src=\"https:\/\/open.spotify.com\/embed\/episode\/6JiUt1gJVvF4sGEnu0931r?utm_source=oembed\"><\/iframe>\n<\/div><figcaption>Paddockast #157: O balan\u00e7o do desempenho de cada piloto na metade da F1 2022<\/figcaption><\/figure>\n\n\n\n<p class=\"wp-block-paragraph\">Questionado sobre o fato de Fernando Alonso ter dito que teme o fato da Alpine ter sacrificado o ritmo de corrida em nome da classifica\u00e7\u00e3o, deu de ombros. Mostrou que n\u00e3o leva muito f\u00e9 e acredita que o duelo entre Alpine e McLaren ser\u00e1 real. O objetivo para o domingo \u00e9 estabelecer bom ritmo e vencer o duelo direto com a Alpine: sobretudo com Alonso, que parte em s\u00e9timo.<\/p>\n\n\n\n<p class=\"wp-block-paragraph\">&#8220;\u00c9 Fernando, ele est\u00e1 fazendo jogos mentais! Sabia que eu ia dar entrevista depois. N\u00e3o acredito em nada do que ele diz&#8221;, brincou. &#8220;Acho que ontem \u00e0 noite entendemos o carro melhor, como otimizar e aumentar a janela de desempenho. Ontem o ritmo de corrida n\u00e3o era t\u00e3o bom quanto o de classifica\u00e7\u00e3o, mas as coisas mudaram e demos alguns passos na dire\u00e7\u00e3o certa com tudo&#8221;, falou.<\/p>\n\n\n\n<p class=\"wp-block-paragraph\">&#8220;Come\u00e7amos o dia hoje pensando em talvez ir ao Q3 e terminamos em quinto, ent\u00e3o espero que algo semelhante aconte\u00e7a amanh\u00e3. Um cen\u00e1rio em que entramos pensando que a corrida ser\u00e1 dif\u00edcil, mas na verdade acabe sendo f\u00e1cil. A corrida vai ser boa, espero uma briga com Fernando. Com as Mercedes ser\u00e1 mais dif\u00edcil, mas vou tentar&#8221;, finalizou.<\/p>\n\n\n\n<p class=\"wp-block-paragraph\">O <strong>GRANDE PR\u00caMIO<\/strong> acompanha <a href=\"https:\/\/www.grandepremio.com\/br\/f1\/ao-vivo\" class=\"ek-link\"><strong>AO VIVO<\/strong> e <strong>EM TEMPO REAL<\/strong><\/a> todas as atividades do fim de semana do GP da Fran\u00e7a. No domingo, a largada est\u00e1 marcada para as 10h (de Bras\u00edlia, GMT-3).<\/p>\n\n\n\n<figure class=\"wp-block-embed is-type-video is-provider-youtube wp-block-embed-youtube wp-embed-aspect-16-9 wp-has-aspect-ratio\"><div class=\"wp-block-embed__wrapper\">\n<iframe loading=\"lazy\" title=\"GASLY VAI VER BONDE PASSAR COM MAIS UM ANO NA ALPHATAURI EM QUEDA?\" width=\"500\" height=\"281\" src=\"https:\/\/www.youtube.com\/embed\/GeU8XEukYPw?feature=oembed\" frameborder=\"0\" allow=\"accelerometer; autoplay; clipboard-write; encrypted-media; gyroscope; picture-in-picture; web-share\" referrerpolicy=\"strict-origin-when-cross-origin\" allowfullscreen><\/iframe>\n<\/div><figcaption>GASLY VAI VER BONDE PASSAR COM MAIS UM ANO NA ALPHATAURI EM QUEDA?<\/figcaption><\/figure>\n","protected":false},"excerpt":{"rendered":"<p>Lando Norris saiu surpreso com o ritmo da McLaren e feliz com o pr\u00f3prio desempenho na classifica\u00e7\u00e3o do GP da Fran\u00e7a<\/p>\n","protected":false},"author":0,"featured_media":1000597696,"comment_status":"closed","ping_status":"closed","sticky":false,"template":"","format":"standard","meta":{"42wp_featured_image_caption":"","42wp_featured_image_credits":"","42wp_featured_video":"","42wp_featured_image_hidden":false,"42wp_authors_list":[],"footnotes":""},"categories":[2],"tags":[1357,31064,32015,25050,24836,28285,547,90,204],"42wp_author":[47120],"class_list":["post-110386","post","type-post","status-publish","format-standard","has-post-thumbnail","hentry","category-f1","tag-f1-2022","tag-formula-1-2022-3","tag-franca-f1","tag-gp-da-franca","tag-grande-premio-2","tag-grandepremio","tag-lando-norris","tag-mclaren","tag-red-bull","42wp_author-pedro-henrique-marum"],"_links":{"self":[{"href":"https:\/\/grandepremio.com\/br\/wp-json\/wp\/v2\/posts\/110386","targetHints":{"allow":["GET"]}}],"collection":[{"href":"https:\/\/grandepremio.com\/br\/wp-json\/wp\/v2\/posts"}],"about":[{"href":"https:\/\/grandepremio.com\/br\/wp-json\/wp\/v2\/types\/post"}],"replies":[{"embeddable":true,"href":"https:\/\/grandepremio.com\/br\/wp-json\/wp\/v2\/comments?post=110386"}],"version-history":[{"count":0,"href":"https:\/\/grandepremio.com\/br\/wp-json\/wp\/v2\/posts\/110386\/revisions"}],"wp:featuredmedia":[{"embeddable":true,"href":"https:\/\/grandepremio.com\/br\/wp-json\/wp\/v2\/media\/1000597696"}],"wp:attachment":[{"href":"https:\/\/grandepremio.com\/br\/wp-json\/wp\/v2\/media?parent=110386"}],"wp:term":[{"taxonomy":"category","embeddable":true,"href":"https:\/\/grandepremio.com\/br\/wp-json\/wp\/v2\/categories?post=110386"},{"taxonomy":"post_tag","embeddable":true,"href":"https:\/\/grandepremio.com\/br\/wp-json\/wp\/v2\/tags?post=110386"},{"taxonomy":"42wp_author","embeddable":true,"href":"https:\/\/grandepremio.com\/br\/wp-json\/wp\/v2\/42wp_author?post=110386"}],"curies":[{"name":"wp","href":"https:\/\/api.w.org\/{rel}","templated":true}]}}