{"id":110389,"date":"2022-07-23T14:39:41","date_gmt":"2022-07-23T17:39:41","guid":{"rendered":"https:\/\/grandepremio.com\/br\/noticias\/mercedes-passo-atras-franca-diferenca-muito-grande-lideres\/"},"modified":"2022-07-23T17:50:36","modified_gmt":"2022-07-23T20:50:36","slug":"mercedes-passo-atras-franca-diferenca-muito-grande-lideres","status":"publish","type":"post","link":"https:\/\/grandepremio.com\/br\/f1\/mercedes-passo-atras-franca-diferenca-muito-grande-lideres\/","title":{"rendered":"Mercedes lamenta &#8220;passo atr\u00e1s&#8221; na Fran\u00e7a e admite &#8220;diferen\u00e7a muito grande&#8221; para l\u00edderes"},"content":{"rendered":"\n<figure class=\"wp-block-embed is-type-video is-provider-youtube wp-block-embed-youtube wp-embed-aspect-16-9 wp-has-aspect-ratio\"><div class=\"wp-block-embed__wrapper\">\n<iframe loading=\"lazy\" title=\"F1 2022: LECLERC BRILHA E CONQUISTA POLE NA FRAN\u00c7A. VERSTAPPEN \u00c9 2\u00ba | Briefing\" width=\"500\" height=\"281\" src=\"https:\/\/www.youtube.com\/embed\/kFvziOBZ-Ko?feature=oembed\" frameborder=\"0\" allow=\"accelerometer; autoplay; clipboard-write; encrypted-media; gyroscope; picture-in-picture; web-share\" referrerpolicy=\"strict-origin-when-cross-origin\" allowfullscreen><\/iframe>\n<\/div><figcaption>F1 2022 AO VIVO: LECLERC BRILHA E CONQUISTA POLE NA FRAN\u00c7A. VERSTAPPEN \u00c9 2\u00ba | Briefing<\/figcaption><\/figure>\n\n\n\n<p class=\"wp-block-paragraph\">A Mercedes <a aria-label=\"conseguiu colocar seus dois carros na terceira e quarta filas do grid de largada (opens in a new tab)\" href=\"https:\/\/www.grandepremio.com\/br\/f1\/noticias\/charles-leclerc-volta-brilhar-sabado-conquista-pole-franca-formula-1\/\" target=\"_blank\" rel=\"noreferrer noopener\" class=\"ek-link\">conseguiu colocar seus dois carros na terceira e quarta filas do grid de largada<\/a> para o GP da Fran\u00e7a, com Lewis Hamilton na quarta coloca\u00e7\u00e3o e George Russell em sexto, em um trecho preenchido por ingleses que ainda inclui o quinto Lando Norris. No entanto, a diferen\u00e7a em rela\u00e7\u00e3o aos primeiros colocados foi grande \u2014 quase 0s9 atr\u00e1s do pole Charles Leclerc \u2014, e Toto Wolff admitiu sua frustra\u00e7\u00e3o com a dist\u00e2ncia que ainda precisa ser percorrida para os ponteiros.<\/p>\n\n\n\n<p class=\"wp-block-paragraph\">&#8220;Eu acho que sab\u00edamos que quando coloc\u00e1ssemos os pneus novos e pilot\u00e1ssemos com raiva ser\u00edamos a terceira for\u00e7a, mas simplesmente n\u00e3o \u00e9 bom o suficiente&#8221;, avaliou Wolff ap\u00f3s a classifica\u00e7\u00e3o. &#8220;Voc\u00ea pode ver que quando est\u00e1 atr\u00e1s, suas expectativas est\u00e3o em um certo n\u00edvel. E quando as coisas n\u00e3o acontecem, o &#8216;freestyle&#8217; come\u00e7a&#8221;, afirmou.<\/p>\n\n\n\n<p class=\"wp-block-paragraph\">Assim, o chefe da Mercedes revelou que a equipe come\u00e7ou a experimentar diversos cen\u00e1rios com o carro, em busca de alguma solu\u00e7\u00e3o que se traduzisse em vantagem na pista. Al\u00e9m disso, fez quest\u00e3o de elogiar o quarto lugar conquistado por Hamilton, que em sua vis\u00e3o, tirou mais do W13 do que o monoposto tinha a oferecer.<\/p>\n\n\n\n<p class=\"wp-block-paragraph\"><strong>\u25b6\ufe0f&nbsp;<a href=\"https:\/\/www.twitch.tv\/grandepremio\" target=\"_blank\" rel=\"noreferrer noopener\">Conhe\u00e7a o canal do GRANDE PR\u00caMIO na Twitch clicando aqui!<\/a><\/strong><\/p>\n\n\n\n<figure class=\"wp-block-image size-large\"><img decoding=\"async\" src=\"https:\/\/www.grandepremio.com\/br\/wp-content\/uploads\/2022\/07\/mercedes-lewishamilton-03-2-1024x682.jpg\" alt=\"\" class=\"wp-image-597701\"\/><figcaption>Wolff disse que Hamilton extraiu mais do que o carro oferecia para conseguir seu tempo no Q3 (Foto: Mercedes)<\/figcaption><\/figure>\n\n\n\n<p class=\"wp-block-paragraph\"><strong>\u25b6\ufe0f&nbsp;Inscreva-se nos dois canais do GRANDE PR\u00caMIO no YouTube:&nbsp;<a href=\"https:\/\/www.youtube.com\/channel\/UC9OlHEgxoaY6QY6nWPoiqQg?sub_confirmation=1\" target=\"_blank\" rel=\"noreferrer noopener\">GP<\/a>&nbsp;|&nbsp;<a href=\"https:\/\/www.youtube.com\/channel\/UC9csiS6q_C3C0FYhyr1rnFA?sub_confirmation=1\" target=\"_blank\" rel=\"noreferrer noopener\">GP2<\/a><\/strong><\/p>\n\n\n\n<p class=\"wp-block-paragraph\">&#8220;Para n\u00f3s, foi principalmente sobre experimentar com n\u00edveis diferentes de asa traseira e temperaturas de pneus. Num todo, o conjunto n\u00e3o \u00e9 r\u00e1pido o suficiente&#8221;, lamentou. &#8220;Ainda assim, foi um grande trabalho dele [Hamilton]. Ele provavelmente extraiu mais do que o carro tinha&#8221;, elogiou.<\/p>\n\n\n\n<p class=\"wp-block-paragraph\">Wolff ainda admitiu que esperava ver a Mercedes mais pr\u00f3xima aos carros da frente \u2014 Ferrari e Red Bull \u2014 do que na Inglaterra, devido \u00e0s caracter\u00edsticas do Circuito Paul Ricard. No entanto, ao menos na classifica\u00e7\u00e3o, esse cen\u00e1rio n\u00e3o deu as caras na pista. E o austr\u00edaco n\u00e3o deixou passar despercebida sua frustra\u00e7\u00e3o com as dificuldades.<\/p>\n\n\n\n<p class=\"wp-block-paragraph\">&#8220;A diferen\u00e7a \u00e9 simplesmente muito grande&#8221;, ressaltou em entrevista \u00e0 emissora brit\u00e2nica Sky Sports. &#8220;Viemos aqui com a expectativa de que seria um passo \u00e0 frente por causa das caracter\u00edsticas da pista, que nos conv\u00eam. E come\u00e7amos indo muito para tr\u00e1s&#8221;, criticou.<\/p>\n\n\n\n<p class=\"wp-block-paragraph\">&#8220;Ent\u00e3o, n\u00f3s at\u00e9 poder\u00edamos ter voltado para a pista para tentar de novo no fim. Mas a diferen\u00e7a era muito grande&#8221;, conformou-se o chefe da Mercedes. &#8220;[A vantagem de] Leclerc talvez n\u00e3o possa ser medida por causa do v\u00e1cuo [feito por Carlos Sainz], mas Verstappen ainda est\u00e1 0s6 \u00e0 frente ou mais \u2014 e isso n\u00e3o deveria acontecer com uma atualiza\u00e7\u00e3o&#8221;, finalizou.<\/p>\n","protected":false},"excerpt":{"rendered":"<p>Chefe da Mercedes, Toto Wolff reconheceu frustra\u00e7\u00e3o com desvantagem para carros de Ferrari e Red Bull e deixou claro que esperava mais da Mercedes com atualiza\u00e7\u00f5es na Fran\u00e7a<\/p>\n","protected":false},"author":0,"featured_media":1000526148,"comment_status":"closed","ping_status":"closed","sticky":false,"template":"","format":"standard","meta":{"42wp_featured_image_caption":"","42wp_featured_image_credits":"","42wp_featured_video":"","42wp_featured_image_hidden":false,"42wp_authors_list":[],"footnotes":""},"categories":[2],"tags":[147,1357,24837,24979,800,25050,24836,28285,87,536,150,30389],"42wp_author":[47142],"class_list":["post-110389","post","type-post","status-publish","format-standard","has-post-thumbnail","hentry","category-f1","tag-f1","tag-f1-2022","tag-formula-1-2","tag-franca","tag-george-russell","tag-gp-da-franca","tag-grande-premio-2","tag-grandepremio","tag-lewis-hamilton","tag-paul-ricard","tag-toto-wolff","tag-w13","42wp_author-jp-nascimento"],"_links":{"self":[{"href":"https:\/\/grandepremio.com\/br\/wp-json\/wp\/v2\/posts\/110389","targetHints":{"allow":["GET"]}}],"collection":[{"href":"https:\/\/grandepremio.com\/br\/wp-json\/wp\/v2\/posts"}],"about":[{"href":"https:\/\/grandepremio.com\/br\/wp-json\/wp\/v2\/types\/post"}],"replies":[{"embeddable":true,"href":"https:\/\/grandepremio.com\/br\/wp-json\/wp\/v2\/comments?post=110389"}],"version-history":[{"count":0,"href":"https:\/\/grandepremio.com\/br\/wp-json\/wp\/v2\/posts\/110389\/revisions"}],"wp:featuredmedia":[{"embeddable":true,"href":"https:\/\/grandepremio.com\/br\/wp-json\/wp\/v2\/media\/1000526148"}],"wp:attachment":[{"href":"https:\/\/grandepremio.com\/br\/wp-json\/wp\/v2\/media?parent=110389"}],"wp:term":[{"taxonomy":"category","embeddable":true,"href":"https:\/\/grandepremio.com\/br\/wp-json\/wp\/v2\/categories?post=110389"},{"taxonomy":"post_tag","embeddable":true,"href":"https:\/\/grandepremio.com\/br\/wp-json\/wp\/v2\/tags?post=110389"},{"taxonomy":"42wp_author","embeddable":true,"href":"https:\/\/grandepremio.com\/br\/wp-json\/wp\/v2\/42wp_author?post=110389"}],"curies":[{"name":"wp","href":"https:\/\/api.w.org\/{rel}","templated":true}]}}