{"id":110393,"date":"2022-07-23T13:50:37","date_gmt":"2022-07-23T16:50:37","guid":{"rendered":"https:\/\/grandepremio.com\/br\/noticias\/lewis-hamilton-lamenta-distancia-red-bull-ferrari-patamar-acima\/"},"modified":"2022-07-23T13:51:42","modified_gmt":"2022-07-23T16:51:42","slug":"lewis-hamilton-lamenta-distancia-red-bull-ferrari-patamar-acima","status":"publish","type":"post","link":"https:\/\/grandepremio.com\/br\/f1\/lewis-hamilton-lamenta-distancia-red-bull-ferrari-patamar-acima\/","title":{"rendered":"Hamilton lamenta dist\u00e2ncia para Red Bull e Ferrari na Fran\u00e7a: &#8220;Patamar acima de n\u00f3s&#8221;"},"content":{"rendered":"\n<figure class=\"wp-block-embed is-type-video is-provider-youtube wp-block-embed-youtube wp-embed-aspect-16-9 wp-has-aspect-ratio\"><div class=\"wp-block-embed__wrapper\">\n<iframe loading=\"lazy\" title=\"F1 2022: LECLERC BRILHA E CONQUISTA POLE NA FRAN\u00c7A. VERSTAPPEN \u00c9 2\u00ba | Briefing\" width=\"500\" height=\"281\" src=\"https:\/\/www.youtube.com\/embed\/kFvziOBZ-Ko?feature=oembed\" frameborder=\"0\" allow=\"accelerometer; autoplay; clipboard-write; encrypted-media; gyroscope; picture-in-picture; web-share\" referrerpolicy=\"strict-origin-when-cross-origin\" allowfullscreen><\/iframe>\n<\/div><\/figure>\n\n\n\n<p class=\"wp-block-paragraph\">Lewis Hamilton chegou \u00e0 Paul Ricard esperan\u00e7oso de que poderia, enfim, brigar por algo mais na temporada 2022 da F\u00f3rmula 1. Mas, novamente, n\u00e3o conseguiu acompanhar nem Ferrari, nem Red Bull, e o heptacampe\u00e3o mundial <a href=\"https:\/\/www.grandepremio.com\/br\/f1\/noticias\/charles-leclerc-volta-brilhar-sabado-conquista-pole-franca-formula-1\/\" class=\"ek-link\">vai largar na quarta coloca\u00e7\u00e3o<\/a> neste domingo (24).<\/p>\n\n\n\n<p class=\"wp-block-paragraph\">&#8220;Esperava que estiv\u00e9ssemos a tr\u00eas d\u00e9cimos deles, mas ficamos um segundo atr\u00e1s. Com essa diferen\u00e7a, imaginava poder estar na luta em Budapeste, por\u00e9m, parece que vamos demorar um pouco mais. Ainda \u00e9 poss\u00edvel&#8221;, disse Lewis. <\/p>\n\n\n\n<p class=\"wp-block-paragraph\"><strong>\u25b6\ufe0f&nbsp;Inscreva-se nos dois canais do GRANDE PR\u00caMIO no YouTube:&nbsp;<a href=\"https:\/\/www.youtube.com\/channel\/UC9OlHEgxoaY6QY6nWPoiqQg?sub_confirmation=1\" target=\"_blank\" rel=\"noreferrer noopener\">GP<\/a>&nbsp;|&nbsp;<a href=\"https:\/\/www.youtube.com\/channel\/UC9csiS6q_C3C0FYhyr1rnFA?sub_confirmation=1\" target=\"_blank\" rel=\"noreferrer noopener\">GP2<\/a><\/strong><br><strong>\u25b6\ufe0f&nbsp;<a href=\"https:\/\/www.twitch.tv\/grandepremio\" target=\"_blank\" rel=\"noreferrer noopener\">Conhe\u00e7a o canal do GRANDE PR\u00caMIO na Twitch clicando aqui!<\/a><\/strong><\/p>\n\n\n\n<p class=\"wp-block-paragraph\">O piloto da Mercedes at\u00e9 gostou de seu desempenho na Fran\u00e7a, mas sabe que falta algo para poder brigar de igual para igual com os l\u00edderes. &#8220;Foi uma volta bonita, estou feliz com o progresso que fiz, mas por alguma raz\u00e3o, seguimos longe neste final de semana. N\u00e3o \u00e9 apenas o pacote de atualiza\u00e7\u00f5es, tanto Red Bull como Ferrari est\u00e3o um patamar acima de n\u00f3s, de fato&#8221;.<\/p>\n\n\n\n<figure class=\"wp-block-image size-full\"><img decoding=\"async\" src=\"https:\/\/www.grandepremio.com\/br\/wp-content\/uploads\/2022\/07\/mercedes-lewishamilton-01-11.jpg\" alt=\"\" class=\"wp-image-597676\"\/><figcaption>Hamilton larga na segunda fila em Paul Ricard neste domingo (Foto: Mercedes)<\/figcaption><\/figure>\n\n\n\n<p class=\"wp-block-paragraph\">Hamilton tamb\u00e9m argumentou se o efeito-solo t\u00e3o prejudicial \u00e0 Mercedes neste ano foi um fator preponderante para essa dist\u00e2ncia para as rivais. &#8220;\u00c9 pelo menos meio segundo apenas nas retas. \u00c9 como se tivessem menos arrasto e mais downforce em todo o circuito. O \u00faltimo setor era seis, sete d\u00e9cimos de diferen\u00e7a, \u00e9 muito louco. S\u00e3o capazes de ir mais r\u00e1pido nas curvas de alta do que n\u00f3s&#8221;, falou.<\/p>\n\n\n\n<p class=\"wp-block-paragraph\">O brit\u00e2nico falou tamb\u00e9m sobre as diferen\u00e7as de acerto em seu carro e no de George Russell. A disputa entre os dois no grid de largada \u00e9 muito equilibrada, com Hamilton empatado em 6 a 6 com o companheiro de equipe. <\/p>\n\n\n\n<p class=\"wp-block-paragraph\">&#8220;Geralmente, ele est\u00e1 com o mesmo carro o final de semana inteiro, desde o TL1 mudou pouca coisa. Eu gosto de experimentar, ent\u00e3o, tentei utilizar uma asa maior e mais alongada e, felizmente, consegui um acerto bom. Mas ainda estou testando&#8221;, finalizou Hamilton.<\/p>\n\n\n\n<p class=\"wp-block-paragraph\">O&nbsp;<strong>GRANDE PR\u00caMIO<\/strong>&nbsp;acompanha&nbsp;<a href=\"https:\/\/www.grandepremio.com\/br\/f1\/ao-vivo\"><strong>AO VIVO<\/strong>&nbsp;e&nbsp;<strong>EM&nbsp;<\/strong><\/a><strong><a href=\"https:\/\/www.grandepremio.com\/br\/ao-vivo\/\" target=\"_blank\" rel=\"noreferrer noopener\">TEMPO REAL<\/a><\/strong>&nbsp;todas as atividades do fim de semana do&nbsp;<a href=\"https:\/\/www.grandepremio.com\/br\/etapa\/f1\/gp-da-franca-formula-1-2022\/\" target=\"_blank\" rel=\"noreferrer noopener\">GP da Fran\u00e7a<\/a>. No domingo, a largada est\u00e1 marcada para as 10h (de Bras\u00edlia, GMT-3).<\/p>\n","protected":false},"excerpt":{"rendered":"<p>Heptacampe\u00e3o mundial veio com atualiza\u00e7\u00f5es em sua Mercedes neste fim de semana e, mesmo satisfeito com seu desempenho na classifica\u00e7\u00e3o deste s\u00e1bado, n\u00e3o chegou perto das rivais <\/p>\n","protected":false},"author":0,"featured_media":1000597701,"comment_status":"closed","ping_status":"closed","sticky":false,"template":"","format":"standard","meta":{"42wp_featured_image_caption":"","42wp_featured_image_credits":"","42wp_featured_video":"","42wp_featured_image_hidden":false,"42wp_authors_list":[],"footnotes":""},"categories":[2],"tags":[1357,207,31064,32015,800,25050,87,82,536,204],"42wp_author":[47128],"class_list":["post-110393","post","type-post","status-publish","format-standard","has-post-thumbnail","hentry","category-f1","tag-f1-2022","tag-ferrari","tag-formula-1-2022-3","tag-franca-f1","tag-george-russell","tag-gp-da-franca","tag-lewis-hamilton","tag-mercedes","tag-paul-ricard","tag-red-bull","42wp_author-guilherme-bloisi"],"_links":{"self":[{"href":"https:\/\/grandepremio.com\/br\/wp-json\/wp\/v2\/posts\/110393","targetHints":{"allow":["GET"]}}],"collection":[{"href":"https:\/\/grandepremio.com\/br\/wp-json\/wp\/v2\/posts"}],"about":[{"href":"https:\/\/grandepremio.com\/br\/wp-json\/wp\/v2\/types\/post"}],"replies":[{"embeddable":true,"href":"https:\/\/grandepremio.com\/br\/wp-json\/wp\/v2\/comments?post=110393"}],"version-history":[{"count":0,"href":"https:\/\/grandepremio.com\/br\/wp-json\/wp\/v2\/posts\/110393\/revisions"}],"wp:featuredmedia":[{"embeddable":true,"href":"https:\/\/grandepremio.com\/br\/wp-json\/wp\/v2\/media\/1000597701"}],"wp:attachment":[{"href":"https:\/\/grandepremio.com\/br\/wp-json\/wp\/v2\/media?parent=110393"}],"wp:term":[{"taxonomy":"category","embeddable":true,"href":"https:\/\/grandepremio.com\/br\/wp-json\/wp\/v2\/categories?post=110393"},{"taxonomy":"post_tag","embeddable":true,"href":"https:\/\/grandepremio.com\/br\/wp-json\/wp\/v2\/tags?post=110393"},{"taxonomy":"42wp_author","embeddable":true,"href":"https:\/\/grandepremio.com\/br\/wp-json\/wp\/v2\/42wp_author?post=110393"}],"curies":[{"name":"wp","href":"https:\/\/api.w.org\/{rel}","templated":true}]}}