{"id":110400,"date":"2022-07-23T12:38:03","date_gmt":"2022-07-23T15:38:03","guid":{"rendered":"https:\/\/grandepremio.com\/br\/noticias\/max-verstappen-mantem-otimismo-2o-lugar-franca-somos-rapidos-retas\/"},"modified":"2022-07-23T12:40:28","modified_gmt":"2022-07-23T15:40:28","slug":"max-verstappen-mantem-otimismo-2o-lugar-franca-somos-rapidos-retas","status":"publish","type":"post","link":"https:\/\/grandepremio.com\/br\/f1\/max-verstappen-mantem-otimismo-2o-lugar-franca-somos-rapidos-retas\/","title":{"rendered":"Verstappen mant\u00e9m otimismo com 2\u00ba lugar na Fran\u00e7a: &#8220;Somos mais r\u00e1pidos nas retas&#8221;"},"content":{"rendered":"\n<figure class=\"wp-block-embed is-type-video is-provider-youtube wp-block-embed-youtube wp-embed-aspect-16-9 wp-has-aspect-ratio\"><div class=\"wp-block-embed__wrapper\">\n<iframe loading=\"lazy\" title=\"F1 2022: LECLERC BRILHA E CONQUISTA POLE NA FRAN\u00c7A. VERSTAPPEN \u00c9 2\u00ba | Briefing\" width=\"500\" height=\"281\" src=\"https:\/\/www.youtube.com\/embed\/kFvziOBZ-Ko?feature=oembed\" frameborder=\"0\" allow=\"accelerometer; autoplay; clipboard-write; encrypted-media; gyroscope; picture-in-picture; web-share\" referrerpolicy=\"strict-origin-when-cross-origin\" allowfullscreen><\/iframe>\n<\/div><\/figure>\n\n\n\n<p class=\"wp-block-paragraph\">Max Verstappen bem que tentou, mas n\u00e3o conseguiu superar Charles Leclerc <a href=\"https:\/\/www.grandepremio.com\/br\/f1\/noticias\/charles-leclerc-volta-brilhar-sabado-conquista-pole-franca-formula-1\/\" class=\"ek-link\">no treino de classifica\u00e7\u00e3o disputado neste s\u00e1bado<\/a> (23) em Paul Ricard. O tempo de 1min31s176 do atual campe\u00e3o mundial ficou bem distante de se aproximar do monegasco da Ferrari e vai largar na segunda posi\u00e7\u00e3o.<\/p>\n\n\n\n<p class=\"wp-block-paragraph\">Ao fim do treino, o holand\u00eas n\u00e3o conseguiu esconder o descontentamento com a performance do RB18 no circuito franc\u00eas, <a href=\"https:\/\/www.grandepremio.com\/br\/f1\/noticias\/max-verstappen-sobra-mostra-forca-red-bull-liderar-tl3-franca-formula-1\/\" class=\"ek-link\">diferente do que foi visto no TL3<\/a>, quando terminou na frente das rivais. &#8220;N\u00e3o conseguimos repetir o desempenho, faltou-nos ader\u00eancia nesta classifica\u00e7\u00e3o&#8221;.<\/p>\n\n\n\n<p class=\"wp-block-paragraph\"><strong>\u25b6\ufe0f&nbsp;Inscreva-se nos dois canais do GRANDE PR\u00caMIO no YouTube:&nbsp;<a href=\"https:\/\/www.youtube.com\/channel\/UC9OlHEgxoaY6QY6nWPoiqQg?sub_confirmation=1\" target=\"_blank\" rel=\"noreferrer noopener\">GP<\/a>&nbsp;|&nbsp;<a href=\"https:\/\/www.youtube.com\/channel\/UC9csiS6q_C3C0FYhyr1rnFA?sub_confirmation=1\" target=\"_blank\" rel=\"noreferrer noopener\">GP2<\/a><\/strong><br><strong>\u25b6\ufe0f&nbsp;<a href=\"https:\/\/www.twitch.tv\/grandepremio\" target=\"_blank\" rel=\"noreferrer noopener\">Conhe\u00e7a o canal do GRANDE PR\u00caMIO na Twitch clicando aqui!<\/a><\/strong><\/p>\n\n\n\n<p class=\"wp-block-paragraph\">Max falou tamb\u00e9m que n\u00e3o esperava uma diferen\u00e7a t\u00e3o acintosa entre ele e a Ferrari de Leclerc para a classifica\u00e7\u00e3o, mas apontou que o que vai valer mesmo \u00e9 a corrida.<\/p>\n\n\n\n<figure class=\"wp-block-image size-large\"><img decoding=\"async\" src=\"https:\/\/www.grandepremio.com\/br\/wp-content\/uploads\/2022\/07\/redbull-maxverstappen-03-5-1024x683.jpg\" alt=\"\" class=\"wp-image-597605\"\/><figcaption>Max Verstappen larga em 2\u00ba em Paul Ricard (Foto: Red Bull Content Pool)<\/figcaption><\/figure>\n\n\n\n<p class=\"wp-block-paragraph\"> &#8220;Foi um pouco mais complicado do que esperava mas, no geral, ainda temos um carro de corrida decente e espero que isso apare\u00e7a a nosso favor&#8221;, disse Verstappen.<\/p>\n\n\n\n<p class=\"wp-block-paragraph\">O piloto da Red Bull espera uma prova bastante disputada com os rivais italianos e as altas temperaturas da Fran\u00e7a, fator muito citado por todos os pilotos durante este fim de semana, estar\u00e1 em p\u00e9 de igualdade para todos.<\/p>\n\n\n\n<p class=\"wp-block-paragraph\">&#8220;Somos mais r\u00e1pidos nas retas, ent\u00e3o, espero que possamos nos valer disso para amanh\u00e3. Estar\u00e1 quente e eles [Ferrari] foram muito r\u00e1pidos&#8221;, completou o holand\u00eas.<\/p>\n\n\n\n<p class=\"wp-block-paragraph\">O&nbsp;<strong>GRANDE PR\u00caMIO<\/strong>&nbsp;acompanha&nbsp;<a href=\"https:\/\/www.grandepremio.com\/br\/f1\/ao-vivo\"><strong>AO VIVO<\/strong>&nbsp;e&nbsp;<strong>EM&nbsp;<\/strong><\/a><strong><a href=\"https:\/\/www.grandepremio.com\/br\/ao-vivo\/\" target=\"_blank\" rel=\"noreferrer noopener\">TEMPO REAL<\/a><\/strong>&nbsp;todas as atividades do fim de semana do&nbsp;<a href=\"https:\/\/www.grandepremio.com\/br\/etapa\/f1\/gp-da-franca-formula-1-2022\/\" target=\"_blank\" rel=\"noreferrer noopener\">GP da Fran\u00e7a<\/a>. A corrida acontece neste domingo (24), as 10h (de Bras\u00edlia, GMT-3).<\/p>\n","protected":false},"excerpt":{"rendered":"<p>Holand\u00eas da Red Bull n\u00e3o conseguiu acompanhar o ritmo da Ferrari de Leclerc na classifica\u00e7\u00e3o, por\u00e9m, n\u00e3o baixou a guarda e manteve as esperan\u00e7as de uma corrida melhor em Paul Ricard no domingo<\/p>\n","protected":false},"author":0,"featured_media":1000597679,"comment_status":"closed","ping_status":"closed","sticky":false,"template":"","format":"standard","meta":{"42wp_featured_image_caption":"","42wp_featured_image_credits":"","42wp_featured_video":"","42wp_featured_image_hidden":false,"42wp_authors_list":[],"footnotes":""},"categories":[2],"tags":[209,1357,207,31064,32015,25050,203,536,204],"42wp_author":[47128],"class_list":["post-110400","post","type-post","status-publish","format-standard","has-post-thumbnail","hentry","category-f1","tag-charles-leclerc","tag-f1-2022","tag-ferrari","tag-formula-1-2022-3","tag-franca-f1","tag-gp-da-franca","tag-max-verstappen","tag-paul-ricard","tag-red-bull","42wp_author-guilherme-bloisi"],"_links":{"self":[{"href":"https:\/\/grandepremio.com\/br\/wp-json\/wp\/v2\/posts\/110400","targetHints":{"allow":["GET"]}}],"collection":[{"href":"https:\/\/grandepremio.com\/br\/wp-json\/wp\/v2\/posts"}],"about":[{"href":"https:\/\/grandepremio.com\/br\/wp-json\/wp\/v2\/types\/post"}],"replies":[{"embeddable":true,"href":"https:\/\/grandepremio.com\/br\/wp-json\/wp\/v2\/comments?post=110400"}],"version-history":[{"count":0,"href":"https:\/\/grandepremio.com\/br\/wp-json\/wp\/v2\/posts\/110400\/revisions"}],"wp:featuredmedia":[{"embeddable":true,"href":"https:\/\/grandepremio.com\/br\/wp-json\/wp\/v2\/media\/1000597679"}],"wp:attachment":[{"href":"https:\/\/grandepremio.com\/br\/wp-json\/wp\/v2\/media?parent=110400"}],"wp:term":[{"taxonomy":"category","embeddable":true,"href":"https:\/\/grandepremio.com\/br\/wp-json\/wp\/v2\/categories?post=110400"},{"taxonomy":"post_tag","embeddable":true,"href":"https:\/\/grandepremio.com\/br\/wp-json\/wp\/v2\/tags?post=110400"},{"taxonomy":"42wp_author","embeddable":true,"href":"https:\/\/grandepremio.com\/br\/wp-json\/wp\/v2\/42wp_author?post=110400"}],"curies":[{"name":"wp","href":"https:\/\/api.w.org\/{rel}","templated":true}]}}