{"id":110402,"date":"2022-07-23T12:24:15","date_gmt":"2022-07-23T15:24:15","guid":{"rendered":"https:\/\/grandepremio.com\/br\/noticias\/will-power-comanda-show-penske-crava-pole-duas-corridas-indy-iowa\/"},"modified":"2022-07-23T12:58:12","modified_gmt":"2022-07-23T15:58:12","slug":"will-power-comanda-show-penske-crava-pole-duas-corridas-indy-iowa","status":"publish","type":"post","link":"https:\/\/grandepremio.com\/br\/indy\/will-power-comanda-show-penske-crava-pole-duas-corridas-indy-iowa\/","title":{"rendered":"Power comanda show da Penske e crava pole das duas corridas da Indy em Iowa"},"content":{"rendered":"\n<figure class=\"wp-block-embed is-type-video is-provider-youtube wp-block-embed-youtube wp-embed-aspect-16-9 wp-has-aspect-ratio\"><div class=\"wp-block-embed__wrapper\">\n<iframe loading=\"lazy\" title=\"PALOU SEGUE FIRME NA INDY 2022 APESAR DE DRAMA GANASSI x McLAREN\" width=\"500\" height=\"281\" src=\"https:\/\/www.youtube.com\/embed\/e29x5KEqZpk?feature=oembed\" frameborder=\"0\" allow=\"accelerometer; autoplay; clipboard-write; encrypted-media; gyroscope; picture-in-picture; web-share\" referrerpolicy=\"strict-origin-when-cross-origin\" allowfullscreen><\/iframe>\n<\/div><figcaption>PALOU SEGUE FIRME NA INDY 2022 APESAR DE DRAMA GANASSI x McLAREN<\/figcaption><\/figure>\n\n\n\n<p class=\"wp-block-paragraph\">Will Power vai largar na pole-position das duas corridas da Indy em Iowa. Na curiosa sess\u00e3o classificat\u00f3ria realizada neste s\u00e1bado (23), o australiano da Penske, segundo colocado no campeonato marcou 18s060 e 18s079, e vai largar na posi\u00e7\u00e3o de honra das provas que acontecem neste s\u00e1bado e no domingo.<\/p>\n\n\n\n<p class=\"wp-block-paragraph\">A Penske ganha mais motivos para sorrir com a presen\u00e7a do bicampe\u00e3o Josef Newgarden na primeira fila das duas corridas. O piloto, que venceu em Iowa em 2019 e 2020, chegou a cravar a pole provis\u00f3ria das provas antes de ser superado pelo companheiro de equipe Power.<\/p>\n\n\n\n<p class=\"wp-block-paragraph\">Conor Daly, de Carpenter, parte em terceiro no grid da corrida 1, ao lado do mexicano Pato O&#8217;Ward, da McLaren. Scott McLaughlin, de Penske, \u00e9 o quinto. O top-10 da prova deste s\u00e1bado ainda tem David Malukas, Jack Harvey, Rinus VeeKay, Takuma Sato e Romain Grosjean.<\/p>\n\n\n\n<p class=\"wp-block-paragraph\">A ordem da corrida 2, que acontece no domingo, tem algumas diferen\u00e7as, como a apari\u00e7\u00e3o de Colton Herta no terceiro posto. O americano da Andretti ser\u00e1 seguido por Daly, Sato, McLaughlin, Harvey, O&#8217;Ward, VeeKay e Felix Rosenqvist.<\/p>\n\n\n\n<p class=\"wp-block-paragraph\">A Ganassi surpreendeu pelo mau desempenho, largando fora do top-10 nas duas corridas. Para a prova de s\u00e1bado, os quatro carros ocupam da 12\u00aa at\u00e9 a 15\u00aa posi\u00e7\u00f5es, com Marcus Ericsson, Scott Dixon, \u00c1lex Palou e Jimmie Johnson. No domingo, o melhor colocado \u00e9 Palou, em 12\u00ba, lado a lado com Johnson. Ericsson sair\u00e1 de 15\u00ba, enquanto Dixon \u00e9 apenas o 18\u00ba.<\/p>\n\n\n\n<p class=\"wp-block-paragraph\">O brasileiro Helio Castroneves, da Meyer Shank, ser\u00e1 obrigado a fazer uma corrida de recupera\u00e7\u00e3o no fim de semana. Com tempos ruins, o veterano parte de 25\u00ba no s\u00e1bado, e 24\u00ba no domingo.<\/p>\n\n\n\n<p class=\"wp-block-paragraph\">A corrida 1 da Indy em Iowa tem largada marcada para 17h00 (de Bras\u00edlia, GMT-3) deste s\u00e1bado.<\/p>\n\n\n\n<p class=\"wp-block-paragraph\"><strong>LEIA TAMB\u00c9M<br>+&nbsp;<a href=\"https:\/\/www.grandepremio.com\/br\/indy\/noticias\/fundador-revela-dedo-roger-penske-criacao-force-indy-aponta-motivacao-economica\/\">Fundador revela \u2018dedo\u2019 de Penske em cria\u00e7\u00e3o da Force&nbsp;<\/a><a href=\"https:\/\/www.grandepremio.com\/formula-indy\/\" target=\"_blank\" rel=\"noreferrer noopener\"><\/a><a href=\"https:\/\/www.grandepremio.com\/formula-indy\/\" target=\"_blank\" rel=\"noreferrer noopener\">Indy<\/a><a href=\"https:\/\/www.grandepremio.com\/br\/indy\/noticias\/fundador-revela-dedo-roger-penske-criacao-force-indy-aponta-motivacao-economica\/\">&nbsp;e aponta motiva\u00e7\u00e3o \u201cecon\u00f4mica\u201d<\/a><br>+&nbsp;<a href=\"https:\/\/www.grandepremio.com\/br\/indy\/noticias\/lyn-st-james-reitera-vontade-testemunhar-vitoria-mulher-indy-500\/\">Lyn St. James reitera vontade de testemunhar \u201cvit\u00f3ria de uma mulher na Indy 500\u201d<\/a><\/strong><\/p>\n\n\n\n<figure class=\"wp-block-image size-large\"><img decoding=\"async\" src=\"https:\/\/www.grandepremio.com\/br\/wp-content\/uploads\/2022\/07\/Colton-Herta-Hy-VeeDeals_com-250-presented-by-DoorDash-By_-Chris-Owens_Large-Image-Without-Watermark_m64796-1024x683.jpg\" alt=\"\" class=\"wp-image-597736\"\/><figcaption>Colton Herta larga em terceiro na corrida 2 (Foto: IndyCar)<\/figcaption><\/figure>\n\n\n\n<p class=\"wp-block-paragraph\"><strong>\u25b6\ufe0f\u00a0Inscreva-se nos dois canais do GRANDE PR\u00caMIO no YouTube:\u00a0<a href=\"https:\/\/www.youtube.com\/channel\/UC9OlHEgxoaY6QY6nWPoiqQg?sub_confirmation=1\" target=\"_blank\" rel=\"noreferrer noopener\">GP<\/a>\u00a0|\u00a0<a href=\"https:\/\/www.youtube.com\/channel\/UC9csiS6q_C3C0FYhyr1rnFA?sub_confirmation=1\" target=\"_blank\" rel=\"noreferrer noopener\">GP2<\/a><\/strong><br><strong>\u25b6\ufe0f\u00a0<a href=\"https:\/\/www.twitch.tv\/grandepremio\" target=\"_blank\" rel=\"noreferrer noopener\">Conhe\u00e7a o canal do GRANDE PR\u00caMIO na Twitch clicando aqui!<\/a><\/strong><\/p>\n\n\n\n<p class=\"wp-block-paragraph\"><strong>Saiba como foi a classifica\u00e7\u00e3o da rodada dupla da Indy em Iowa:<\/strong><\/p>\n\n\n\n<p class=\"wp-block-paragraph\">O primeiro piloto na pista foi Ed Carpenter. O tempo para a corrida 1 foi 18s559, enquanto a volta 2 foi melhor, em 18s473. Dalton Kellett, da Foyt, veio em seguida, com marcas piores. Companheiro de Kellett, Kirkwood se colocou entre os pilotos, na segunda posi\u00e7\u00e3o provis\u00f3ria. <\/p>\n\n\n\n<p class=\"wp-block-paragraph\">Jimmie Johnson, da Ganassi, veio e tomou a ponta provis\u00f3ria das duas corridas. 18s369 para a corrida 1, 18s305 para a corrida 2. Devlin DeFrancesco, da Andretti, teve uma boa marca para a primeira prova, se colocando atr\u00e1s de Johnson, mas a da corrida 2 acabou muito ruim, \u00e0 frente apenas de Kellett. Callum Ilott se colocou em 3\u00ba e 4\u00ba lugares provis\u00f3rios para as provas com a Juncos.<\/p>\n\n\n\n<p class=\"wp-block-paragraph\">Jack Harvey, da RLL, conquistou as duas poles de forma provis\u00f3ria, anotando 18s216 e 18s193. Na vez de Takuma Sato, o piloto japon\u00eas cravou a melhor volta da corrida 2 ao marcar 18s154. Companheiro de Sato, David Malukas apareceu para tomar a pole provis\u00f3ria da corrida 1, mas caiu de desempenho na segunda volta.<\/p>\n\n\n\n<p class=\"wp-block-paragraph\">A vez de Helio Castroneves foi ruim. Com 18s664 e 18s588, o brasileiro da Meyer Shank acabou ficando para tr\u00e1s nas duas classifica\u00e7\u00f5es. Christian Lundgaard teve desempenho mediano, se colocando no meio da tabela para as duas provas. Romain Grosjean, de Andretti, pulou para quarto e terceiro ap\u00f3s bom ritmo em sua tentativa.<\/p>\n\n\n\n<p class=\"wp-block-paragraph\">Pole da corrida 2 em 2020, Conor Daly veio voando com a Carpenter e anotou a pole para as duas provas, com 18s134 e 18s153. Graham Rahal teve desempenhos medianos com a RLL, enquanto Rinus VeeKay colocou a Carpenter em quarto nas duas provas com a Carpenter. De Andretti, Alexander Rossi foi mal, com 9\u00ba e 11\u00ba.<\/p>\n\n\n\n<p class=\"wp-block-paragraph\">Felix Rosenqvist veio com o quinto tempo para as duas corridas, enquanto Colton Herta fez a pole da corrida 2 com 18s129. Scott McLaughlin, de Penske, pulou ao segundo lugar para a corrida 1, mas foi apenas quarto para a 2. Pato O&#8217;Ward e Scott Dixon vieram na sequ\u00eancia, mas sem amea\u00e7ar os poles.<\/p>\n\n\n\n<p class=\"wp-block-paragraph\">Josef Newgarden, de Penske, veio forte e marcou a pole para as duas provas, com 18s103 e 18s090. O atual campe\u00e3o \u00c1lex Palou teve desempenho bem mediano nas voltas, ficando fora at\u00e9 do top-10. Companheiro de Newgarden, Will Power desbancou o parceiro para cravar as duas poles, com 18s060 e 18s079. Marcus Ericsson at\u00e9 foi para a pista, mas as tentativas ruins mantiveram Power no topo.<\/p>\n\n\n\n<p class=\"wp-block-paragraph\"><strong>Indy 2022, GP de Iowa, Grid de Largada, Corrida 1:<\/strong><\/p>\n\n\n\n<figure class=\"wp-block-table\"><table><tbody><tr><td>1<\/td><td>W POWER<\/td><td>Penske Chevrolet<\/td><td>18.060<\/td><td>&nbsp;<\/td><\/tr><tr><td>2<\/td><td>J NEWGARDEN<\/td><td>Penske Chevrolet<\/td><td>18.103<\/td><td>+0.043<\/td><\/tr><tr><td>3<\/td><td>C DALY&nbsp;<\/td><td>Carpenter Chevrolet<\/td><td>18.134<\/td><td>+0.074<\/td><\/tr><tr><td>4<\/td><td>P O&#8217;WARD<\/td><td>McLaren Chevrolet<\/td><td>18.139<\/td><td>+0.079<\/td><\/tr><tr><td>5<\/td><td>S MCLAUGHLIN<\/td><td>Penske Chevrolet<\/td><td>18.157<\/td><td>+0.097<\/td><\/tr><tr><td>6<\/td><td>D MALUKAS<\/td><td>Dale Coyne Honda<\/td><td>18.190<\/td><td>+0.130<\/td><\/tr><tr><td>7<\/td><td>J HARVEY<\/td><td>RLL Honda<\/td><td>18.216<\/td><td>+0.156<\/td><\/tr><tr><td>8<\/td><td>R VEEKAY<\/td><td>Carpenter Chevrolet<\/td><td>18.221<\/td><td>+0.161<\/td><\/tr><tr><td>9<\/td><td>T SATO<\/td><td>Dale Coyne Honda<\/td><td>18.227<\/td><td>+0.167<\/td><\/tr><tr><td>10<\/td><td>R GROSJEAN<\/td><td>Andretti Honda<\/td><td>18.237<\/td><td>+0.177<\/td><\/tr><tr><td>11<\/td><td>F ROSENQVIST<\/td><td>McLaren Chevrolet<\/td><td>18.259<\/td><td>+0.199<\/td><\/tr><tr><td>12<\/td><td>M ERICSSON<\/td><td>Ganassi Honda<\/td><td>18.302<\/td><td>+0.242<\/td><\/tr><tr><td>13<\/td><td>S DIXON<\/td><td>Ganassi Honda<\/td><td>18.320<\/td><td>+0.260<\/td><\/tr><tr><td>14<\/td><td>A PALOU<\/td><td>Ganassi Honda<\/td><td>18.366<\/td><td>+0.306<\/td><\/tr><tr><td>15<\/td><td>J JOHNSON<\/td><td>Ganassi Honda<\/td><td>18.369<\/td><td>+0,.09<\/td><\/tr><tr><td>16<\/td><td>G RAHAL<\/td><td>Andretti Honda<\/td><td>18.416<\/td><td>+0.356<\/td><\/tr><tr><td>17<\/td><td>C HERTA<\/td><td>RLL Honda<\/td><td>18.418<\/td><td>+0.358<\/td><\/tr><tr><td>18<\/td><td>D DEFRANCESCO<\/td><td>Andretti Honda<\/td><td>18.425<\/td><td>+0.365<\/td><\/tr><tr><td>19<\/td><td>A ROSSI<\/td><td>Andretti Honda<\/td><td>18.448<\/td><td>+0.388<\/td><\/tr><tr><td>20<\/td><td>C LUNDGAARD<\/td><td>RLL Honda<\/td><td>18.529<\/td><td>+0.469<\/td><\/tr><tr><td>21<\/td><td>S PAGENAUD<\/td><td>Meyer Shank Honda<\/td><td>18.558<\/td><td>+0.498<\/td><\/tr><tr><td>22<\/td><td>C ILOTT<\/td><td>Juncos Chevrolet<\/td><td>18.558<\/td><td>+0.498<\/td><\/tr><tr><td>23<\/td><td>E CARPENTER<\/td><td>Carpenter Chevrolet<\/td><td>18.559<\/td><td>+0.499<\/td><\/tr><tr><td>24<\/td><td>K KIRKWOOD<\/td><td>Foyt Chevrolet<\/td><td>18.643<\/td><td>+0.583<\/td><\/tr><tr><td>25<\/td><td>H CASTRONEVES<\/td><td>Meyer Shank Honda<\/td><td>18.664<\/td><td>+0.604<\/td><\/tr><tr><td>26<\/td><td>D KELLETT<\/td><td>Foyt Chevrolet<\/td><td>18.998<\/td><td>+0.938<\/td><\/tr><\/tbody><\/table><\/figure>\n\n\n\n<p class=\"wp-block-paragraph\"><strong>Indy 2022, GP de Iowa, Gird de Largada, Corrida 2:<\/strong><\/p>\n\n\n\n<figure class=\"wp-block-table\"><table><tbody><tr><td>1<\/td><td>W POWER<\/td><td>Penske Chevrolet<\/td><td>18.079<\/td><td>&nbsp;<\/td><\/tr><tr><td>2<\/td><td>J NEWGARDEN<\/td><td>Penske Chevrolet<\/td><td>18.090<\/td><td>+0.011<\/td><\/tr><tr><td>3<\/td><td>C HERTA<\/td><td>Andretti Honda<\/td><td>18.129<\/td><td>+0.050<\/td><\/tr><tr><td>4<\/td><td>C DALY<\/td><td>Carpenter Chevrolet<\/td><td>18.153<\/td><td>+0.074<\/td><\/tr><tr><td>5<\/td><td>T SATO<\/td><td>Dale Coyne Honda<\/td><td>18.154<\/td><td>+0.075<\/td><\/tr><tr><td>6<\/td><td>S MCLAUGHLIN<\/td><td>Penske Chevrolet<\/td><td>18.155<\/td><td>+0.076<\/td><\/tr><tr><td>7<\/td><td>J HARVEY<\/td><td>RLL Honda<\/td><td>18.193<\/td><td>+0.114<\/td><\/tr><tr><td>8<\/td><td>P O&#8217;WARD<\/td><td>McLaren Chevrolet<\/td><td>18.221<\/td><td>+0.142<\/td><\/tr><tr><td>9<\/td><td>R VEEKAY<\/td><td>Carpenter Chevrolet<\/td><td>18.221<\/td><td>+0.142<\/td><\/tr><tr><td>10<\/td><td>F ROSENQVIST<\/td><td>McLaren Chevrolet<\/td><td>18.246<\/td><td>+0.167<\/td><\/tr><tr><td>11<\/td><td>R GROSJEAN<\/td><td>Andretti Honda<\/td><td>18.255<\/td><td>+0.176<\/td><\/tr><tr><td>12<\/td><td>A PALOU<\/td><td>Ganassi Honda<\/td><td>18.273<\/td><td>+0.194<\/td><\/tr><tr><td>13<\/td><td>J JOHNSON<\/td><td>Ganassi Honda<\/td><td>18.305<\/td><td>+0.226<\/td><\/tr><tr><td>14<\/td><td>D MALUKAS<\/td><td>Dale Coyne Honda<\/td><td>18.349<\/td><td>+0.270<\/td><\/tr><tr><td>15<\/td><td>M ERICSSON<\/td><td>Ganassi Honda<\/td><td>18.380<\/td><td>+0.301<\/td><\/tr><tr><td>16<\/td><td>S PAGENAUD<\/td><td>Meyer Shank Honda<\/td><td>18.446<\/td><td>+0.367<\/td><\/tr><tr><td>17<\/td><td>C LUNDGAARD<\/td><td>RLL Honda<\/td><td>18.449<\/td><td>+0.370<\/td><\/tr><tr><td>18<\/td><td>S DIXON<\/td><td>Ganassi Honda<\/td><td>18.451<\/td><td>+0.372<\/td><\/tr><tr><td>19<\/td><td>E CARPENTER<\/td><td>Carpenter Chevrolet<\/td><td>18.473<\/td><td>+0.394<\/td><\/tr><tr><td>20<\/td><td>K KIRKWOOD<\/td><td>Foyt Chevrolet<\/td><td>18.511<\/td><td>+0.432<\/td><\/tr><tr><td>21<\/td><td>A ROSSI<\/td><td>Andretti Honda<\/td><td>18.522<\/td><td>+0.443<\/td><\/tr><tr><td>22<\/td><td>C ILOTT<\/td><td>Juncos Chevrolet<\/td><td>18.528<\/td><td>+0.449<\/td><\/tr><tr><td>23<\/td><td>G RAHAL<\/td><td>RLL Honda<\/td><td>18.537<\/td><td>+0.458<\/td><\/tr><tr><td>24<\/td><td>H CASTRONEVES<\/td><td>Meyer Shank Honda<\/td><td>18.588<\/td><td>+0.509<\/td><\/tr><tr><td>25<\/td><td>D DEFRANCESCO<\/td><td>Andretti Honda<\/td><td>18.603<\/td><td>+0.524<\/td><\/tr><tr><td>26<\/td><td>D KELLETT<\/td><td>Foyt Chevrolet<\/td><td>18.644<\/td><td>+0.565<\/td><\/tr><\/tbody><\/table><\/figure>\n","protected":false},"excerpt":{"rendered":"<p>Will Power e Josef Newgarden v\u00e3o formar a primeira fila das duas corridas da Indy em Iowa. Australiano superou o companheiro de equipe americano na reta final para sair com as poles do fim de semana<\/p>\n","protected":false},"author":0,"featured_media":1000597716,"comment_status":"closed","ping_status":"closed","sticky":false,"template":"","format":"standard","meta":{"42wp_featured_image_caption":"","42wp_featured_image_credits":"","42wp_featured_video":"","42wp_featured_image_hidden":false,"42wp_authors_list":[],"footnotes":""},"categories":[3],"tags":[617,1848,649,1579,1824,320,334,6190,1825,3144,619,4351,3475,30956,93,4333,2514,2198,1555,791,1569,99,2188,120,732,266,1596,1326,3133],"42wp_author":[47119],"class_list":["post-110402","post","type-post","status-publish","format-standard","has-post-thumbnail","hentry","category-indy","tag-alexander-rossi","tag-callum-ilott","tag-christian-lundgaard","tag-colton-herta","tag-conor-daly","tag-dalton-kellett","tag-david-malukas","tag-devlin-defrancesco","tag-ed-carpenter","tag-felix-rosenqvist","tag-formula-indy","tag-gp-de-iowa","tag-graham-rahal","tag-helio-castroneves-2","tag-indy","tag-iowa","tag-jack-harvey","tag-jimmie-johnson","tag-josef-newgarden","tag-kyle-kirkwood","tag-marcus-ericsson","tag-pato-oward","tag-rinus-veekay","tag-romain-grosjean","tag-scott-dixon","tag-scott-mclaughlin","tag-simon-pagenaud","tag-takuma-sato","tag-will-power","42wp_author-gabriel-carvalho"],"_links":{"self":[{"href":"https:\/\/grandepremio.com\/br\/wp-json\/wp\/v2\/posts\/110402","targetHints":{"allow":["GET"]}}],"collection":[{"href":"https:\/\/grandepremio.com\/br\/wp-json\/wp\/v2\/posts"}],"about":[{"href":"https:\/\/grandepremio.com\/br\/wp-json\/wp\/v2\/types\/post"}],"replies":[{"embeddable":true,"href":"https:\/\/grandepremio.com\/br\/wp-json\/wp\/v2\/comments?post=110402"}],"version-history":[{"count":0,"href":"https:\/\/grandepremio.com\/br\/wp-json\/wp\/v2\/posts\/110402\/revisions"}],"wp:featuredmedia":[{"embeddable":true,"href":"https:\/\/grandepremio.com\/br\/wp-json\/wp\/v2\/media\/1000597716"}],"wp:attachment":[{"href":"https:\/\/grandepremio.com\/br\/wp-json\/wp\/v2\/media?parent=110402"}],"wp:term":[{"taxonomy":"category","embeddable":true,"href":"https:\/\/grandepremio.com\/br\/wp-json\/wp\/v2\/categories?post=110402"},{"taxonomy":"post_tag","embeddable":true,"href":"https:\/\/grandepremio.com\/br\/wp-json\/wp\/v2\/tags?post=110402"},{"taxonomy":"42wp_author","embeddable":true,"href":"https:\/\/grandepremio.com\/br\/wp-json\/wp\/v2\/42wp_author?post=110402"}],"curies":[{"name":"wp","href":"https:\/\/api.w.org\/{rel}","templated":true}]}}