{"id":110410,"date":"2022-07-23T08:16:08","date_gmt":"2022-07-23T11:16:08","guid":{"rendered":"https:\/\/grandepremio.com\/br\/noticias\/mercedes-rebate-red-bull-trabalhamos-resolver-problemas\/"},"modified":"2022-07-23T08:17:03","modified_gmt":"2022-07-23T11:17:03","slug":"mercedes-rebate-red-bull-trabalhamos-resolver-problemas","status":"publish","type":"post","link":"https:\/\/grandepremio.com\/br\/f1\/mercedes-rebate-red-bull-trabalhamos-resolver-problemas\/","title":{"rendered":"Mercedes rebate Red Bull e diz: \u201cTrabalhamos para resolver nossos problemas n\u00f3s mesmos\u201d"},"content":{"rendered":"\n<figure class=\"wp-block-embed is-type-video is-provider-youtube wp-block-embed-youtube wp-embed-aspect-16-9 wp-has-aspect-ratio\"><div class=\"wp-block-embed__wrapper\">\n<iframe loading=\"lazy\" title=\"F1 2022: FERRARI MOSTRA FOR\u00c7A E LIDERA TREINOS LIVRES DO GP DA FRAN\u00c7A DE F\u00d3RMULA 1 | Briefing\" width=\"500\" height=\"281\" src=\"https:\/\/www.youtube.com\/embed\/QPve_yNTPng?feature=oembed\" frameborder=\"0\" allow=\"accelerometer; autoplay; clipboard-write; encrypted-media; gyroscope; picture-in-picture; web-share\" referrerpolicy=\"strict-origin-when-cross-origin\" allowfullscreen><\/iframe>\n<\/div><\/figure>\n\n\n\n<p class=\"wp-block-paragraph\">Coube a Andrew Shovlin, diretor de engenharia da Mercedes, rebater a Red Bull e frisar que a escuderia de Brackley segue trabalhando para resolver os pr\u00f3prios problemas sozinha. Junto da Ferrari, a equipe dos energ\u00e9ticos se op\u00f5e a uma mudan\u00e7a no regulamento e considera que as medidas que a FIA (Federa\u00e7\u00e3o Internacional de Automobilismo) quer adotar em 2023 para evitar os quites atendem <a href=\"https:\/\/www.grandepremio.com\/br\/f1\/noticias\/red-bull-diz-tarde-demais-mudar-regras-sobre-quiques-culpa-mercedes\/\" class=\"ek-link\">apenas aos interesses do time de Lewis Hamilton e George Russell<\/a>.<\/p>\n\n\n\n<p class=\"wp-block-paragraph\">Semana passada, a FIA confirmou a nova diretiva t\u00e9cnica, que ser\u00e1 usada a partir do GP da B\u00e9lgica, e que visa estabelecer m\u00e9tricas para reduzir os quiques. Al\u00e9m disso, tamb\u00e9m incorporou sugest\u00f5es de mudan\u00e7as para 2023. Dentre elas, est\u00e1 o assoalho: as bordas seriam elevadas para 25mm, assim como a entrada do eixo do difusor, abaixo do assoalho, tamb\u00e9m seria levantada. Tudo isso \u00e9 proposto pela entidade para tentar evitar a incid\u00eancia do porpoising.<\/p>\n\n\n\n<figure class=\"wp-block-image size-large\"><img decoding=\"async\" src=\"https:\/\/www.grandepremio.com\/br\/wp-content\/uploads\/2022\/07\/000_32F87PR-1024x683.jpg\" alt=\"\" class=\"wp-image-597378\"\/><figcaption>Mercedes \u00e9 uma das equipes que mais sofre com os quiques na temporada 2022 da F1, da\u00ed a queixa da Red Bull (Foto: Sylvain Thomas\/AFP)<\/figcaption><\/figure>\n\n\n\n<p class=\"wp-block-paragraph\"><strong>\u25b6\ufe0f&nbsp;Inscreva-se nos dois canais do GRANDE PR\u00caMIO no YouTube:&nbsp;<a href=\"https:\/\/www.youtube.com\/channel\/UC9OlHEgxoaY6QY6nWPoiqQg?sub_confirmation=1\" target=\"_blank\" rel=\"noreferrer noopener\">GP<\/a>&nbsp;|&nbsp;<a href=\"https:\/\/www.youtube.com\/channel\/UC9csiS6q_C3C0FYhyr1rnFA?sub_confirmation=1\" target=\"_blank\" rel=\"noreferrer noopener\">GP2<\/a><\/strong><br><strong>\u25b6\ufe0f&nbsp;<a href=\"https:\/\/www.twitch.tv\/grandepremio\" target=\"_blank\" rel=\"noreferrer noopener\">Conhe\u00e7a o canal do GRANDE PR\u00caMIO na Twitch clicando aqui!<\/a><\/strong><\/p>\n\n\n\n<p class=\"wp-block-paragraph\">Nem todos, por\u00e9m, est\u00e3o satisfeitos com a ideia da entidade. Segundo a publica\u00e7\u00e3o inglesa Autosport, a proposta da FIA tem a oposi\u00e7\u00e3o de Ferrari, Red Bull, AlphaTauri, Alfa Romeo, Haas e Williams.<\/p>\n\n\n\n<p class=\"wp-block-paragraph\">Na vis\u00e3o de Christian Horner, chefe da equipe dos energ\u00e9ticos, as a\u00e7\u00f5es da FIA n\u00e3o tem rela\u00e7\u00e3o com seguran\u00e7a, mas visam beneficiar uma \u00fanica equipe, que \u00e9 quem mais tem problemas com os quiques.<\/p>\n\n\n\n<p class=\"wp-block-paragraph\">Shovlin, por\u00e9m, deixou claro que a Mercedes n\u00e3o est\u00e1 sentada esperando que a FIA apresente uma solu\u00e7\u00e3o. \u201cN\u00f3s estamos trabalhando para resolver nossos problemas n\u00f3s mesmos\u201d, disparou.<\/p>\n\n\n\n<p class=\"wp-block-paragraph\">O dirigente destacou que n\u00e3o se trata de dar vantagem \u00e0 Mercedes, mas lembrou que as mudan\u00e7as de regra t\u00eam impactos diferentes nas equipes, assim como aconteceu com a altera\u00e7\u00e3o de 2021, quando outras equipes conseguiram avan\u00e7ar e a flecha de prata regrediu na F1.<\/p>\n\n\n\n<p class=\"wp-block-paragraph\">\u201cEsses carros v\u00e3o ficar sempre o mais perto do ch\u00e3o poss\u00edvel. Se um piloto bate no ch\u00e3o, a\u00ed perde o controle e a\u00ed acaba no muro, \u00e9 mais uma quest\u00e3o de seguran\u00e7a do que de conforto\u201d, ponderou. \u201cAlgumas equipes queriam a mudan\u00e7a, outras n\u00e3o. O compromisso \u00e9: mude, mas o m\u00ednimo poss\u00edvel\u201d, encerrou.<\/p>\n\n\n\n<p class=\"wp-block-paragraph\">O\u00a0<strong>GRANDE PR\u00caMIO<\/strong>\u00a0acompanha\u00a0<a href=\"https:\/\/www.grandepremio.com\/br\/f1\/ao-vivo\"><strong>AO VIVO<\/strong>\u00a0e\u00a0<strong>EM\u00a0<\/strong><\/a><strong><a href=\"https:\/\/www.grandepremio.com\/br\/ao-vivo\/\" target=\"_blank\" rel=\"noreferrer noopener\">TEMPO REAL<\/a><\/strong>\u00a0todas as atividades do fim de semana do\u00a0<a href=\"https:\/\/www.grandepremio.com\/br\/etapa\/f1\/gp-da-franca-formula-1-2022\/\" target=\"_blank\" rel=\"noreferrer noopener\"><\/a><a href=\"https:\/\/www.grandepremio.com\/br\/etapa\/f1\/gp-da-franca-formula-1-2022\/\" target=\"_blank\" rel=\"noreferrer noopener\"><\/a><a href=\"https:\/\/www.grandepremio.com\/br\/etapa\/f1\/gp-da-franca-formula-1-2022\/\" target=\"_blank\" rel=\"noreferrer noopener\">GP da Fran\u00e7a<\/a>. No s\u00e1bado, o TL3 est\u00e1 marcado para as 8h (de Bras\u00edlia, GMT-3) \u2013 depois, a classifica\u00e7\u00e3o inicia \u00e0s 11h.<\/p>\n\n\n\n<p class=\"wp-block-paragraph\"><\/p>\n","protected":false},"excerpt":{"rendered":"<p>Diretor de engenharia da Mercedes rebateu a insinua\u00e7\u00e3o de Christian Horner de que a FIA quer mudar as regras para beneficiar a equipe e refor\u00e7ou que trabalhar para acabar com os quiques \u00e9 um aspecto importante de seguran\u00e7a<\/p>\n","protected":false},"author":0,"featured_media":1000597377,"comment_status":"closed","ping_status":"closed","sticky":false,"template":"","format":"standard","meta":{"42wp_featured_image_caption":"","42wp_featured_image_credits":"","42wp_featured_video":"","42wp_featured_image_hidden":false,"42wp_authors_list":[],"footnotes":""},"categories":[2],"tags":[147,1357,24837,31064,30732,24979,82,536,204],"42wp_author":[47113],"class_list":["post-110410","post","type-post","status-publish","format-standard","has-post-thumbnail","hentry","category-f1","tag-f1","tag-f1-2022","tag-formula-1-2","tag-formula-1-2022-3","tag-formula-1-classificacao-2022","tag-franca","tag-mercedes","tag-paul-ricard","tag-red-bull","42wp_author-juliana-tesser"],"_links":{"self":[{"href":"https:\/\/grandepremio.com\/br\/wp-json\/wp\/v2\/posts\/110410","targetHints":{"allow":["GET"]}}],"collection":[{"href":"https:\/\/grandepremio.com\/br\/wp-json\/wp\/v2\/posts"}],"about":[{"href":"https:\/\/grandepremio.com\/br\/wp-json\/wp\/v2\/types\/post"}],"replies":[{"embeddable":true,"href":"https:\/\/grandepremio.com\/br\/wp-json\/wp\/v2\/comments?post=110410"}],"version-history":[{"count":0,"href":"https:\/\/grandepremio.com\/br\/wp-json\/wp\/v2\/posts\/110410\/revisions"}],"wp:featuredmedia":[{"embeddable":true,"href":"https:\/\/grandepremio.com\/br\/wp-json\/wp\/v2\/media\/1000597377"}],"wp:attachment":[{"href":"https:\/\/grandepremio.com\/br\/wp-json\/wp\/v2\/media?parent=110410"}],"wp:term":[{"taxonomy":"category","embeddable":true,"href":"https:\/\/grandepremio.com\/br\/wp-json\/wp\/v2\/categories?post=110410"},{"taxonomy":"post_tag","embeddable":true,"href":"https:\/\/grandepremio.com\/br\/wp-json\/wp\/v2\/tags?post=110410"},{"taxonomy":"42wp_author","embeddable":true,"href":"https:\/\/grandepremio.com\/br\/wp-json\/wp\/v2\/42wp_author?post=110410"}],"curies":[{"name":"wp","href":"https:\/\/api.w.org\/{rel}","templated":true}]}}