{"id":110434,"date":"2022-07-22T13:46:32","date_gmt":"2022-07-22T16:46:32","guid":{"rendered":"https:\/\/grandepremio.com\/br\/noticias\/max-verstappen-reclama-equilibrio-red-bull-franca-pondera-estamos-testando\/"},"modified":"2022-07-22T13:51:09","modified_gmt":"2022-07-22T16:51:09","slug":"max-verstappen-reclama-equilibrio-red-bull-franca-pondera-estamos-testando","status":"publish","type":"post","link":"https:\/\/grandepremio.com\/br\/f1\/max-verstappen-reclama-equilibrio-red-bull-franca-pondera-estamos-testando\/","title":{"rendered":"Verstappen reclama de equil\u00edbrio da Red Bull na Fran\u00e7a, mas pondera: &#8220;Estamos testando&#8221;"},"content":{"rendered":"\n<figure class=\"wp-block-embed is-type-video is-provider-youtube wp-block-embed-youtube wp-embed-aspect-16-9 wp-has-aspect-ratio\"><div class=\"wp-block-embed__wrapper\">\n<iframe loading=\"lazy\" title=\"F1 2022: FERRARI MOSTRA FOR\u00c7A E LIDERA TREINOS LIVRES DO GP DA FRAN\u00c7A DE F\u00d3RMULA 1 | Briefing\" width=\"500\" height=\"281\" src=\"https:\/\/www.youtube.com\/embed\/QPve_yNTPng?feature=oembed\" frameborder=\"0\" allow=\"accelerometer; autoplay; clipboard-write; encrypted-media; gyroscope; picture-in-picture; web-share\" referrerpolicy=\"strict-origin-when-cross-origin\" allowfullscreen><\/iframe>\n<\/div><figcaption>F1 2022 AO VIVO: FERRARI MOSTRA FOR\u00c7A E LIDERA TREINOS LIVRES GP DA FRAN\u00c7A DE F\u00d3RMULA 1 | Briefing<\/figcaption><\/figure>\n\n\n\n<p class=\"wp-block-paragraph\">Max Verstappen n\u00e3o est\u00e1 acostumado a ver a Red Bull &#8211; e si pr\u00f3prio &#8211; atr\u00e1s da Ferrari em uma sexta-feira. Mas isso aconteceu no primeiro dia de a\u00e7\u00f5es (22) da F\u00f3rmula 1 em Paul Ricard, na Fran\u00e7a: Charles Leclerc <a href=\"https:\/\/www.grandepremio.com\/br\/f1\/noticias\/charles-leclerc-supera-max-verstappen-muito-pouco-lidera-tl1-franca-formula-1\/\" class=\"ek-link\">comandou o TL1<\/a>, enquanto Carlos Sainz <a href=\"https:\/\/www.grandepremio.com\/br\/f1\/noticias\/carlos-sainz-alo-fim-semana-lidera-tl2-franca-formula-1\/\" class=\"ek-link\">liderou o segundo treino livre<\/a>.<\/p>\n\n\n\n<p class=\"wp-block-paragraph\">2\u00ba e 3\u00ba nas duas sess\u00f5es do dia, respectivamente, o atual campe\u00e3o mundial apontou as dificuldades da equipe taurina em Le Castellet, mas tamb\u00e9m relativizou e afirmou que confia nos testes e na capacidade de an\u00e1lise do time dos energ\u00e9ticos.<\/p>\n\n\n\n<p class=\"wp-block-paragraph\"><strong>\u25b6\ufe0f&nbsp;Inscreva-se nos dois canais do GRANDE PR\u00caMIO no YouTube:&nbsp;<a href=\"https:\/\/www.youtube.com\/channel\/UC9OlHEgxoaY6QY6nWPoiqQg?sub_confirmation=1\" target=\"_blank\" rel=\"noreferrer noopener\">GP<\/a>&nbsp;|&nbsp;<a href=\"https:\/\/www.youtube.com\/channel\/UC9csiS6q_C3C0FYhyr1rnFA?sub_confirmation=1\" target=\"_blank\" rel=\"noreferrer noopener\">GP2<\/a><\/strong><br><strong>\u25b6\ufe0f&nbsp;<a href=\"https:\/\/www.twitch.tv\/grandepremio\" target=\"_blank\" rel=\"noreferrer noopener\">Conhe\u00e7a o canal do GRANDE PR\u00caMIO na Twitch clicando aqui!<\/a><\/strong><\/p>\n\n\n\n<figure class=\"wp-block-image size-large\"><img decoding=\"async\" src=\"https:\/\/www.grandepremio.com\/br\/wp-content\/uploads\/2022\/07\/redbull-maxverstappen-01-8-1024x683.jpg\" alt=\"\" class=\"wp-image-597184\"\/><figcaption>Max Verstappen: nada satisfeito com primeiro dia da Red Bull em Le Castellet (Foto: Red Bull Content Pool)<\/figcaption><\/figure>\n\n\n\n<p class=\"wp-block-paragraph\">&#8220;Acho que o TL2 foi um pouco mais dif\u00edcil para n\u00f3s. N\u00e3o conseguimos alcan\u00e7ar o equil\u00edbrio que est\u00e1vamos esperando, mas tamb\u00e9m estamos testando coisas com o carro. Vamos dar uma olhada em tudo para amanh\u00e3, para tentarmos ficar mais pr\u00f3ximos do que hoje&#8221;, disse Verstappen.<\/p>\n\n\n\n<p class=\"wp-block-paragraph\">O holand\u00eas, igualmente, n\u00e3o ignorou as altas temperaturas que atingem a Fran\u00e7a e a Europa, como um todo. Segundo o piloto da Red Bull, por conta de tal fator externo, \u00e9 necess\u00e1rio se atentar ao desgaste dos pneus em Paul Ricard.<\/p>\n\n\n\n<figure class=\"wp-block-embed is-type-rich is-provider-spotify wp-block-embed-spotify wp-embed-aspect-21-9 wp-has-aspect-ratio\"><div class=\"wp-block-embed__wrapper\">\n<iframe title=\"Spotify Embed: Paddockast #157: O balan\u00e7o do desempenho de cada piloto na metade da F1 2022\" style=\"border-radius: 12px\" width=\"100%\" height=\"152\" frameborder=\"0\" allowfullscreen allow=\"autoplay; clipboard-write; encrypted-media; fullscreen; picture-in-picture\" loading=\"lazy\" src=\"https:\/\/open.spotify.com\/embed\/episode\/6JiUt1gJVvF4sGEnu0931r?utm_source=oembed\"><\/iframe>\n<\/div><\/figure>\n\n\n\n<p class=\"wp-block-paragraph\">&#8220;A sequ\u00eancia longa foi um pouco melhor, mas novamente, os pneus ficaram muito quentes e \u00e9 dif\u00edcil julgar onde estamos. Mas, sabemos que h\u00e1 trabalho a fazer&#8221;, afirmou o l\u00edder do Mundial de Pilotos. &#8220;Em geral, esta pista \u00e9 r\u00edgida nos pneus, n\u00e3o d\u00e1 para comparar com a \u00c1ustria. Precisamos de mais voltas para realmente termos uma boa an\u00e1lise de nossas sequ\u00eancias longas&#8221;, completou.<\/p>\n\n\n\n<p class=\"wp-block-paragraph\">O&nbsp;<strong>GRANDE PR\u00caMIO<\/strong>&nbsp;acompanha&nbsp;<a href=\"https:\/\/www.grandepremio.com\/br\/f1\/ao-vivo\"><strong>AO VIVO<\/strong>&nbsp;e&nbsp;<strong>EM&nbsp;<\/strong><\/a><strong><a href=\"https:\/\/www.grandepremio.com\/br\/ao-vivo\/\" target=\"_blank\" rel=\"noreferrer noopener\">TEMPO REAL<\/a><\/strong>&nbsp;todas as atividades do fim de semana do GP da Fran\u00e7a de&nbsp;F\u00f3rmula 1. No s\u00e1bado, o TL3 est\u00e1 marcado para as 8h (de Bras\u00edlia, GMT-3) \u2013 depois, a classifica\u00e7\u00e3o inicia \u00e0s 11h.<\/p>\n\n\n\n<figure class=\"wp-block-embed is-type-video is-provider-youtube wp-block-embed-youtube wp-embed-aspect-16-9 wp-has-aspect-ratio\"><div class=\"wp-block-embed__wrapper\">\n<iframe loading=\"lazy\" title=\"O QUE ESPERAR DA ALPINE NO GP DA FRAN\u00c7A DE F1?\" width=\"500\" height=\"281\" src=\"https:\/\/www.youtube.com\/embed\/gUEWXbwAMBY?feature=oembed\" frameborder=\"0\" allow=\"accelerometer; autoplay; clipboard-write; encrypted-media; gyroscope; picture-in-picture; web-share\" referrerpolicy=\"strict-origin-when-cross-origin\" allowfullscreen><\/iframe>\n<\/div><figcaption>O QUE ESPERAR DA ALPINE NO GP DA FRAN\u00c7A DE F1?<\/figcaption><\/figure>\n","protected":false},"excerpt":{"rendered":"<p>Atual campe\u00e3o mundial foi 2\u00ba e 3\u00ba no TL1 e TL2 em Paul Ricard, respectivamente, e apontou dificuldades da equipe dos energ\u00e9ticos at\u00e9 aqui na 12\u00aa etapa da F1 2022<\/p>\n","protected":false},"author":0,"featured_media":1000597186,"comment_status":"closed","ping_status":"closed","sticky":false,"template":"","format":"standard","meta":{"42wp_featured_image_caption":"","42wp_featured_image_credits":"","42wp_featured_video":"","42wp_featured_image_hidden":false,"42wp_authors_list":[],"footnotes":""},"categories":[2],"tags":[147,1357,24837,31064,25050,31866,24836,28285,4694,203,536,204,9685],"42wp_author":[47143],"class_list":["post-110434","post","type-post","status-publish","format-standard","has-post-thumbnail","hentry","category-f1","tag-f1","tag-f1-2022","tag-formula-1-2","tag-formula-1-2022-3","tag-gp-da-franca","tag-gp-da-franca-2022","tag-grande-premio-2","tag-grandepremio","tag-le-castellet","tag-max-verstappen","tag-paul-ricard","tag-red-bull","tag-verstappen","42wp_author-felipe-leite"],"_links":{"self":[{"href":"https:\/\/grandepremio.com\/br\/wp-json\/wp\/v2\/posts\/110434","targetHints":{"allow":["GET"]}}],"collection":[{"href":"https:\/\/grandepremio.com\/br\/wp-json\/wp\/v2\/posts"}],"about":[{"href":"https:\/\/grandepremio.com\/br\/wp-json\/wp\/v2\/types\/post"}],"replies":[{"embeddable":true,"href":"https:\/\/grandepremio.com\/br\/wp-json\/wp\/v2\/comments?post=110434"}],"version-history":[{"count":0,"href":"https:\/\/grandepremio.com\/br\/wp-json\/wp\/v2\/posts\/110434\/revisions"}],"wp:featuredmedia":[{"embeddable":true,"href":"https:\/\/grandepremio.com\/br\/wp-json\/wp\/v2\/media\/1000597186"}],"wp:attachment":[{"href":"https:\/\/grandepremio.com\/br\/wp-json\/wp\/v2\/media?parent=110434"}],"wp:term":[{"taxonomy":"category","embeddable":true,"href":"https:\/\/grandepremio.com\/br\/wp-json\/wp\/v2\/categories?post=110434"},{"taxonomy":"post_tag","embeddable":true,"href":"https:\/\/grandepremio.com\/br\/wp-json\/wp\/v2\/tags?post=110434"},{"taxonomy":"42wp_author","embeddable":true,"href":"https:\/\/grandepremio.com\/br\/wp-json\/wp\/v2\/42wp_author?post=110434"}],"curies":[{"name":"wp","href":"https:\/\/api.w.org\/{rel}","templated":true}]}}