{"id":110442,"date":"2022-07-22T09:13:03","date_gmt":"2022-07-22T12:13:03","guid":{"rendered":"https:\/\/grandepremio.com\/br\/noticias\/ferrari-testa-novo-assoalho-charles-leclerc-paul-ricard\/"},"modified":"2022-07-22T09:13:54","modified_gmt":"2022-07-22T12:13:54","slug":"ferrari-testa-novo-assoalho-charles-leclerc-paul-ricard","status":"publish","type":"post","link":"https:\/\/grandepremio.com\/br\/f1\/ferrari-testa-novo-assoalho-charles-leclerc-paul-ricard\/","title":{"rendered":"Ferrari busca melhora e testa novo assoalho na F1-75 com Leclerc em Paul Ricard"},"content":{"rendered":"\n<figure class=\"wp-block-embed is-type-video is-provider-youtube wp-block-embed-youtube wp-embed-aspect-16-9 wp-has-aspect-ratio\"><div class=\"wp-block-embed__wrapper\">\n<iframe loading=\"lazy\" title=\"HAMILTON 300 NA F1 2022 + RED BULL ADMITE ERRO | WGP\" width=\"500\" height=\"281\" src=\"https:\/\/www.youtube.com\/embed\/oTLQCtmXZkU?feature=oembed\" frameborder=\"0\" allow=\"accelerometer; autoplay; clipboard-write; encrypted-media; gyroscope; picture-in-picture; web-share\" referrerpolicy=\"strict-origin-when-cross-origin\" allowfullscreen><\/iframe>\n<\/div><figcaption>HAMILTON 300 NA F1 2022 + RED BULL ADMITE ERRO | WGP<\/figcaption><\/figure>\n\n\n\n<p class=\"wp-block-paragraph\">A Ferrari vai testar no GP da Fran\u00e7a deste fim de semana um novo design de assoalho na F1-75. A pe\u00e7a ser\u00e1 avaliada ainda nesta manh\u00e3 de sexta-feira (22) por Charles Leclerc.<\/p>\n\n\n\n<p class=\"wp-block-paragraph\">A novidade foi flagrada ainda na quinta-feira, primeiro dia de atividades em Paul Ricard, quando o carro do monegasco foi visto com o novo design. O b\u00f3lido de Carlos Sainz Jr., por outro lado, segue com o assoalho antigo, uma t\u00e1tica comum das equipes para poder comparar a performance de pe\u00e7as diferentes e fazer a correla\u00e7\u00e3o com os dados obtidos no t\u00fanel de vento.<\/p>\n\n\n\n<figure class=\"wp-block-image size-large\"><img decoding=\"async\" src=\"https:\/\/pbs.twimg.com\/media\/FYRErb0WAAA4JOk?format=jpg&amp;name=900x900\" alt=\"\"\/><figcaption>Ferrari vai testar um novo assoalho em Paul Ricard (Foto: Christian Menath\/Twitter)<\/figcaption><\/figure>\n\n\n\n<p class=\"wp-block-paragraph\"><strong>\u25b6\ufe0f&nbsp;Inscreva-se nos dois canais do GRANDE PR\u00caMIO no YouTube:&nbsp;<a href=\"https:\/\/www.youtube.com\/channel\/UC9OlHEgxoaY6QY6nWPoiqQg?sub_confirmation=1\" target=\"_blank\" rel=\"noreferrer noopener\">GP<\/a>&nbsp;|&nbsp;<a href=\"https:\/\/www.youtube.com\/channel\/UC9csiS6q_C3C0FYhyr1rnFA?sub_confirmation=1\" target=\"_blank\" rel=\"noreferrer noopener\">GP2<\/a><\/strong><br><strong>\u25b6\ufe0f&nbsp;<a href=\"https:\/\/www.twitch.tv\/grandepremio\" target=\"_blank\" rel=\"noreferrer noopener\">Conhe\u00e7a o canal do GRANDE PR\u00caMIO na Twitch clicando aqui!<\/a><\/strong><\/p>\n\n\n\n<p class=\"wp-block-paragraph\">Ainda n\u00e3o se sabe, por\u00e9m, se a Ferrari vai disponibilizar o novo assoalho para os dois pilotos j\u00e1 neste fim de semana em Paul Ricard caso a avalia\u00e7\u00e3o seja positiva.<\/p>\n\n\n\n<p class=\"wp-block-paragraph\">O novo assoalho tem uma separa\u00e7\u00e3o mais not\u00e1vel entre as \u00e1reas interna e externa da entrada do t\u00fanel, com uma transi\u00e7\u00e3o mais abrupta da base do assoalho. A mudan\u00e7a vai afetar o fluxo de ar na parte de cima e de baixo do t\u00fanel.<\/p>\n\n\n\n<p class=\"wp-block-paragraph\">Depois de um in\u00edcio de ano mais forte, a Ferrari perdeu terreno em compara\u00e7\u00e3o com a Red Bull e agora tenta reagir. <a href=\"https:\/\/www.grandepremio.com\/br\/f1\/classificacao\/\" class=\"ek-link\">Max Verstappen, contudo, lidera o Mundial de Pilotos com 208 pontos<\/a>, 38 a mais que Leclerc. Na disputa do Mundial de Construtores, os austr\u00edacos lideram com 359 tentos, 56 a mais que a casa de Maranello.<\/p>\n\n\n\n<p class=\"wp-block-paragraph\">O\u00a0<strong>GRANDE PR\u00caMIO<\/strong>\u00a0acompanha\u00a0<a href=\"https:\/\/www.grandepremio.com\/br\/f1\/ao-vivo\"><strong>AO VIVO<\/strong>\u00a0e\u00a0<strong>EM\u00a0<\/strong><\/a><strong><a href=\"https:\/\/www.grandepremio.com\/br\/ao-vivo\/\" target=\"_blank\" rel=\"noreferrer noopener\">TEMPO REAL<\/a><\/strong>\u00a0todas as atividades do fim de semana do GP da Fran\u00e7a de\u00a0<a href=\"https:\/\/www.grandepremio.com\/formula-1\/\" target=\"_blank\" rel=\"noreferrer noopener\"><\/a><a href=\"https:\/\/www.grandepremio.com\/formula-1\/\" target=\"_blank\" rel=\"noreferrer noopener\">F\u00f3rmula 1<\/a>.<\/p>\n\n\n\n<figure class=\"wp-block-embed is-type-video is-provider-youtube wp-block-embed-youtube wp-embed-aspect-16-9 wp-has-aspect-ratio\"><div class=\"wp-block-embed__wrapper\">\n<iframe loading=\"lazy\" title=\"CRISE DA DIRE\u00c7\u00c3O DE PROVA SACODE F1 + E O CALEND\u00c1RIO DE 2023? | TT GP #61\" width=\"500\" height=\"281\" src=\"https:\/\/www.youtube.com\/embed\/SpQUWqO4Ljo?start=13&amp;feature=oembed\" frameborder=\"0\" allow=\"accelerometer; autoplay; clipboard-write; encrypted-media; gyroscope; picture-in-picture; web-share\" referrerpolicy=\"strict-origin-when-cross-origin\" allowfullscreen><\/iframe>\n<\/div><figcaption>CRISE DA DIRE\u00c7\u00c3O DE PROVA SACODE F1 + E O CALEND\u00c1RIO DE 2023? | TT GP #61<\/figcaption><\/figure>\n","protected":false},"excerpt":{"rendered":"<p>Tentando ganhar for\u00e7a na briga contra a Red Bull, a escuderia italiana levou para o GP da Fran\u00e7a um novo assoalho. Pe\u00e7a ser\u00e1 testada pelo monegasco, enquanto Carlos Sainz Jr. usa a pe\u00e7a antiga para completar a compara\u00e7\u00e3o<\/p>\n","protected":false},"author":0,"featured_media":1000597171,"comment_status":"closed","ping_status":"closed","sticky":false,"template":"","format":"standard","meta":{"42wp_featured_image_caption":"","42wp_featured_image_credits":"","42wp_featured_video":"","42wp_featured_image_hidden":false,"42wp_authors_list":[],"footnotes":""},"categories":[2],"tags":[1051,29394,147,1357,207,24837,31064,30732,24979,536],"42wp_author":[47113],"class_list":["post-110442","post","type-post","status-publish","format-standard","has-post-thumbnail","hentry","category-f1","tag-assoalho","tag-calendario-formula-1-2022","tag-f1","tag-f1-2022","tag-ferrari","tag-formula-1-2","tag-formula-1-2022-3","tag-formula-1-classificacao-2022","tag-franca","tag-paul-ricard","42wp_author-juliana-tesser"],"_links":{"self":[{"href":"https:\/\/grandepremio.com\/br\/wp-json\/wp\/v2\/posts\/110442","targetHints":{"allow":["GET"]}}],"collection":[{"href":"https:\/\/grandepremio.com\/br\/wp-json\/wp\/v2\/posts"}],"about":[{"href":"https:\/\/grandepremio.com\/br\/wp-json\/wp\/v2\/types\/post"}],"replies":[{"embeddable":true,"href":"https:\/\/grandepremio.com\/br\/wp-json\/wp\/v2\/comments?post=110442"}],"version-history":[{"count":0,"href":"https:\/\/grandepremio.com\/br\/wp-json\/wp\/v2\/posts\/110442\/revisions"}],"wp:featuredmedia":[{"embeddable":true,"href":"https:\/\/grandepremio.com\/br\/wp-json\/wp\/v2\/media\/1000597171"}],"wp:attachment":[{"href":"https:\/\/grandepremio.com\/br\/wp-json\/wp\/v2\/media?parent=110442"}],"wp:term":[{"taxonomy":"category","embeddable":true,"href":"https:\/\/grandepremio.com\/br\/wp-json\/wp\/v2\/categories?post=110442"},{"taxonomy":"post_tag","embeddable":true,"href":"https:\/\/grandepremio.com\/br\/wp-json\/wp\/v2\/tags?post=110442"},{"taxonomy":"42wp_author","embeddable":true,"href":"https:\/\/grandepremio.com\/br\/wp-json\/wp\/v2\/42wp_author?post=110442"}],"curies":[{"name":"wp","href":"https:\/\/api.w.org\/{rel}","templated":true}]}}