{"id":110452,"date":"2022-07-21T14:07:42","date_gmt":"2022-07-21T17:07:42","guid":{"rendered":"https:\/\/grandepremio.com\/br\/noticias\/jean-todt-assiste-corridas-formula-1-junto-michael-schumacher-nao-deixo-sozinho\/"},"modified":"2022-07-21T14:44:55","modified_gmt":"2022-07-21T17:44:55","slug":"jean-todt-assiste-corridas-formula-1-junto-michael-schumacher-nao-deixo-sozinho","status":"publish","type":"post","link":"https:\/\/grandepremio.com\/br\/f1\/jean-todt-assiste-corridas-formula-1-junto-michael-schumacher-nao-deixo-sozinho\/","title":{"rendered":"Todt diz que assiste corridas da F1 junto de Schumacher: &#8220;Eu n\u00e3o o deixo sozinho&#8221;"},"content":{"rendered":"\n<figure class=\"wp-block-embed is-type-video is-provider-youtube wp-block-embed-youtube wp-embed-aspect-16-9 wp-has-aspect-ratio\"><div class=\"wp-block-embed__wrapper\">\n<iframe loading=\"lazy\" title=\"CRISE DA DIRE\u00c7\u00c3O DE PROVA SACODE F1 + E O CALEND\u00c1RIO DE 2023? | TT GP #61\" width=\"500\" height=\"281\" src=\"https:\/\/www.youtube.com\/embed\/SpQUWqO4Ljo?feature=oembed\" frameborder=\"0\" allow=\"accelerometer; autoplay; clipboard-write; encrypted-media; gyroscope; picture-in-picture; web-share\" referrerpolicy=\"strict-origin-when-cross-origin\" allowfullscreen><\/iframe>\n<\/div><figcaption>CRISE DA DIRE\u00c7\u00c3O DE PROVA SACODE F1 + E O CALEND\u00c1RIO DE 2023? | TT GP #61<\/figcaption><\/figure>\n\n\n\n<p class=\"wp-block-paragraph\">Michael Schumacher assiste \u00e0s corridas do Mundial de F\u00f3rmula 1. Quem afirmou foi o amigo Jean Todt, ap\u00f3s evento realizado para homenagear o heptacampe\u00e3o mundial na Alemanha. Todt afirmou que n\u00e3o sente saudades de Schumacher, uma vez que encontra com ele com bastante frequ\u00eancia.<\/p>\n\n\n\n<p class=\"wp-block-paragraph\"><strong>\u25b6\ufe0f\u00a0Inscreva-se nos dois canais do GRANDE PR\u00caMIO no YouTube:\u00a0<a href=\"https:\/\/www.youtube.com\/channel\/UC9OlHEgxoaY6QY6nWPoiqQg?sub_confirmation=1\" target=\"_blank\" rel=\"noreferrer noopener\">GP<\/a>\u00a0|\u00a0<a href=\"https:\/\/www.youtube.com\/channel\/UC9csiS6q_C3C0FYhyr1rnFA?sub_confirmation=1\" target=\"_blank\" rel=\"noreferrer noopener\">GP2<\/a><\/strong><br><strong>\u25b6\ufe0f\u00a0<a href=\"https:\/\/www.twitch.tv\/grandepremio\" target=\"_blank\" rel=\"noreferrer noopener\" class=\"ek-link\">Conhe\u00e7a o canal do GRANDE PR\u00caMIO na Twitch clicando aqui!<\/a><\/strong><\/p>\n\n\n\n<p class=\"wp-block-paragraph\">Todt foi questionado sobre se \u00e9 verdade que assiste corridas com Schumacher e admitiu que sim. Anteriormente, Todt j\u00e1 havia dito que visita o amigo ao menos duas vezes por m\u00eas, ainda que quase nove anos ap\u00f3s o acidente de esqui nos Alpes Franceses.<\/p>\n\n\n\n<p class=\"wp-block-paragraph\">Chefe de Schumacher durante os cinco t\u00edtulos mundiais conquistados com a Ferrari, Todt est\u00e1 com bastante tempo na agenda desde a virada do ano, quando deixou de ser presidente da FIA ap\u00f3s 12 anos.<\/p>\n\n\n\n<p class=\"wp-block-paragraph\">&#8220;N\u00e3o sinto saudades de Michael: eu o vejo. Sim, \u00e9 verdade, eu assisto corridas com Michael. O que eu sinto falta \u00e9 de algumas coisas que costum\u00e1vamos fazer juntos&#8221;, disse \u00e0 rede de TV alem\u00e3 RTL.<\/p>\n\n\n\n<figure class=\"wp-block-image size-large\"><img decoding=\"async\" src=\"https:\/\/www.grandepremio.com\/br\/wp-content\/uploads\/2020\/10\/GPF3-1024x576.jpg\" alt=\"\" class=\"wp-image-424155\"\/><figcaption>Michael Schumacher e Jean Todt no p\u00f3dio em Suzuka 2000 (Foto: Reprodu\u00e7\u00e3o\/YouTube)<\/figcaption><\/figure>\n\n\n\n<p class=\"wp-block-paragraph\"><strong>LEIA MAIS<br>+ <a href=\"https:\/\/www.grandepremio.com\/br\/programacao-tv\/noticias\/as-corridas-do-fim-de-semana-na-tv-e-no-streaming-22-a-24-de-julho\/\" class=\"ek-link\">As corridas do fim de semana na TV e no streaming: 22 a 24 de julho<\/a><\/strong><\/p>\n\n\n\n<p class=\"wp-block-paragraph\">&#8220;Eu n\u00e3o o deixo sozinho. Ele, Corinna e a fam\u00edlia, tivemos todos tantas experi\u00eancias juntos. A beleza do que vivemos \u00e9 parte de n\u00f3s e vive. Algumas vezes, sucesso e dinheiro te muda, mas Michael nunca mudou. Ele \u00e9 muito forte&#8221;, apontou Todt.<\/p>\n\n\n\n<p class=\"wp-block-paragraph\">Na \u00faltima quarta-feira, Todt esteve junto da esposa e da filha de Michael, Corinna Schumacher e Gina-Marie Schumacher, respectivamente, durante homenagem feita ao heptacampe\u00e3o mundial na cidade de Col\u00f4nia, estado alem\u00e3o de Ren\u00e2nia do Norte-Vestf\u00e1lia. Schumacher nasceu e foi criado em H\u00fcrth, regi\u00e3o metropolitana de Col\u00f4nia. A homenagem em quest\u00e3o, o Pr\u00eamio Estadual, \u00e9 a maior honraria civil da regi\u00e3o.<\/p>\n\n\n\n<p class=\"wp-block-paragraph\">No come\u00e7o da semana, o ex-empres\u00e1rio de Michael Schumacher, Willi Weber, voltou a acusar a fam\u00edlia do alem\u00e3o de <strong><a href=\"https:\/\/www.grandepremio.com\/br\/f1\/noticias\/ex-empresario-michael-schumacher-critica-corinna-schumacher-jean-todt-so-ouvi-mentiras\/\" class=\"ek-link\">mentir sobre o estado de sa\u00fade<\/a><\/strong> tanto tempo ap\u00f3s o acidente.<\/p>\n\n\n\n<p class=\"wp-block-paragraph\">O filho de Michael, Mick Schumacher, est\u00e1 na Fran\u00e7a para disputar o fim de semana da F1 em Paul Ricard e disse que n\u00e3o foi \u00e0 homenagem apenas por estar gripado. O jovem vem, ali\u00e1s, no melhor momento na F1, com pontos nas \u00faltimas duas corridas.<\/p>\n\n\n\n<p class=\"wp-block-paragraph\">O <strong>GRANDE PR\u00caMIO<\/strong> acompanha <a href=\"https:\/\/www.grandepremio.com\/br\/f1\/ao-vivo\" class=\"ek-link\"><strong>AO VIVO<\/strong> e <strong>EM TEMPO REAL<\/strong><\/a> todas as atividades do fim de semana do GP da Fran\u00e7a.<\/p>\n\n\n\n<p class=\"wp-block-paragraph\"><strong>Como foi o acidente de Michael Schumacher:<\/strong><\/p>\n\n\n\n<p class=\"wp-block-paragraph\">Em 29 de dezembro de 2013, Michael Schumacher sofreu um acidente de esqui que transformou a vida em um mist\u00e9rio sem fim no horizonte.<\/p>\n\n\n\n<p class=\"wp-block-paragraph\">O pesadelo come\u00e7ou em M\u00e9ribel, cidade montanhosa na Fran\u00e7a. O local \u00e9 conhecido pela pr\u00e1tica de esqui, uma das modalidades favoritas de Schumacher. O momento de descontra\u00e7\u00e3o corria bem at\u00e9 um acidente feio, com a cabe\u00e7a do alem\u00e3o acertando uma pedra. O heptacampe\u00e3o entrou em coma induzido no fim de 2013, sofrendo com les\u00f5es cerebrais que nunca ficaram devidamente claras para o p\u00fablico.<\/p>\n\n\n\n<p class=\"wp-block-paragraph\">Esclarecer ao p\u00fablico, ali\u00e1s, nunca foi o forte da assessoria de Schumacher. Sabine Kehm, bra\u00e7o direito do alem\u00e3o, blindou a fam\u00edlia e limitou ao m\u00e1ximo as informa\u00e7\u00f5es vazadas ao p\u00fablico. Informa\u00e7\u00f5es, s\u00f3 quando eram positivas: em abril, sinais de consci\u00eancia foram percebidos mais claramente; em junho, o fim do per\u00edodo de coma induzido. Esse passo permitiu que Michael deixasse o hospital de Gr\u00e9noble, na Fran\u00e7a, para seguir reabilita\u00e7\u00e3o em Lausanne, na Su\u00ed\u00e7a.<\/p>\n\n\n\n<p class=\"wp-block-paragraph\">2015 chegou com um novo panorama: os rumores se tornaram muito mais frequentes e passaram a ser combatidos pela fam\u00edlia. As informa\u00e7\u00f5es de que Schumacher estava paralisado e n\u00e3o conseguia falar nunca foram confirmadas, com a assessora Kehm sempre destacando um progresso constante, mesmo que lento.<\/p>\n\n\n\n<p class=\"wp-block-paragraph\">As informa\u00e7\u00f5es seguiam rareando, com a prote\u00e7\u00e3o ao redor de Schumacher ficando ainda mais not\u00f3ria t\u00e3o logo a transfer\u00eancia do hospital para a casa na Su\u00ed\u00e7a foi poss\u00edvel. Raras pessoas tinham autoriza\u00e7\u00e3o para visitar Michael, sendo sempre pessoas de confian\u00e7a que nunca vazariam informa\u00e7\u00f5es. Jean Todt, chefe da Ferrari nos anos dourados do come\u00e7o do s\u00e9culo, \u00e9 uma das raras pessoas que veem Michael. O franc\u00eas nunca trouxe informa\u00e7\u00f5es novas, apenas afirmando que os dois acompanham corridas de F\u00f3rmula 1 pela TV ocasionalmente.<\/p>\n\n\n\n<p class=\"wp-block-paragraph\">\u201c\u00c9 algo muito privado. Michael est\u00e1 muito bem amparado, vive com sua fam\u00edlia, na sua casa, entre Genebra e Lausanne. Continua lutando. \u00c9 a \u00fanica coisa que posso dizer hoje\u201d, disse Todt em 2019.<\/p>\n\n\n\n<p class=\"wp-block-paragraph\">Curiosamente, uma das raras novidades sobre Schumacher em 2020 veio de Flavio Briatore. Melhor dizendo, da ex de Briatore. Em um reality show na It\u00e1lia. Questionada por outro participante sobre o estado de sa\u00fade do alem\u00e3o, a modelo Elisabetta Gregoraci afirmou que a comunica\u00e7\u00e3o s\u00f3 \u00e9 poss\u00edvel atrav\u00e9s dos olhos. Isso reafirma a informa\u00e7\u00e3o de que Michael ainda n\u00e3o recuperou a fala.<\/p>\n\n\n\n<p class=\"wp-block-paragraph\">Para lamento dos curiosos, \u00e9 dif\u00edcil acreditar em qualquer informa\u00e7\u00e3o oficial da fam\u00edlia Schumacher no futuro pr\u00f3ximo. A esposa Corinna providenciou at\u00e9 mesmo uma mudan\u00e7a para a ilha espanhola de Mallorca, buscando privacidade completa. Mesmo com todo o esfor\u00e7o, isso ainda \u00e9 dif\u00edcil: em janeiro, uma pessoa afirmou ter fotos do ex-piloto deitado em sua cama, disposto a vender por valores milion\u00e1rios. O material nunca viu a luz do dia.<\/p>\n\n\n\n<p class=\"wp-block-paragraph\">As raras not\u00edcias n\u00e3o significam que Michael Schumacher deixou de ser algu\u00e9m relevante em 2020. Pelo contr\u00e1rio: foi um ano em que seria ainda mais especial t\u00ea-lo nos aut\u00f3dromos. Schumi teria a chance de dar os parab\u00e9ns a Lewis Hamilton, que empatou o recorde de sete t\u00edtulos mundiais. E mais importante ainda: teria a chance de acompanhar a jornada do filho Mick rumo ao t\u00edtulo da F2, carimbando passaporte para a F1 em 2021 como piloto da Haas. Uma enorme pena. Que Michael, mesmo recluso em sua casa, ainda tenha alguma qualidade de vida.<\/p>\n\n\n\n<p class=\"wp-block-paragraph\">E, ent\u00e3o, Mick estreou e viveu o primeiro ano. A m\u00e3e esteve junto em boa parte da temporada, Mick foi superior ao companheiro \u2013 o poss\u00edvel numa equipe que apresentou de longe o pior carro do grid. As grandes not\u00edcias, por\u00e9m, foram mesmo aquelas do document\u00e1rio. Primeiro, o filme em si, uma carta de amor a Michael, e as declara\u00e7\u00f5es da fam\u00edlia. Foram as maiores dos \u00faltimos anos e, provavelmente, as \u00faltimas relevantes em muito tempo.<\/p>\n\n\n\n<figure class=\"wp-block-embed is-type-video is-provider-youtube wp-block-embed-youtube wp-embed-aspect-16-9 wp-has-aspect-ratio\"><div class=\"wp-block-embed__wrapper\">\n<iframe loading=\"lazy\" title=\"F\u00d3RMULA 1 AGE DE MANEIRA PEQUENA AO RECUSAR A CHAMAR AS COISAS PELO QUE S\u00c3O | Cortes do Paddock GP\" width=\"500\" height=\"281\" src=\"https:\/\/www.youtube.com\/embed\/QPJTmXtjYAc?feature=oembed\" frameborder=\"0\" allow=\"accelerometer; autoplay; clipboard-write; encrypted-media; gyroscope; picture-in-picture; web-share\" referrerpolicy=\"strict-origin-when-cross-origin\" allowfullscreen><\/iframe>\n<\/div><figcaption>F\u00d3RMULA 1 AGE DE MANEIRA PEQUENA AO RECUSAR A CHAMAR AS COISAS PELO QUE S\u00c3O | Cortes do Paddock GP<\/figcaption><\/figure>\n","protected":false},"excerpt":{"rendered":"<p>Ex-chefe e amigo pr\u00f3ximo de Michael Schumacher, Jean Todt diz que assiste corridas da F\u00f3rmula 1 junto ao heptacampe\u00e3o<\/p>\n","protected":false},"author":0,"featured_media":0,"comment_status":"closed","ping_status":"closed","sticky":false,"template":"","format":"standard","meta":{"42wp_featured_image_caption":"","42wp_featured_image_credits":"","42wp_featured_video":"","42wp_featured_image_hidden":false,"42wp_authors_list":[],"footnotes":""},"categories":[2],"tags":[816,1357,31064,32015,25050,24836,28285,387,758,1294],"42wp_author":[47120],"class_list":["post-110452","post","type-post","status-publish","format-standard","hentry","category-f1","tag-corinna-schumacher","tag-f1-2022","tag-formula-1-2022-3","tag-franca-f1","tag-gp-da-franca","tag-grande-premio-2","tag-grandepremio","tag-jean-todt","tag-michael-schumacher","tag-mick-schumacher","42wp_author-pedro-henrique-marum"],"_links":{"self":[{"href":"https:\/\/grandepremio.com\/br\/wp-json\/wp\/v2\/posts\/110452","targetHints":{"allow":["GET"]}}],"collection":[{"href":"https:\/\/grandepremio.com\/br\/wp-json\/wp\/v2\/posts"}],"about":[{"href":"https:\/\/grandepremio.com\/br\/wp-json\/wp\/v2\/types\/post"}],"replies":[{"embeddable":true,"href":"https:\/\/grandepremio.com\/br\/wp-json\/wp\/v2\/comments?post=110452"}],"version-history":[{"count":0,"href":"https:\/\/grandepremio.com\/br\/wp-json\/wp\/v2\/posts\/110452\/revisions"}],"wp:attachment":[{"href":"https:\/\/grandepremio.com\/br\/wp-json\/wp\/v2\/media?parent=110452"}],"wp:term":[{"taxonomy":"category","embeddable":true,"href":"https:\/\/grandepremio.com\/br\/wp-json\/wp\/v2\/categories?post=110452"},{"taxonomy":"post_tag","embeddable":true,"href":"https:\/\/grandepremio.com\/br\/wp-json\/wp\/v2\/tags?post=110452"},{"taxonomy":"42wp_author","embeddable":true,"href":"https:\/\/grandepremio.com\/br\/wp-json\/wp\/v2\/42wp_author?post=110452"}],"curies":[{"name":"wp","href":"https:\/\/api.w.org\/{rel}","templated":true}]}}