{"id":110501,"date":"2022-07-19T13:43:42","date_gmt":"2022-07-19T16:43:42","guid":{"rendered":"https:\/\/grandepremio.com\/br\/noticias\/williams-confirma-franca-atualizacoes-tambem-nicholas-latifi\/"},"modified":"2022-07-19T14:11:00","modified_gmt":"2022-07-19T17:11:00","slug":"williams-confirma-franca-atualizacoes-tambem-nicholas-latifi","status":"publish","type":"post","link":"https:\/\/grandepremio.com\/br\/f1\/williams-confirma-franca-atualizacoes-tambem-nicholas-latifi\/","title":{"rendered":"Williams confirma que vai ao GP da Fran\u00e7a com atualiza\u00e7\u00f5es tamb\u00e9m para Latifi"},"content":{"rendered":"\n<figure class=\"wp-block-embed is-type-video is-provider-youtube wp-block-embed-youtube wp-embed-aspect-16-9 wp-has-aspect-ratio\"><div class=\"wp-block-embed__wrapper\">\n<iframe loading=\"lazy\" title=\"O QUE ESPERAR DE VERSTAPPEN E LECLERC NO GP DA FRAN\u00c7A DE F\u00d3RMULA 1? | Paddock GP #296\" width=\"500\" height=\"281\" src=\"https:\/\/www.youtube.com\/embed\/H-Ne6vgrIc8?feature=oembed\" frameborder=\"0\" allow=\"accelerometer; autoplay; clipboard-write; encrypted-media; gyroscope; picture-in-picture; web-share\" referrerpolicy=\"strict-origin-when-cross-origin\" allowfullscreen><\/iframe>\n<\/div><figcaption>O QUE ESPERAR DE VERSTAPPEN E LECLERC NO GP DA FRAN\u00c7A DE F\u00d3RMULA 1? | Paddock GP #296<\/figcaption><\/figure>\n\n\n\n<p class=\"wp-block-paragraph\">Ap\u00f3s duas corridas onde somente Alexander Albon recebeu as atualiza\u00e7\u00f5es da Williams para ver em que caminho a equipe se punha, finalmente as novidades chegaram a Nicholas Latifi. O diretor de desempenho da Williams, Dave Robson, confirmou que o piloto canadense ter\u00e1 as atualiza\u00e7\u00f5es no GP da Fran\u00e7a deste fim de semana.<\/p>\n\n\n\n<p class=\"wp-block-paragraph\"><strong>\u25b6\ufe0f\u00a0Inscreva-se nos dois canais do GRANDE PR\u00caMIO no YouTube:\u00a0<a href=\"https:\/\/www.youtube.com\/channel\/UC9OlHEgxoaY6QY6nWPoiqQg?sub_confirmation=1\" target=\"_blank\" rel=\"noreferrer noopener\">GP<\/a>\u00a0|\u00a0<a href=\"https:\/\/www.youtube.com\/channel\/UC9csiS6q_C3C0FYhyr1rnFA?sub_confirmation=1\" target=\"_blank\" rel=\"noreferrer noopener\">GP2<\/a><\/strong><br><strong>\u25b6\ufe0f\u00a0<a href=\"https:\/\/www.twitch.tv\/grandepremio\" target=\"_blank\" rel=\"noreferrer noopener\" class=\"ek-link\">Conhe\u00e7a o canal do GRANDE PR\u00caMIO na Twitch clicando aqui!<\/a><\/strong><\/p>\n\n\n\n<p class=\"wp-block-paragraph\">Apesar de Albon n\u00e3o ter pontuado nos GPs da Inglaterra e da \u00c1ustria, a equipe enxerga que as circunst\u00e2ncias de ambos os fins de semana jogaram contra. O carro, por\u00e9m, est\u00e1 claramente superior a antes.<\/p>\n\n\n\n<p class=\"wp-block-paragraph\">&#8220;Depois de introduzirmos novas partes ao carro de Alex nas \u00faltimas duas corridas, estamos em posi\u00e7\u00e3o de, agora, utilizar essas atualiza\u00e7\u00f5es nos dois carros. Ainda que o clima em Silverstone e o formato da corrida sprint na \u00c1ustria n\u00e3o tenham sido ideal para testes, vimos o bastante para ficarmos encorajados com o feedback e confiantes de que se trata de uma evolu\u00e7\u00e3o&#8221;, afirmou.<\/p>\n\n\n\n<figure class=\"wp-block-image size-large\"><img decoding=\"async\" src=\"https:\/\/www.grandepremio.com\/br\/wp-content\/uploads\/2022\/07\/williams-nicholaslatifi-03-1024x684.jpg\" alt=\"\" class=\"wp-image-592721\"\/><figcaption>Latifi quer um gostinho do novo carro (Foto: Williams)<\/figcaption><\/figure>\n\n\n\n<p class=\"wp-block-paragraph\">&#8220;Com o clima provavelmente de calor, seco e condi\u00e7\u00f5es est\u00e1veis, vamos avaliar a sexta-feira para ajudar Nick a entender as atualiza\u00e7\u00f5es e, assim, continuarmos a entender como podemos melhor explorar o desempenho deste novo pacote&#8221;, seguiu.<\/p>\n\n\n\n<p class=\"wp-block-paragraph\">Como n\u00e3o poderia deixar de ser ap\u00f3s <strong><a href=\"https:\/\/www.grandepremio.com\/br\/f1\/noticias\/nicholas-latifi-falta-de-ritmo-williams-inglaterra-carro-mais-lento-grid\/\" class=\"ek-link\">dizer que seu carro era o pior do grid na \u00c1ustria<\/a><\/strong>, Latifi se animou com a possibilidade.<\/p>\n\n\n\n<p class=\"wp-block-paragraph\">&#8220;Estou muito motivado a voltar para a Fran\u00e7a, proque \u00e9 a primeira corrida com o novo pacote. Vimos os sinais no carro de Alex at\u00e9 agora, ent\u00e3o estou ansioso de enfim fazer esse gostinho. Espero que traga mais em termos de desempenho, porque sentimos falta disso, e que nos coloque mais perto da briga&#8221;, opinou.<\/p>\n\n\n\n<p class=\"wp-block-paragraph\">&#8220;A Fran\u00e7a tem uma pista \u00fanica: muitas \u00e1reas de escape, ent\u00e3o os limites da pista ser\u00e3o um problema, como foram na \u00c1ustria. Mais que tudo, estou ansioso para continuar o desenvolvimento do carro e ter uma oportunidade de colher boas informa\u00e7\u00f5es para a equipe seguir daqui em diante&#8221;, finalizou.<\/p>\n\n\n\n<p class=\"wp-block-paragraph\">O <strong>GRANDE PR\u00caMIO<\/strong> acompanha <a href=\"https:\/\/www.grandepremio.com\/br\/f1\/ao-vivo\" class=\"ek-link\"><strong>AO VIVO<\/strong> e <strong>EM TEMPO REAL<\/strong><\/a> todas as atividades do fim de semana do GP da Fran\u00e7a.<\/p>\n\n\n\n<figure class=\"wp-block-embed is-type-video is-provider-youtube wp-block-embed-youtube wp-embed-aspect-16-9 wp-has-aspect-ratio\"><div class=\"wp-block-embed__wrapper\">\n<iframe loading=\"lazy\" title=\"GASLY VAI VER BONDE PASSAR COM MAIS UM ANO NA ALPHATAURI EM QUEDA?\" width=\"500\" height=\"281\" src=\"https:\/\/www.youtube.com\/embed\/GeU8XEukYPw?feature=oembed\" frameborder=\"0\" allow=\"accelerometer; autoplay; clipboard-write; encrypted-media; gyroscope; picture-in-picture; web-share\" referrerpolicy=\"strict-origin-when-cross-origin\" allowfullscreen><\/iframe>\n<\/div><figcaption>GASLY VAI VER BONDE PASSAR COM MAIS UM ANO NA ALPHATAURI EM QUEDA?<\/figcaption><\/figure>\n","protected":false},"excerpt":{"rendered":"<p>Nicholas Latifi ter\u00e1 as mesmas atualiza\u00e7\u00f5es do carro de Alexander Albon no GP da Fran\u00e7a. O diretor de desempenho da Williams, Dave Robson, foi quem confirmou<\/p>\n","protected":false},"author":0,"featured_media":1000592719,"comment_status":"closed","ping_status":"closed","sticky":false,"template":"","format":"standard","meta":{"42wp_featured_image_caption":"","42wp_featured_image_credits":"","42wp_featured_video":"","42wp_featured_image_hidden":false,"42wp_authors_list":[],"footnotes":""},"categories":[2],"tags":[654,1357,31064,32015,25050,24836,28285,801],"42wp_author":[47120],"class_list":["post-110501","post","type-post","status-publish","format-standard","has-post-thumbnail","hentry","category-f1","tag-alexander-albon","tag-f1-2022","tag-formula-1-2022-3","tag-franca-f1","tag-gp-da-franca","tag-grande-premio-2","tag-grandepremio","tag-nicholas-latifi","42wp_author-pedro-henrique-marum"],"_links":{"self":[{"href":"https:\/\/grandepremio.com\/br\/wp-json\/wp\/v2\/posts\/110501","targetHints":{"allow":["GET"]}}],"collection":[{"href":"https:\/\/grandepremio.com\/br\/wp-json\/wp\/v2\/posts"}],"about":[{"href":"https:\/\/grandepremio.com\/br\/wp-json\/wp\/v2\/types\/post"}],"replies":[{"embeddable":true,"href":"https:\/\/grandepremio.com\/br\/wp-json\/wp\/v2\/comments?post=110501"}],"version-history":[{"count":0,"href":"https:\/\/grandepremio.com\/br\/wp-json\/wp\/v2\/posts\/110501\/revisions"}],"wp:featuredmedia":[{"embeddable":true,"href":"https:\/\/grandepremio.com\/br\/wp-json\/wp\/v2\/media\/1000592719"}],"wp:attachment":[{"href":"https:\/\/grandepremio.com\/br\/wp-json\/wp\/v2\/media?parent=110501"}],"wp:term":[{"taxonomy":"category","embeddable":true,"href":"https:\/\/grandepremio.com\/br\/wp-json\/wp\/v2\/categories?post=110501"},{"taxonomy":"post_tag","embeddable":true,"href":"https:\/\/grandepremio.com\/br\/wp-json\/wp\/v2\/tags?post=110501"},{"taxonomy":"42wp_author","embeddable":true,"href":"https:\/\/grandepremio.com\/br\/wp-json\/wp\/v2\/42wp_author?post=110501"}],"curies":[{"name":"wp","href":"https:\/\/api.w.org\/{rel}","templated":true}]}}