{"id":110506,"date":"2022-07-19T11:07:22","date_gmt":"2022-07-19T14:07:22","guid":{"rendered":"https:\/\/grandepremio.com\/br\/noticias\/fernando-alonso-trabalho-longo-prazo-alpine-foque-2023-quanto-antes\/"},"modified":"2022-07-19T11:18:34","modified_gmt":"2022-07-19T14:18:34","slug":"fernando-alonso-trabalho-longo-prazo-alpine-foque-2023-quanto-antes","status":"publish","type":"post","link":"https:\/\/grandepremio.com\/br\/f1\/fernando-alonso-trabalho-longo-prazo-alpine-foque-2023-quanto-antes\/","title":{"rendered":"Alonso v\u00ea trabalho &#8220;a longo prazo&#8221; e pede que Alpine foque em 2023 &#8220;o quanto antes&#8221;"},"content":{"rendered":"\n<figure class=\"wp-block-embed is-type-video is-provider-youtube wp-block-embed-youtube wp-embed-aspect-16-9 wp-has-aspect-ratio\"><div class=\"wp-block-embed__wrapper\">\n<iframe loading=\"lazy\" title=\"O QUE ESPERAR DE VERSTAPPEN E LECLERC NO GP DA FRAN\u00c7A DE F\u00d3RMULA 1? | Paddock GP #296\" width=\"500\" height=\"281\" src=\"https:\/\/www.youtube.com\/embed\/H-Ne6vgrIc8?feature=oembed\" frameborder=\"0\" allow=\"accelerometer; autoplay; clipboard-write; encrypted-media; gyroscope; picture-in-picture; web-share\" referrerpolicy=\"strict-origin-when-cross-origin\" allowfullscreen><\/iframe>\n<\/div><\/figure>\n\n\n\n<p class=\"wp-block-paragraph\">O novo regulamento da temporada 2022 da F\u00f3rmula 1 colocou todas as equipes do grid diante do mesmo desafio: ter de preparar carros praticamente do zero. Isso trouxe algumas mudan\u00e7as na ordem de for\u00e7as, e a mais sentida foi a queda da Mercedes, isolando-se como a terceira do pelot\u00e3o. Em contrapartida, a Alpine cresce a cada etapa e disputa ponto a ponto com a McLaren o quarto lugar entre os construtores, mas Fernando Alonso acredita que o time franc\u00eas pode ganhar ainda mais se come\u00e7ar a voltar o foco para 2023.<\/p>\n\n\n\n<p class=\"wp-block-paragraph\">A \u00f3tica do bicampe\u00e3o \u00e9 sobre investimento x resultado que se quer obter. Para Alonso, ver a Mercedes voltando a ser competitiva a ponto de ter ritmo semelhante ao de Ferrari e Red Bull \u00e9 at\u00e9 natural. Contudo, ele acredita que o trabalho na base em Enstone j\u00e1 \u00e9 de m\u00e9dio a longo prazo, portanto precisa focar logo em 2023 caso almeje voltar a vencer na F1.<\/p>\n\n\n\n<p class=\"wp-block-paragraph\"><strong>\u25b6\ufe0f\u00a0Inscreva-se nos dois canais do GRANDE PR\u00caMIO no YouTube:\u00a0<a href=\"https:\/\/www.youtube.com\/channel\/UC9OlHEgxoaY6QY6nWPoiqQg?sub_confirmation=1\" target=\"_blank\" rel=\"noreferrer noopener\">GP<\/a>\u00a0|\u00a0<a href=\"https:\/\/www.youtube.com\/channel\/UC9csiS6q_C3C0FYhyr1rnFA?sub_confirmation=1\" target=\"_blank\" rel=\"noreferrer noopener\">GP2<\/a><\/strong><\/p>\n\n\n\n<figure class=\"wp-block-image size-large\"><img decoding=\"async\" src=\"https:\/\/www.grandepremio.com\/br\/wp-content\/uploads\/2022\/07\/alpine-fernandoalonso-02-5-1024x683.jpg\" alt=\"\" class=\"wp-image-594373\"\/><figcaption>No momento, a Alpine briga com a McLaren pelo posto de quarta for\u00e7a do grid (Foto: Alpine)<\/figcaption><\/figure>\n\n\n\n<p class=\"wp-block-paragraph\">&#8220;Eu n\u00e3o acho que ser\u00e1 t\u00e3o f\u00e1cil para n\u00f3s. Eles [Mercedes] t\u00eam uma organiza\u00e7\u00e3o enorme, sab\u00edamos que voltariam mais cedo ou mais tarde&#8221;, avaliou Alonso. &#8220;Para n\u00f3s, buscar essa melhora \u00e9 um programa mais de m\u00e9dio a longo prazo. Ent\u00e3o eu acredito que seja uma quest\u00e3o de come\u00e7ar a trabalhar no carro do pr\u00f3ximo ano o quanto antes para n\u00e3o comprometer o projeto.&#8221;<\/p>\n\n\n\n<p class=\"wp-block-paragraph\">&#8220;As equipes grandes podem trabalhar no carro do ano que vem e, paralelamente, continuar desenvolvendo o desse ano. Para as demais, isso \u00e9 um desafio&#8221;, acrescentou o veterano, que deu ainda detalhes sobre quais pontos precisam de melhorias imediatas na A522. &#8220;As curvas de baixa n\u00e3o s\u00e3o nosso ponto forte no momento.&#8221;<\/p>\n\n\n\n<p class=\"wp-block-paragraph\">&#8220;Vimos em Baku, que tem muitas curvas de baixa, carros muito fortes. A AlphaTauri terminou em quinto [com Pierre Gasly], e a Aston Martin tamb\u00e9m foi muito forte. Portanto, essas equipes podem reviver novamente em alguns tipos de pista&#8221;, analisou Alonso. &#8220;[Precisamos] de um pouco de tudo. N\u00e3o acho que temos um ponto fraco para resolver, mas h\u00e1 \u00e1reas para otimizar em todos os lugares&#8221;, completou.<\/p>\n\n\n\n<p class=\"wp-block-paragraph\"><strong>LEIA MAIS<br>AlphaTauri <a href=\"https:\/\/www.grandepremio.com\/br\/f1\/noticias\/alphatauri-tira-nota-0-gabarita-plano-autossabotagem-formula-1-2022\/\" class=\"ek-link\">tira nota 0 e s\u00f3 gabarita plano de autossabotagem<\/a> na F1 2022<\/strong><\/p>\n","protected":false},"excerpt":{"rendered":"<p>Fernando Alonso acredita que o trabalho da Alpine \u00e9 de m\u00e9dio a longo prazo, portanto, se a equipe tem inten\u00e7\u00f5es de voltar a vencer na F1, precisa focar logo no desenvolvimento do carro para 2023<\/p>\n","protected":false},"author":0,"featured_media":1000594774,"comment_status":"closed","ping_status":"closed","sticky":false,"template":"","format":"standard","meta":{"42wp_featured_image_caption":"","42wp_featured_image_credits":"","42wp_featured_video":"","42wp_featured_image_hidden":false,"42wp_authors_list":[],"footnotes":""},"categories":[2],"tags":[20491,1357,6533,176,24837,82,31323,30986],"42wp_author":[47147],"class_list":["post-110506","post","type-post","status-publish","format-standard","has-post-thumbnail","hentry","category-f1","tag-alpine","tag-f1-2022","tag-f1-2023","tag-fernando-alonso","tag-formula-1-2","tag-mercedes","tag-regulamento-2022-f1","tag-temporada-2022-f1","42wp_author-luana-marino"],"_links":{"self":[{"href":"https:\/\/grandepremio.com\/br\/wp-json\/wp\/v2\/posts\/110506","targetHints":{"allow":["GET"]}}],"collection":[{"href":"https:\/\/grandepremio.com\/br\/wp-json\/wp\/v2\/posts"}],"about":[{"href":"https:\/\/grandepremio.com\/br\/wp-json\/wp\/v2\/types\/post"}],"replies":[{"embeddable":true,"href":"https:\/\/grandepremio.com\/br\/wp-json\/wp\/v2\/comments?post=110506"}],"version-history":[{"count":0,"href":"https:\/\/grandepremio.com\/br\/wp-json\/wp\/v2\/posts\/110506\/revisions"}],"wp:featuredmedia":[{"embeddable":true,"href":"https:\/\/grandepremio.com\/br\/wp-json\/wp\/v2\/media\/1000594774"}],"wp:attachment":[{"href":"https:\/\/grandepremio.com\/br\/wp-json\/wp\/v2\/media?parent=110506"}],"wp:term":[{"taxonomy":"category","embeddable":true,"href":"https:\/\/grandepremio.com\/br\/wp-json\/wp\/v2\/categories?post=110506"},{"taxonomy":"post_tag","embeddable":true,"href":"https:\/\/grandepremio.com\/br\/wp-json\/wp\/v2\/tags?post=110506"},{"taxonomy":"42wp_author","embeddable":true,"href":"https:\/\/grandepremio.com\/br\/wp-json\/wp\/v2\/42wp_author?post=110506"}],"curies":[{"name":"wp","href":"https:\/\/api.w.org\/{rel}","templated":true}]}}