{"id":110515,"date":"2022-07-19T04:30:00","date_gmt":"2022-07-19T07:30:00","guid":{"rendered":"https:\/\/grandepremio.com\/br\/noticias\/lando-norris-pistas-daniel-ricciardo-mclaren-diz-carro-dificil-guiar\/"},"modified":"2022-07-18T18:26:03","modified_gmt":"2022-07-18T21:26:03","slug":"lando-norris-pistas-daniel-ricciardo-mclaren-diz-carro-dificil-guiar","status":"publish","type":"post","link":"https:\/\/grandepremio.com\/br\/f1\/lando-norris-pistas-daniel-ricciardo-mclaren-diz-carro-dificil-guiar\/","title":{"rendered":"Norris d\u00e1 pistas do que acontece com Ricciardo na McLaren e diz que &#8220;carro \u00e9 dif\u00edcil de guiar&#8221;"},"content":{"rendered":"\n<figure class=\"wp-block-embed is-type-video is-provider-youtube wp-block-embed-youtube wp-embed-aspect-16-9 wp-has-aspect-ratio\"><div class=\"wp-block-embed__wrapper\">\n<iframe loading=\"lazy\" title=\"GASLY VAI VER BONDE PASSAR COM MAIS UM ANO NA ALPHATAURI EM QUEDA?\" width=\"500\" height=\"281\" src=\"https:\/\/www.youtube.com\/embed\/GeU8XEukYPw?feature=oembed\" frameborder=\"0\" allow=\"accelerometer; autoplay; clipboard-write; encrypted-media; gyroscope; picture-in-picture; web-share\" referrerpolicy=\"strict-origin-when-cross-origin\" allowfullscreen><\/iframe>\n<\/div><figcaption>GASLY VAI VER BONDE PASSAR COM MAIS UM ANO NA ALPHATAURI EM QUEDA?<\/figcaption><\/figure>\n\n\n\n<p class=\"wp-block-paragraph\">Daniel Ricciardo tem deixado a desejar na McLaren. Desde sua sa\u00edda da Renault para a McLaren, o australiano n\u00e3o conseguiu andar no mesmo ritmo que seu companheiro de equipe, Lando Norris. Em 2022, o australiano tem apenas 17 pontos contra 64 do brit\u00e2nico. Norris revelou que os dois t\u00eam prefer\u00eancias bem diferentes em rela\u00e7\u00e3o ao certo do carro e que n\u00e3o entende completamente os motivos da diferen\u00e7a.<\/p>\n\n\n\n<p class=\"wp-block-paragraph\">&#8220;Eu provavelmente tive mais dificuldades no in\u00edcio da temporada com meu estilo de pilotagem do que o Daniel nos primeiros testes, e sinto que tive que me adaptar bastante. Alguns dos meus sentimentos n\u00e3o s\u00e3o iguais aos dele. E a forma como guiamos o carro tamb\u00e9m \u00e9 diferente. Eu n\u00e3o me importo tanto com um carro inst\u00e1vel em que eu possa for\u00e7ar os pneus dianteiros, e ele prefere um carro mais est\u00e1vel e que saia mais de frente&#8221;, afirmou Lando ao site oficial da F\u00f3rmula 1.<\/p>\n\n\n\n<p class=\"wp-block-paragraph\">&#8220;Eu entendo algumas partes, mas foco apenas em mim e \u00e9 isso. Por mais que eu esteja disposto a ajudar e responder perguntas e dar conselhos, eu n\u00e3o estou aqui s\u00f3 para isso. Ainda tenho que focar nas minhas corridas e tentar terminar em sexto e conquistar bons pontos. H\u00e1 um balan\u00e7o, algumas coisas eu entendo, outras n\u00e3o&#8221;, contou Norris.<\/p>\n\n\n\n<p class=\"wp-block-paragraph\"><strong>\u25b6\ufe0f\u00a0Inscreva-se nos dois canais do GRANDE PR\u00caMIO no YouTube:\u00a0<a href=\"https:\/\/www.youtube.com\/channel\/UC9OlHEgxoaY6QY6nWPoiqQg?sub_confirmation=1\" target=\"_blank\" rel=\"noreferrer noopener\">GP<\/a>\u00a0|\u00a0<a href=\"https:\/\/www.youtube.com\/channel\/UC9csiS6q_C3C0FYhyr1rnFA?sub_confirmation=1\" target=\"_blank\" rel=\"noreferrer noopener\">GP2<\/a><\/strong><\/p>\n\n\n\n<figure class=\"wp-block-image size-large\"><img decoding=\"async\" src=\"https:\/\/www.grandepremio.com\/br\/wp-content\/uploads\/2022\/07\/2022BritishGrandPrixSundayGP2210_161144177A9129-1024x683.jpg\" alt=\"\" class=\"wp-image-593325\"\/><figcaption>Lando Norris admitiu que carro da McLaren \u00e9 dif\u00edcil de guiar (Foto: McLaren)<\/figcaption><\/figure>\n\n\n\n<p class=\"wp-block-paragraph\">A disparidade de performance j\u00e1 vem desde o ano passado, quando Norris terminou a temporada 45 pontos a frente de Daniel. Mas o brit\u00e2nico admitiu que o carro deste ano est\u00e1 muito diferente e requer uma grande capacidade de adapta\u00e7\u00e3o e estilos de pilotagem \u00fanicos. A diferen\u00e7a \u00e9 que Lando conseguiu mudar sua forma de guiar, enquanto Ricciardo segue tendo dificuldades.<\/p>\n\n\n\n<p class=\"wp-block-paragraph\">&#8220;Eu sinto que \u00e9 um carro dif\u00edcil de guiar. Acho que as nossas caracter\u00edsticas, que ele j\u00e1 conhece dos \u00faltimos anos, at\u00e9 o Carlos [Sainz] disse, s\u00e3o bem \u00fanicas e espec\u00edficas. Ent\u00e3o voc\u00ea precisa ter alguns estilos de pilotagem que voc\u00ea n\u00e3o cresce aprendendo, ent\u00e3o tem que se adaptar bastante&#8221;, explicou o jovem piloto da McLaren. <\/p>\n\n\n\n<p class=\"wp-block-paragraph\"><strong>\u25b6\ufe0f\u00a0<a href=\"https:\/\/www.twitch.tv\/grandepremio\" target=\"_blank\" rel=\"noreferrer noopener\">Conhe\u00e7a o canal do GRANDE PR\u00caMIO na Twitch clicando aqui!<\/a><\/strong><\/p>\n\n\n\n<figure class=\"wp-block-image size-large\"><img decoding=\"async\" src=\"https:\/\/www.grandepremio.com\/br\/wp-content\/uploads\/2022\/07\/mclaren-danielricciardo-01-6-1024x683.jpg\" alt=\"\" class=\"wp-image-594793\"\/><figcaption>Daniel Ricciardo e Lando Norris na largada do GP da \u00c1ustria (Foto: McLaren)<\/figcaption><\/figure>\n\n\n\n<p class=\"wp-block-paragraph\">&#8220;Especialmente neste ano, o carro \u00e9 muito diferente, e algumas das caracter\u00edsticas do ano passado sumiram e fomos introduzidos a outras caracter\u00edsticas, ent\u00e3o tive que mudar meu estilo. Ao mesmo tempo, tamb\u00e9m tive que me adaptar. N\u00e3o \u00e9 porque estou na McLaren h\u00e1 quatro anos que conhe\u00e7o esse carro de fora para dentro&#8221;, concluiu Norris.<\/p>\n\n\n\n<p class=\"wp-block-paragraph\">Ricciardo viu agora a press\u00e3o aumentar com <a href=\"https:\/\/www.grandepremio.com\/br\/indy\/noticias\/alex-palou-desmente-ganassi-anuncia-acerto-mclaren-mas-sem-categoria-definida\/\" class=\"ek-link\">o an\u00fancio da McLaren da contrata\u00e7\u00e3o de \u00c1lex Palou<\/a>, atual campe\u00e3o da Indy, para a temporada de 2023, <a href=\"https:\/\/www.grandepremio.com\/br\/f1\/noticias\/daniel-ricciardo-descarta-saida-mclaren-contratacao-alex-palou-comprometido\/\" class=\"ek-link\">e inclusive se defendeu nas suas redes sociais<\/a>. A dupla da equipe de Woking volta \u00e0s pistas neste fim de semana para o GP da Fran\u00e7a, no circuito de Paul Ricard, com cobertura completa do <strong>GRANDE PR\u00caMIO<\/strong>.<\/p>\n","protected":false},"excerpt":{"rendered":"<p>Lando Norris admitiu que o carro da McLaren para a temporada de 2022 tem caracter\u00edsticas \u00fanicas e necessita de estilos de pilotagens diferentes e de bastante adapta\u00e7\u00e3o<\/p>\n","protected":false},"author":0,"featured_media":1000558208,"comment_status":"closed","ping_status":"closed","sticky":false,"template":"","format":"standard","meta":{"42wp_featured_image_caption":"","42wp_featured_image_credits":"","42wp_featured_video":"","42wp_featured_image_hidden":false,"42wp_authors_list":[],"footnotes":""},"categories":[2],"tags":[28994,211,147,1357,24837,31064,547,30510,90],"42wp_author":[47144],"class_list":["post-110515","post","type-post","status-publish","format-standard","has-post-thumbnail","hentry","category-f1","tag-classificacao-formula-1","tag-daniel-ricciardo","tag-f1","tag-f1-2022","tag-formula-1-2","tag-formula-1-2022-3","tag-lando-norris","tag-mcl36","tag-mclaren","42wp_author-andre-netto"],"_links":{"self":[{"href":"https:\/\/grandepremio.com\/br\/wp-json\/wp\/v2\/posts\/110515","targetHints":{"allow":["GET"]}}],"collection":[{"href":"https:\/\/grandepremio.com\/br\/wp-json\/wp\/v2\/posts"}],"about":[{"href":"https:\/\/grandepremio.com\/br\/wp-json\/wp\/v2\/types\/post"}],"replies":[{"embeddable":true,"href":"https:\/\/grandepremio.com\/br\/wp-json\/wp\/v2\/comments?post=110515"}],"version-history":[{"count":0,"href":"https:\/\/grandepremio.com\/br\/wp-json\/wp\/v2\/posts\/110515\/revisions"}],"wp:featuredmedia":[{"embeddable":true,"href":"https:\/\/grandepremio.com\/br\/wp-json\/wp\/v2\/media\/1000558208"}],"wp:attachment":[{"href":"https:\/\/grandepremio.com\/br\/wp-json\/wp\/v2\/media?parent=110515"}],"wp:term":[{"taxonomy":"category","embeddable":true,"href":"https:\/\/grandepremio.com\/br\/wp-json\/wp\/v2\/categories?post=110515"},{"taxonomy":"post_tag","embeddable":true,"href":"https:\/\/grandepremio.com\/br\/wp-json\/wp\/v2\/tags?post=110515"},{"taxonomy":"42wp_author","embeddable":true,"href":"https:\/\/grandepremio.com\/br\/wp-json\/wp\/v2\/42wp_author?post=110515"}],"curies":[{"name":"wp","href":"https:\/\/api.w.org\/{rel}","templated":true}]}}