{"id":110520,"date":"2022-07-18T15:50:19","date_gmt":"2022-07-18T18:50:19","guid":{"rendered":"https:\/\/grandepremio.com\/br\/noticias\/colton-herta-visao-prejudicada-proprio-cabelo-toronto-nao-conseguia-ver\/"},"modified":"2022-07-18T15:53:42","modified_gmt":"2022-07-18T18:53:42","slug":"colton-herta-visao-prejudicada-proprio-cabelo-toronto-nao-conseguia-ver","status":"publish","type":"post","link":"https:\/\/grandepremio.com\/br\/indy\/colton-herta-visao-prejudicada-proprio-cabelo-toronto-nao-conseguia-ver\/","title":{"rendered":"Herta revela vis\u00e3o prejudicada por pr\u00f3prio cabelo em Toronto: &#8220;N\u00e3o conseguia ver muito&#8221;"},"content":{"rendered":"\n<figure class=\"wp-block-video\"><video class=\"video-js vjs-big-play-centered\" data-gp-vjs=\"1\" controls src=\"https:\/\/www.grandepremio.com\/br\/wp-content\/uploads\/2022\/07\/He-just-shoved-me-off.-@FRosenqvist-and-@AlexanderRossi-collide-while-battling-for-P4.-WATCH-LIVE-@PeacockTV-INDYCAR-App-powered-by.mp4\"><\/video><figcaption>Rosenqvist jogou Rossi no muro (V\u00eddeo: IndyCar)<\/figcaption><\/figure>\n\n\n\n<p class=\"wp-block-paragraph\">Colton Herta se destaca na Indy tanto por seu talento na pista quanto por seus longos cabelos. O jovem piloto da Andretti voltou ao p\u00f3dio no \u00faltimo domingo (17) em Toronto, mas o visual caracter\u00edstico acabou virando problema quando seu cabelo escapou da balaclava. Com a vis\u00e3o prejudicada, Herta revelou que teve dificuldades para segurar Felix Rosenqvist na parte final da corrida.<\/p>\n\n\n\n<p class=\"wp-block-paragraph\">&#8220;Eu n\u00e3o conseguia enxergar muita coisa, porque minha balaclava quebrou. Todo meu cabelo caiu na frente do meu rosto. Eu conseguia ver o Felix quando passava na curva 3. Eu meio que conseguia calcular a dist\u00e2ncia. Estava tendo que olhar pelas laterais do meu visor ao inv\u00e9s do meio. Eu acho que foi muito por conta da balaclava. Soa como uma desculpa esfarrapada e eu tento n\u00e3o dar desculpas. Mas sim, eu n\u00e3o conseguia ver muito&#8221;, explicou o americano. <\/p>\n\n\n\n<p class=\"wp-block-paragraph\">Colton largou na pole-position e acabou apenas atr\u00e1s de Scott Dixon, que herdou a lideran\u00e7a ap\u00f3s a primeira parada nos boxes. Este foi o primeiro p\u00f3dio do piloto da Andretti desde a vit\u00f3ria no chuvoso GP de Indian\u00e1polis 1, que espera um pouco mais de const\u00e2ncia para o restante da temporada e 2023. O cabelo atrapalhou no Canad\u00e1, mas Herta acredita que seus rivais conseguiram cuidar mais dos pneus.<\/p>\n\n\n\n<p class=\"wp-block-paragraph\"><strong>\u25b6\ufe0f\u00a0Inscreva-se nos dois canais do GRANDE PR\u00caMIO no YouTube:\u00a0<a href=\"https:\/\/www.youtube.com\/channel\/UC9OlHEgxoaY6QY6nWPoiqQg?sub_confirmation=1\" target=\"_blank\" rel=\"noreferrer noopener\">GP<\/a>\u00a0|\u00a0<a href=\"https:\/\/www.youtube.com\/channel\/UC9csiS6q_C3C0FYhyr1rnFA?sub_confirmation=1\" target=\"_blank\" rel=\"noreferrer noopener\">GP2<\/a><\/strong><br><strong>\u25b6\ufe0f\u00a0<a href=\"https:\/\/www.twitch.tv\/grandepremio\" target=\"_blank\" rel=\"noreferrer noopener\">Conhe\u00e7a o canal do GRANDE PR\u00caMIO na Twitch clicando aqui!<\/a><\/strong><\/p>\n\n\n\n<figure class=\"wp-block-image size-large\"><img decoding=\"async\" src=\"https:\/\/www.grandepremio.com\/br\/wp-content\/uploads\/2022\/07\/Colton-Herta-and-Scott-Dixon-Honda-Indy-Toronto-By_-Chris-Jones_Large-Image-Without-Watermark_m64441-1024x683.jpg\" alt=\"\" class=\"wp-image-596544\"\/><figcaption>Colton Herta cumprimenta Scott Dixon no p\u00f3dio em Toronto (Foto: IndyCar)<\/figcaption><\/figure>\n\n\n\n<p class=\"wp-block-paragraph\"><strong>LEIA MAIS:\u00a0<\/strong><br><strong>+<a href=\"https:\/\/www.grandepremio.com\/br\/indy\/noticias\/scott-dixon-respira-aliviado-vitoria-gp-toronto-acabei-sequencia-ruim\/\">Dixon respira aliviado ap\u00f3s vit\u00f3ria no\u00a0<\/a><a href=\"https:\/\/www.grandepremio.com\/br\/etapa\/indy\/gp-de-toronto-indy-2022\/\" target=\"_blank\" rel=\"noreferrer noopener\"><\/a><a href=\"https:\/\/www.grandepremio.com\/br\/etapa\/indy\/gp-de-toronto-indy-2022\/\" target=\"_blank\" rel=\"noreferrer noopener\">GP de Toronto<\/a>: \u201cAcabei com sequ\u00eancia ruim\u201d<\/strong><br><strong>+<a href=\"https:\/\/www.grandepremio.com\/br\/indy\/noticias\/helio-castroneves-lamenta-17o-toronto-carro-bom-o-suficiente\/\" class=\"ek-link\">Castroneves lamenta 17\u00ba em Toronto com carro que &#8220;estava bom o suficiente&#8221;<\/a><\/strong><br><strong>+<a href=\"https:\/\/www.grandepremio.com\/br\/indy\/noticias\/rosenqvist-duvida-de-participacao-de-palou-na-indy-2023-nao-parece-que-vai-correr\/\" class=\"ek-link\">Rosenqvist duvida de participa\u00e7\u00e3o de Palou na Indy 2023: \u201cN\u00e3o parece que vai correr\u201d<\/a><\/strong><\/p>\n\n\n\n<p class=\"wp-block-paragraph\">&#8220;Ainda assim, mesmo se eu conseguisse ver, Felix parecia ser muito veloz, no mesmo ritmo do Scott [Dixon], enquanto n\u00f3s est\u00e1vamos desgastando mais os pneus. Eu estava come\u00e7ando a ter dificuldades no final enquanto o Felix ainda conseguia sair das curvas e se manter atr\u00e1s de mim. Talvez ele estivesse com menos problemas&#8221;, afirmou Herta.<\/p>\n\n\n\n<p class=\"wp-block-paragraph\">&#8220;A minha balaclava tem que segurar muito cabelo, ent\u00e3o consigo entender o porqu\u00ea de ter falhado. \u00c9 a primeira vez que eu vejo ou escuto falar disso. Vou cortar o cabelo igual o Felix semana que vem!&#8221;, brincou Colton.<\/p>\n\n\n\n<figure class=\"wp-block-image size-large\"><img decoding=\"async\" src=\"https:\/\/www.grandepremio.com\/br\/wp-content\/uploads\/2022\/07\/Colton-Herta-Honda-Indy-Toronto-By_-Chris-Owens_Large-Image-Without-Watermark_m64408-1024x683.jpg\" alt=\"\" class=\"wp-image-596407\"\/><figcaption>Colton Herta voltou ao p\u00f3dio em Toronto (Foto: IndyCar)<\/figcaption><\/figure>\n\n\n\n<p class=\"wp-block-paragraph\">Perguntado sobre poss\u00edveis solu\u00e7\u00f5es, o americano foi direto: &#8220;Tenho que usar uma nova toda corrida&#8221;. Uma outra op\u00e7\u00e3o seria de fato mudar o estilo e cortar o cabelo, mas passar no barbeiro n\u00e3o faz parte dos planos de Colton: &#8220;Isso resolveria, mas n\u00e3o vou fazer&#8221;.<\/p>\n\n\n\n<p class=\"wp-block-paragraph\">Herta <a href=\"https:\/\/www.grandepremio.com\/br\/indy\/noticias\/colton-herta-torce-mais-constancia-podio-indy-toronto\/\" class=\"ek-link\">espera um pouco mais de consist\u00eancia para o restante da temporada<\/a>. O segundo p\u00f3dio no ano o elevou para a oitava posi\u00e7\u00e3o na classifica\u00e7\u00e3o da Indy, com 254 pontos, 97 a menos do que o l\u00edder Marcus Ericsson. A categoria retorna j\u00e1 neste s\u00e1bado (23), para o GP de Iowa 1, com cobertura completa do <strong>GRANDE PR\u00caMIO<\/strong>.<\/p>\n\n\n\n<figure class=\"wp-block-embed is-type-video is-provider-youtube wp-block-embed-youtube wp-embed-aspect-16-9 wp-has-aspect-ratio\"><div class=\"wp-block-embed__wrapper\">\n<iframe loading=\"lazy\" title=\"GANASSI E ANDRETTI FERVEM: PENSKE PARTE PARA T\u00cdTULO DA INDY\" width=\"500\" height=\"281\" src=\"https:\/\/www.youtube.com\/embed\/iLG1nYcw5C8?feature=oembed\" frameborder=\"0\" allow=\"accelerometer; autoplay; clipboard-write; encrypted-media; gyroscope; picture-in-picture; web-share\" referrerpolicy=\"strict-origin-when-cross-origin\" allowfullscreen><\/iframe>\n<\/div><figcaption>GANASSI E ANDRETTI FERVEM: PENSKE PARTE PARA T\u00cdTULO DA INDY<\/figcaption><\/figure>\n","protected":false},"excerpt":{"rendered":"<p>Colton Herta contou que seu cabelo escapou de sua balaclava durante o GP de Toronto, e que vis\u00e3o prejudicada dificultou sua vida para se defender de Felix Rosenqvist nas voltas finais<\/p>\n","protected":false},"author":0,"featured_media":1000596543,"comment_status":"closed","ping_status":"closed","sticky":false,"template":"","format":"standard","meta":{"42wp_featured_image_caption":"","42wp_featured_image_credits":"","42wp_featured_video":"","42wp_featured_image_hidden":false,"42wp_authors_list":[],"footnotes":""},"categories":[3],"tags":[417,1579,619,29062,4451,31999,93,2209,94],"42wp_author":[47144],"class_list":["post-110520","post","type-post","status-publish","format-standard","has-post-thumbnail","hentry","category-indy","tag-andretti","tag-colton-herta","tag-formula-indy","tag-formula-indy-2022","tag-gp-de-toronto","tag-gp-de-toronto-2022","tag-indy","tag-indy-2022","tag-indycar","42wp_author-andre-netto"],"_links":{"self":[{"href":"https:\/\/grandepremio.com\/br\/wp-json\/wp\/v2\/posts\/110520","targetHints":{"allow":["GET"]}}],"collection":[{"href":"https:\/\/grandepremio.com\/br\/wp-json\/wp\/v2\/posts"}],"about":[{"href":"https:\/\/grandepremio.com\/br\/wp-json\/wp\/v2\/types\/post"}],"replies":[{"embeddable":true,"href":"https:\/\/grandepremio.com\/br\/wp-json\/wp\/v2\/comments?post=110520"}],"version-history":[{"count":0,"href":"https:\/\/grandepremio.com\/br\/wp-json\/wp\/v2\/posts\/110520\/revisions"}],"wp:featuredmedia":[{"embeddable":true,"href":"https:\/\/grandepremio.com\/br\/wp-json\/wp\/v2\/media\/1000596543"}],"wp:attachment":[{"href":"https:\/\/grandepremio.com\/br\/wp-json\/wp\/v2\/media?parent=110520"}],"wp:term":[{"taxonomy":"category","embeddable":true,"href":"https:\/\/grandepremio.com\/br\/wp-json\/wp\/v2\/categories?post=110520"},{"taxonomy":"post_tag","embeddable":true,"href":"https:\/\/grandepremio.com\/br\/wp-json\/wp\/v2\/tags?post=110520"},{"taxonomy":"42wp_author","embeddable":true,"href":"https:\/\/grandepremio.com\/br\/wp-json\/wp\/v2\/42wp_author?post=110520"}],"curies":[{"name":"wp","href":"https:\/\/api.w.org\/{rel}","templated":true}]}}