{"id":110530,"date":"2022-07-18T09:30:58","date_gmt":"2022-07-18T12:30:58","guid":{"rendered":"https:\/\/grandepremio.com\/br\/noticias\/ott-tanak-multado-aparecer-sem-bone-podio-coletiva-rali-estonia\/"},"modified":"2022-07-18T09:46:05","modified_gmt":"2022-07-18T12:46:05","slug":"ott-tanak-multado-aparecer-sem-bone-podio-coletiva-rali-estonia","status":"publish","type":"post","link":"https:\/\/grandepremio.com\/br\/rally\/ott-tanak-multado-aparecer-sem-bone-podio-coletiva-rali-estonia\/","title":{"rendered":"T\u00e4nak \u00e9 multado ap\u00f3s aparecer sem bon\u00e9 em p\u00f3dio e coletiva do Rali da Est\u00f4nia"},"content":{"rendered":"\n<figure class=\"wp-block-embed is-type-video is-provider-youtube wp-block-embed-youtube wp-embed-aspect-16-9 wp-has-aspect-ratio\"><div class=\"wp-block-embed__wrapper\">\n<iframe loading=\"lazy\" title=\"F\u00d3RMULA 1 AGE DE MANEIRA PEQUENA AO RECUSAR A CHAMAR AS COISAS PELO QUE S\u00c3O | Cortes do Paddock GP\" width=\"500\" height=\"281\" src=\"https:\/\/www.youtube.com\/embed\/QPJTmXtjYAc?start=244&amp;feature=oembed\" frameborder=\"0\" allow=\"accelerometer; autoplay; clipboard-write; encrypted-media; gyroscope; picture-in-picture; web-share\" referrerpolicy=\"strict-origin-when-cross-origin\" allowfullscreen><\/iframe>\n<\/div><figcaption>F\u00d3RMULA 1 AGE DE MANEIRA PEQUENA AO RECUSAR A CHAMAR AS COISAS PELO QUE S\u00c3O | Cortes do Paddock GP<\/figcaption><\/figure>\n\n\n\n<p class=\"wp-block-paragraph\">Campe\u00e3o mundial de rali em 2019, o estoniano Ott T\u00e4nak levou uma curiosa multa ao encerramento do Rali da Est\u00f4nia, disputado no \u00faltimo fim de semana. O piloto da Hyundai foi multado em \u20ac 4000 (cerca de R$ 21,4 mil) por n\u00e3o utilizar um bon\u00e9 durante a cerim\u00f4nia de p\u00f3dio e a coletiva de imprensa.<\/p>\n\n\n\n<p class=\"wp-block-paragraph\">T\u00e4nak, que completou o rali de seu pa\u00eds natal na terceira posi\u00e7\u00e3o, atr\u00e1s de Kalle Rovanper\u00e4 e Elfyn Evans, tentou se defender frente aos comiss\u00e1rios, mas fotos e v\u00eddeos acabaram contradizendo o piloto, que j\u00e1 tinha sofrido uma advert\u00eancia pela mesma infra\u00e7\u00e3o durante uma etapa na Espanha, em 2021.<\/p>\n\n\n\n<p class=\"wp-block-paragraph\">&#8220;Uma audi\u00eancia foi realizada no domingo, 17 de julho de 2022, \u00e0s 18h00 (hor\u00e1rio local), com presen\u00e7a de Ott T\u00e4nak e o chefe de equipe Pablo Marcos. O piloto afirmou que, durante o p\u00f3dio ap\u00f3s o powerstage, tirou o bon\u00e9 apenas ap\u00f3s o spray de champanhe, pois estava totalmente molhado e a temperatura ambiente era baixa&#8221;, citaram os comiss\u00e1rios em relat\u00f3rio.<\/p>\n\n\n\n<p class=\"wp-block-paragraph\"><strong>\u25b6\ufe0f\u00a0Inscreva-se nos dois canais do GRANDE PR\u00caMIO no YouTube:\u00a0<a href=\"https:\/\/www.youtube.com\/channel\/UC9OlHEgxoaY6QY6nWPoiqQg?sub_confirmation=1\" target=\"_blank\" rel=\"noreferrer noopener\">GP<\/a>\u00a0|\u00a0<a href=\"https:\/\/www.youtube.com\/channel\/UC9csiS6q_C3C0FYhyr1rnFA?sub_confirmation=1\" target=\"_blank\" rel=\"noreferrer noopener\">GP2<\/a><\/strong><br><strong>\u25b6\ufe0f\u00a0<a href=\"https:\/\/www.twitch.tv\/grandepremio\" target=\"_blank\" rel=\"noreferrer noopener\">Conhe\u00e7a o canal do GRANDE PR\u00caMIO na Twitch clicando aqui!<\/a><\/strong><\/p>\n\n\n\n<figure class=\"wp-block-image size-large\"><img decoding=\"async\" src=\"https:\/\/www.grandepremio.com\/br\/wp-content\/uploads\/2022\/07\/140722_-World-OttTanak-Estonia-2022_001_7023b_frz_1400x788-1024x576.jpg\" alt=\"\" class=\"wp-image-595791\"\/><figcaption>Ott T\u00e4nak \u00e9 recebido por f\u00e3s antes do in\u00edcio do Rali da Est\u00f4nia (Foto: WRC)<\/figcaption><\/figure>\n\n\n\n<p class=\"wp-block-paragraph\"><strong><a href=\"https:\/\/www.grandepremio.com\/br\/rally\/noticias\/kalle-rovanpera-confirma-favoritismo-vence-rali-estonia-abre-vantagem-wrc\/\" class=\"ek-link\">LEIA MAIS: <\/a><\/strong>Rovanper\u00e4 confirma favoritismo, vence Rali da Est\u00f4nia e abre vantagem no WRC<\/p>\n\n\n\n<p class=\"wp-block-paragraph\">Segundo os comiss\u00e1rios, a multa foi por entender que o incidente teve &#8220;impacto negativo&#8221; nos direitos comerciais do Mundial de Rali.<\/p>\n\n\n\n<p class=\"wp-block-paragraph\">&#8220;Al\u00e9m disso, no p\u00f3dio final em Tartu, estava utilizando o bon\u00e9 e o removeu durante os hinos nacionais, mas n\u00e3o o colocou de volta pelos mesmos motivos. Ap\u00f3s novas investiga\u00e7\u00f5es, os comiss\u00e1rios realizaram uma segunda audi\u00eancia no domingo, e mostraram o v\u00eddeo do p\u00f3dio dispon\u00edvel no WRC+ e outras fotos tiradas no p\u00f3dio final em Tartu. A evid\u00eancia mostrou claramente que o Sr. T\u00e4nak n\u00e3o estava usando bon\u00e9 nem antes do spray de champanhe, nem depois em ambos os p\u00f3dios, e sua declara\u00e7\u00e3o feita na primeira audi\u00eancia estava incorreta&#8221;, completou o relat\u00f3rio.<\/p>\n\n\n\n<p class=\"wp-block-paragraph\">T\u00e4nak ocupa a quarta coloca\u00e7\u00e3o no WRC em 2022, 98 pontos atr\u00e1s do l\u00edder Kalle Rovanper\u00e4. A pr\u00f3xima etapa do Mundial ser\u00e1 o Rali da Finl\u00e2ndia, que acontece entre os dias 4 e 7 de agosto.<\/p>\n\n\n\n<figure class=\"wp-block-embed is-type-video is-provider-youtube wp-block-embed-youtube wp-embed-aspect-16-9 wp-has-aspect-ratio\"><div class=\"wp-block-embed__wrapper\">\n<iframe loading=\"lazy\" title=\"ASTON MARTIN NA F\u00d3RMULA 1 2021 X 2022: O QUE ACONTECE?\" width=\"500\" height=\"281\" src=\"https:\/\/www.youtube.com\/embed\/N61qNdD-z5g?start=190&amp;feature=oembed\" frameborder=\"0\" allow=\"accelerometer; autoplay; clipboard-write; encrypted-media; gyroscope; picture-in-picture; web-share\" referrerpolicy=\"strict-origin-when-cross-origin\" allowfullscreen><\/iframe>\n<\/div><figcaption>ASTON MARTIN NA F\u00d3RMULA 1 2021 X 2022: O QUE ACONTECE?<\/figcaption><\/figure>\n","protected":false},"excerpt":{"rendered":"<p>Terceiro colocado no Rali da Est\u00f4nia, Ott T\u00e4nak recebeu uma curiosa multa do WRC ap\u00f3s n\u00e3o utilizar bon\u00e9 durante o p\u00f3dio e a coletiva de imprensa do evento<\/p>\n","protected":false},"author":0,"featured_media":1000596453,"comment_status":"closed","ping_status":"closed","sticky":false,"template":"","format":"standard","meta":{"42wp_featured_image_caption":"","42wp_featured_image_credits":"","42wp_featured_video":"","42wp_featured_image_hidden":false,"42wp_authors_list":[],"footnotes":""},"categories":[5],"tags":[2073,288,25327,233,287],"42wp_author":[47119],"class_list":["post-110530","post","type-post","status-publish","format-standard","has-post-thumbnail","hentry","category-rally","tag-hyundai","tag-mundial-de-rali","tag-ott-tanak-2","tag-rali","tag-wrc","42wp_author-gabriel-carvalho"],"_links":{"self":[{"href":"https:\/\/grandepremio.com\/br\/wp-json\/wp\/v2\/posts\/110530","targetHints":{"allow":["GET"]}}],"collection":[{"href":"https:\/\/grandepremio.com\/br\/wp-json\/wp\/v2\/posts"}],"about":[{"href":"https:\/\/grandepremio.com\/br\/wp-json\/wp\/v2\/types\/post"}],"replies":[{"embeddable":true,"href":"https:\/\/grandepremio.com\/br\/wp-json\/wp\/v2\/comments?post=110530"}],"version-history":[{"count":0,"href":"https:\/\/grandepremio.com\/br\/wp-json\/wp\/v2\/posts\/110530\/revisions"}],"wp:featuredmedia":[{"embeddable":true,"href":"https:\/\/grandepremio.com\/br\/wp-json\/wp\/v2\/media\/1000596453"}],"wp:attachment":[{"href":"https:\/\/grandepremio.com\/br\/wp-json\/wp\/v2\/media?parent=110530"}],"wp:term":[{"taxonomy":"category","embeddable":true,"href":"https:\/\/grandepremio.com\/br\/wp-json\/wp\/v2\/categories?post=110530"},{"taxonomy":"post_tag","embeddable":true,"href":"https:\/\/grandepremio.com\/br\/wp-json\/wp\/v2\/tags?post=110530"},{"taxonomy":"42wp_author","embeddable":true,"href":"https:\/\/grandepremio.com\/br\/wp-json\/wp\/v2\/42wp_author?post=110530"}],"curies":[{"name":"wp","href":"https:\/\/api.w.org\/{rel}","templated":true}]}}