{"id":110549,"date":"2022-07-17T15:47:35","date_gmt":"2022-07-17T18:47:35","guid":{"rendered":"https:\/\/grandepremio.com\/br\/noticias\/stoffel-vandoorne-retoma-lideranca-formula-e-podio-nova-york-classificacao\/"},"modified":"2022-07-17T18:09:41","modified_gmt":"2022-07-17T21:09:41","slug":"stoffel-vandoorne-retoma-lideranca-formula-e-podio-nova-york-classificacao","status":"publish","type":"post","link":"https:\/\/grandepremio.com\/br\/formula-e\/stoffel-vandoorne-retoma-lideranca-formula-e-podio-nova-york-classificacao\/","title":{"rendered":"Vandoorne retoma lideran\u00e7a da F\u00f3rmula E com p\u00f3dio em Nova York. Confira classifica\u00e7\u00e3o"},"content":{"rendered":"\n<figure class=\"wp-block-embed is-type-video is-provider-youtube wp-block-embed-youtube wp-embed-aspect-16-9 wp-has-aspect-ratio\"><div class=\"wp-block-embed__wrapper\">\n<iframe loading=\"lazy\" title=\"F\u00d3RMULA E CHEGA A NOVA YORK COM NOVO L\u00cdDER E MERCEDES MORDIDA\" width=\"500\" height=\"281\" src=\"https:\/\/www.youtube.com\/embed\/sGH5mC6OZSo?feature=oembed\" frameborder=\"0\" allow=\"accelerometer; autoplay; clipboard-write; encrypted-media; gyroscope; picture-in-picture; web-share\" referrerpolicy=\"strict-origin-when-cross-origin\" allowfullscreen><\/iframe>\n<\/div><figcaption>F\u00d3RMULA E CHEGA A NOVA YORK COM NOVO L\u00cdDER E MERCEDES MORDIDA<\/figcaption><\/figure>\n\n\n\n<p class=\"wp-block-paragraph\">Stoffel Vandoorne retomou a lideran\u00e7a do Mundial de Pilotos neste domingo (17), <a href=\"https:\/\/www.grandepremio.com\/br\/formula-e\/noticias\/antonio-felix-da-costa-lidera-inicio-ao-fim-corrida-2-nova-york-stoffel-vandoorne-2o\/\" target=\"_blank\" aria-label=\"ao concluir a segunda corrida do eP de Nova York na segunda coloca\u00e7\u00e3o (opens in a new tab)\" rel=\"noreferrer noopener\" class=\"ek-link\">ao concluir a segunda corrida do eP de Nova York na segunda coloca\u00e7\u00e3o<\/a> \u2014 o vencedor foi Ant\u00f3nio F\u00e9lix da Costa, da DS Techeetah. Agora, o piloto da Mercedes soma 155 pontos na tabela e deixa para tr\u00e1s o ent\u00e3o l\u00edder Edoardo Mortara.<\/p>\n\n\n\n<p class=\"wp-block-paragraph\">O su\u00ed\u00e7o da Venturi sofreu durante todo o final de semana e quebrou a sequ\u00eancia de quatro p\u00f3dios consecutivos com apenas cinco tentos somados nas duas corridas. Neste domingo, terminou em d\u00e9cimo e conseguiu registrar a volta mais r\u00e1pida, o que lhe rendeu dois pontos na tabela \u2014 possui 144, 11 a menos do que Vandoorne.<\/p>\n\n\n\n<p class=\"wp-block-paragraph\">Terceiro integrante do p\u00f3dio, Mitch Evans tamb\u00e9m ganhou uma posi\u00e7\u00e3o e agora \u00e9 o terceiro colocado, com 139 pontos, deixando Jean-\u00c9ric Vergne com a quarta coloca\u00e7\u00e3o. O franc\u00eas da DS Techeetah chegou \u00e0 Nova York com pontos em todas as corridas do campeonato, mas saiu do Brooklyn sem nenhum e estacionou nos 128 \u2014 vendo a briga pelo t\u00edtulo escorrer pelos dedos, com quatro corridas restantes.<\/p>\n\n\n\n<p class=\"wp-block-paragraph\"><strong>\u25b6\ufe0f&nbsp;<a href=\"https:\/\/www.twitch.tv\/grandepremio\" target=\"_blank\" rel=\"noreferrer noopener\">Conhe\u00e7a o canal do GRANDE PR\u00caMIO na Twitch clicando aqui!<\/a><\/strong><\/p>\n\n\n\n<figure class=\"wp-block-image size-large\"><img decoding=\"async\" src=\"https:\/\/www.grandepremio.com\/br\/wp-content\/uploads\/2022\/06\/GPF8-1024x682.jpeg\" alt=\"\" class=\"wp-image-580167\"\/><figcaption>Ap\u00f3s fim de semana desastroso, Vergne viu t\u00edtulo da F\u00f3rmula E ficar dif\u00edcil (Foto: DS Techeetah)<\/figcaption><\/figure>\n\n\n\n<p class=\"wp-block-paragraph\"><strong>\u25b6\ufe0f&nbsp;Inscreva-se nos dois canais do GRANDE PR\u00caMIO no YouTube:&nbsp;<a href=\"https:\/\/www.youtube.com\/channel\/UC9OlHEgxoaY6QY6nWPoiqQg?sub_confirmation=1\" target=\"_blank\" rel=\"noreferrer noopener\">GP<\/a>&nbsp;|&nbsp;<a href=\"https:\/\/www.youtube.com\/channel\/UC9csiS6q_C3C0FYhyr1rnFA?sub_confirmation=1\" target=\"_blank\" rel=\"noreferrer noopener\">GP2<\/a><\/strong><\/p>\n\n\n\n<p class=\"wp-block-paragraph\">Apenas dois outros pilotos conseguiram ganhar posi\u00e7\u00f5es na tabela. O vencedor Ant\u00f3nio F\u00e9lix da Costa foi aos 100 tentos com os 25 da vit\u00f3ria e passou por Nyck De Vries \u2014 agora oitavo \u2014 e Lucas Di Grassi para assumir o sexto lugar.<\/p>\n\n\n\n<p class=\"wp-block-paragraph\">Mais atr\u00e1s, Alexander Sims conseguiu 12 pontos com a quarta coloca\u00e7\u00e3o e somou seis vezes a quantidade de tentos que tinha at\u00e9 aqui, chegando a 14 no 15\u00ba lugar. Passou por Maximilian G\u00fcnther, Oliver Askew, Oliver Turvey e Oliver Rowland.<\/p>\n\n\n\n<p class=\"wp-block-paragraph\">A briga pelo t\u00edtulo segue imprevis\u00edvel na ponta da tabela, com apenas 16 pontos separando o primeiro do terceiro colocado. No entanto, a disputa parece ter perdido um concorrente com o p\u00e9ssimo final de semana de Vergne. O pr\u00f3ximo desafio dos pilotos ser\u00e1 na Inglaterra, com a disputa do eP de Londres marcado para acontecer nos dias 30 e 31 de julho.<\/p>\n\n\n\n<h2 class=\"wp-block-heading\" id=\"h-formula-e-2021-2022-ep-de-nova-york-classificacao\">F\u00f3rmula E 2021\/2022, eP de Nova York, Classifica\u00e7\u00e3o:<\/h2>\n\n\n\n<figure class=\"wp-block-table\"><table><tbody><tr><td><\/td><td><\/td><td><\/td><td><\/td><td>Poles<\/td><td>Vit\u00f3rias<\/td><td>PONTOS<\/td><\/tr><tr><td>1<\/td><td>S VANDOORNE<\/td><td>BEL<\/td><td>Mercedes<\/td><td>2<\/td><td>1<\/td><td>155<\/td><\/tr><tr><td>2<\/td><td>E MORTARA<\/td><td>SUI<\/td><td>Venturi Mercedes<\/td><td>2<\/td><td>3<\/td><td>144<\/td><\/tr><tr><td>3<\/td><td>M EVANS<\/td><td>NZL<\/td><td>Jaguar<\/td><td>1<\/td><td>3<\/td><td>139<\/td><\/tr><tr><td>4<\/td><td>J.E VERGNE<\/td><td>FRA<\/td><td>DS Techeetah<\/td><td>2<\/td><td>&#8211;<\/td><td>128<\/td><\/tr><tr><td>5<\/td><td>R FRIJNS<\/td><td>HOL<\/td><td>Envision<\/td><td>&#8211;<\/td><td>&#8211;<\/td><td>104<\/td><\/tr><tr><td>6<\/td><td>A.F DA COSTA<\/td><td>POR<\/td><td>DS Techeetah<\/td><td>1<\/td><td>1<\/td><td>100<\/td><\/tr><tr><td>7<\/td><td>L DI GRASSI<\/td><td>BRA<\/td><td>Venturi Mercedes<\/td><td>&#8211;<\/td><td>&#8211;<\/td><td>84<\/td><\/tr><tr><td>8<\/td><td>N DE VRIES<\/td><td>HOL<\/td><td>Mercedes<\/td><td>1<\/td><td>2<\/td><td>83<\/td><\/tr><tr><td>9<\/td><td>P WEHRLEIN<\/td><td>ALE<\/td><td>Porsche<\/td><td>1<\/td><td>1<\/td><td>63<\/td><\/tr><tr><td>10<\/td><td>A LOTTERER<\/td><td>ALE<\/td><td>Porsche<\/td><td>&#8211;<\/td><td>&#8211;<\/td><td>63<\/td><\/tr><tr><td>11<\/td><td>N CASSIDY<\/td><td>NZL<\/td><td>Envision<\/td><td>2<\/td><td>1<\/td><td>47<\/td><\/tr><tr><td>12<\/td><td>J DENNIS<\/td><td>ING<\/td><td>Andretti<\/td><td>&#8211;<\/td><td>&#8211;<\/td><td>47<\/td><\/tr><tr><td>13<\/td><td>S BIRD<\/td><td>ING<\/td><td>Jaguar<\/td><td>&#8211;<\/td><td>&#8211;<\/td><td>47<\/td><\/tr><tr><td>14<\/td><td>S BUEMI<\/td><td>SUI<\/td><td>Nissan<\/td><td>&#8211;<\/td><td>&#8211;<\/td><td>20<\/td><\/tr><tr><td>15<\/td><td>A SIMS<\/td><td>ING<\/td><td>Mahindra<\/td><td>&#8211;<\/td><td>&#8211;<\/td><td>14<\/td><\/tr><tr><td>16<\/td><td>O ROWLAND<\/td><td>ING<\/td><td>Mahindra<\/td><td>&#8211;<\/td><td>&#8211;<\/td><td>11<\/td><\/tr><tr><td>17<\/td><td>O TURVEY<\/td><td>ING<\/td><td>NIO<\/td><td>&#8211;<\/td><td>&#8211;<\/td><td>6<\/td><\/tr><tr><td>18<\/td><td>O ASKEW<\/td><td>EUA<\/td><td>Andretti<\/td><td>&#8211;<\/td><td>&#8211;<\/td><td>2<\/td><\/tr><tr><td>19<\/td><td>M G\u00dcNTHER<\/td><td>ALE<\/td><td>Nissan<\/td><td>&#8211;<\/td><td>&#8211;<\/td><td>2<\/td><\/tr><tr><td>20<\/td><td>D TICKTUM<\/td><td>ING<\/td><td>NIO<\/td><td>&#8211;<\/td><td>&#8211;<\/td><td>1<\/td><\/tr><tr><td>21<\/td><td>S SETTE C\u00c2MARA<\/td><td>BRA<\/td><td>Dragon Penske<\/td><td>&#8211;<\/td><td>&#8211;<\/td><td>0<\/td><\/tr><tr><td>22<\/td><td>A GIOVINAZZI<\/td><td>ITA<\/td><td>Dragon Penske<\/td><td>&#8211;<\/td><td>&#8211;<\/td><td>0<\/td><\/tr><\/tbody><\/table><\/figure>\n","protected":false},"excerpt":{"rendered":"<p>Enquanto Stoffel Vandoorne manteve a pegada para retomar a lideran\u00e7a do campeonato com um segundo lugar em Nova York, Jean-\u00c8ric Vergne saiu do Brooklyn sem um ponto sequer e v\u00ea chances de t\u00edtulo escaparem<\/p>\n","protected":false},"author":0,"featured_media":1000596234,"comment_status":"closed","ping_status":"closed","sticky":false,"template":"","format":"standard","meta":{"42wp_featured_image_caption":"","42wp_featured_image_credits":"","42wp_featured_video":"","42wp_featured_image_hidden":false,"42wp_authors_list":[],"footnotes":""},"categories":[19],"tags":[4504,25337,852,949,28526,379,27903,840,28327,1601,24836,28285,910,851,82,909,32005,967,660],"42wp_author":[47142],"class_list":["post-110549","post","type-post","status-publish","format-standard","has-post-thumbnail","hentry","category-formula-e","tag-brooklyn","tag-classificacao-2","tag-ds-techeetah","tag-edoardo-mortara","tag-ep-de-nova-york","tag-fe","tag-fe-2022","tag-formula-e","tag-formula-e-2022","tag-gen3","tag-grande-premio-2","tag-grandepremio","tag-jaguar","tag-jean-eric-vergne","tag-mercedes","tag-mitch-evans","tag-nyceprix","tag-stoffel-vandoorne","tag-venturi","42wp_author-jp-nascimento"],"_links":{"self":[{"href":"https:\/\/grandepremio.com\/br\/wp-json\/wp\/v2\/posts\/110549","targetHints":{"allow":["GET"]}}],"collection":[{"href":"https:\/\/grandepremio.com\/br\/wp-json\/wp\/v2\/posts"}],"about":[{"href":"https:\/\/grandepremio.com\/br\/wp-json\/wp\/v2\/types\/post"}],"replies":[{"embeddable":true,"href":"https:\/\/grandepremio.com\/br\/wp-json\/wp\/v2\/comments?post=110549"}],"version-history":[{"count":0,"href":"https:\/\/grandepremio.com\/br\/wp-json\/wp\/v2\/posts\/110549\/revisions"}],"wp:featuredmedia":[{"embeddable":true,"href":"https:\/\/grandepremio.com\/br\/wp-json\/wp\/v2\/media\/1000596234"}],"wp:attachment":[{"href":"https:\/\/grandepremio.com\/br\/wp-json\/wp\/v2\/media?parent=110549"}],"wp:term":[{"taxonomy":"category","embeddable":true,"href":"https:\/\/grandepremio.com\/br\/wp-json\/wp\/v2\/categories?post=110549"},{"taxonomy":"post_tag","embeddable":true,"href":"https:\/\/grandepremio.com\/br\/wp-json\/wp\/v2\/tags?post=110549"},{"taxonomy":"42wp_author","embeddable":true,"href":"https:\/\/grandepremio.com\/br\/wp-json\/wp\/v2\/42wp_author?post=110549"}],"curies":[{"name":"wp","href":"https:\/\/api.w.org\/{rel}","templated":true}]}}