{"id":110613,"date":"2022-07-14T17:45:41","date_gmt":"2022-07-14T20:45:41","guid":{"rendered":"https:\/\/grandepremio.com\/br\/noticias\/craig-breen-supera-kalle-rovanpera-primeiro-dia-rali-estonia-frente\/"},"modified":"2022-07-14T17:47:52","modified_gmt":"2022-07-14T20:47:52","slug":"craig-breen-supera-kalle-rovanpera-primeiro-dia-rali-estonia-frente","status":"publish","type":"post","link":"https:\/\/grandepremio.com\/br\/rally\/craig-breen-supera-kalle-rovanpera-primeiro-dia-rali-estonia-frente\/","title":{"rendered":"Breen supera Rovanper\u00e4 e termina primeiro dia do Rali da Est\u00f4nia na frente"},"content":{"rendered":"\n<figure class=\"wp-block-embed is-type-video is-provider-youtube wp-block-embed-youtube wp-embed-aspect-16-9 wp-has-aspect-ratio\"><div class=\"wp-block-embed__wrapper\">\n<iframe loading=\"lazy\" title=\"VERSTAPPEN REBATE P\u00c9REZ E MERCEDES SEM PE\u00c7AS NA F\u00d3RMULA 1 2022 | WGP\" width=\"500\" height=\"281\" src=\"https:\/\/www.youtube.com\/embed\/CljbDOUxE6U?feature=oembed\" frameborder=\"0\" allow=\"accelerometer; autoplay; clipboard-write; encrypted-media; gyroscope; picture-in-picture; web-share\" referrerpolicy=\"strict-origin-when-cross-origin\" allowfullscreen><\/iframe>\n<\/div><figcaption>VERSTAPPEN REBATE P\u00c9REZ E MERCEDES SEM PE\u00c7AS NA F\u00d3RMULA 1 2022 | WGP<\/figcaption><\/figure>\n\n\n\n<p class=\"wp-block-paragraph\">O irland\u00eas Craig Breen foi o mais r\u00e1pido do primeiro est\u00e1gio do Rali da Est\u00f4nia, realizado nesta quinta-feira (14). O piloto da Ford superou o finland\u00eas Kalle Rovanper\u00e4, l\u00edder isolado do Mundial de Rali, por apenas um d\u00e9cimo, com um tempo de 1min38s7. Companheiro de Toyota de Rovanper\u00e4, o brit\u00e2nico Elfyn Evans fechou na terceira coloca\u00e7\u00e3o.<\/p>\n\n\n\n<p class=\"wp-block-paragraph\">O resultado foi uma leve vingan\u00e7a para Breen, que perdeu o est\u00e1gio no ano passado pela mesma diferen\u00e7a para Kalle. &#8220;Eu tomei muito cuidado com as rochas e tentei ser o mais limpo poss\u00edvel. \u00c9 um \u00f3timo come\u00e7o para o fim de semana. Esses est\u00e1gios s\u00e3o incr\u00edveis e podemos nos divertir muito&#8221;, disse Craig.<\/p>\n\n\n\n<p class=\"wp-block-paragraph\"><strong>\u25b6\ufe0f\u00a0Inscreva-se nos dois canais do GRANDE PR\u00caMIO no YouTube:\u00a0<a href=\"https:\/\/www.youtube.com\/channel\/UC9OlHEgxoaY6QY6nWPoiqQg?sub_confirmation=1\" target=\"_blank\" rel=\"noreferrer noopener\">GP<\/a>\u00a0|\u00a0<a href=\"https:\/\/www.youtube.com\/channel\/UC9csiS6q_C3C0FYhyr1rnFA?sub_confirmation=1\" target=\"_blank\" rel=\"noreferrer noopener\">GP2<\/a><\/strong><br><strong>\u25b6\ufe0f\u00a0<a href=\"https:\/\/www.twitch.tv\/grandepremio\" target=\"_blank\" rel=\"noreferrer noopener\">Conhe\u00e7a o canal do GRANDE PR\u00caMIO na Twitch clicando aqui!<\/a><\/strong><\/p>\n\n\n\n<figure class=\"wp-block-image size-large\"><img decoding=\"async\" src=\"https:\/\/www.grandepremio.com\/br\/wp-content\/uploads\/2022\/07\/140722_-World-OttTanak-Estonia-2022_001_7023b_frz_1400x788-1024x576.jpg\" alt=\"\" class=\"wp-image-595791\"\/><figcaption>Ott T\u00e4nak \u00e9 recebido por f\u00e3s antes do in\u00edcio do Rali da Est\u00f4nia (Foto: WRC)<\/figcaption><\/figure>\n\n\n\n<p class=\"wp-block-paragraph\"><a href=\"https:\/\/www.grandepremio.com\/br\/f1\/noticias\/gerard-berger-conhece-fraquezas-niels-wittich-diretor-prova-f1-responsavel-caos-dtm\/\" class=\"ek-link\"><strong>LEIA MAIS:\u00a0Berger diz que \u201cconhece fraquezas\u201d de diretor de prova da\u00a0F1\u00a0respons\u00e1vel por caos no DTM<\/strong><\/a><\/p>\n\n\n\n<p class=\"wp-block-paragraph\">O belga Thierry Neuville, da Hyundai, foi o quarto colocado, seguido pelo companheiro de time e piloto da casa Ott T\u00e4nak. O tamb\u00e9m finland\u00eas Esapekka Lappi completou em sexto. O Toyota do japon\u00eas Takamoto Katsuka foi consertado ap\u00f3s um acidente no shakedown e fechou na s\u00e9tima posi\u00e7\u00e3o. Gus Greensmith, Oliver Solberg e Pierre-Louis Loubet fecharam os dez primeiros colocados do dia.<\/p>\n\n\n\n<p class=\"wp-block-paragraph\">Os pilotos voltam para a pista nesta sexta-feira (15), quando ser\u00e3o realizados oito est\u00e1gios com dist\u00e2ncia de cerca de 140 quil\u00f4metros. O Rali da Est\u00f4nia \u00e9 a s\u00e9tima etapa da temporada de 2022 do Mundial de Rali e tem 24 est\u00e1gios no total.<\/p>\n","protected":false},"excerpt":{"rendered":"<p>O irland\u00eas Craig Breen superou o finland\u00eas Kalle Rovanper\u00e4 por apenas um d\u00e9cimo e venceu a primeira especial do Mundial de Rali na Est\u00f4nia<\/p>\n","protected":false},"author":0,"featured_media":1000595790,"comment_status":"closed","ping_status":"closed","sticky":false,"template":"","format":"standard","meta":{"42wp_featured_image_caption":"","42wp_featured_image_credits":"","42wp_featured_video":"","42wp_featured_image_hidden":false,"42wp_authors_list":[],"footnotes":""},"categories":[5],"tags":[3238,28597,288,287],"42wp_author":[47144],"class_list":["post-110613","post","type-post","status-publish","format-standard","has-post-thumbnail","hentry","category-rally","tag-craig-breen","tag-kalle-rovanpera-2","tag-mundial-de-rali","tag-wrc","42wp_author-andre-netto"],"_links":{"self":[{"href":"https:\/\/grandepremio.com\/br\/wp-json\/wp\/v2\/posts\/110613","targetHints":{"allow":["GET"]}}],"collection":[{"href":"https:\/\/grandepremio.com\/br\/wp-json\/wp\/v2\/posts"}],"about":[{"href":"https:\/\/grandepremio.com\/br\/wp-json\/wp\/v2\/types\/post"}],"replies":[{"embeddable":true,"href":"https:\/\/grandepremio.com\/br\/wp-json\/wp\/v2\/comments?post=110613"}],"version-history":[{"count":0,"href":"https:\/\/grandepremio.com\/br\/wp-json\/wp\/v2\/posts\/110613\/revisions"}],"wp:featuredmedia":[{"embeddable":true,"href":"https:\/\/grandepremio.com\/br\/wp-json\/wp\/v2\/media\/1000595790"}],"wp:attachment":[{"href":"https:\/\/grandepremio.com\/br\/wp-json\/wp\/v2\/media?parent=110613"}],"wp:term":[{"taxonomy":"category","embeddable":true,"href":"https:\/\/grandepremio.com\/br\/wp-json\/wp\/v2\/categories?post=110613"},{"taxonomy":"post_tag","embeddable":true,"href":"https:\/\/grandepremio.com\/br\/wp-json\/wp\/v2\/tags?post=110613"},{"taxonomy":"42wp_author","embeddable":true,"href":"https:\/\/grandepremio.com\/br\/wp-json\/wp\/v2\/42wp_author?post=110613"}],"curies":[{"name":"wp","href":"https:\/\/api.w.org\/{rel}","templated":true}]}}