{"id":110614,"date":"2022-07-14T15:51:54","date_gmt":"2022-07-14T18:51:54","guid":{"rendered":"https:\/\/grandepremio.com\/br\/noticias\/ganassi-decide-manter-alex-palou-toronto-assinar-contrato-mclaren\/"},"modified":"2022-07-14T15:54:09","modified_gmt":"2022-07-14T18:54:09","slug":"ganassi-decide-manter-alex-palou-toronto-assinar-contrato-mclaren","status":"publish","type":"post","link":"https:\/\/grandepremio.com\/br\/indy\/ganassi-decide-manter-alex-palou-toronto-assinar-contrato-mclaren\/","title":{"rendered":"Ganassi decide manter Palou em Toronto ap\u00f3s assinar contrato com McLaren"},"content":{"rendered":"\n<figure class=\"wp-block-embed is-type-video is-provider-youtube wp-block-embed-youtube wp-embed-aspect-16-9 wp-has-aspect-ratio\"><div class=\"wp-block-embed__wrapper\">\n<iframe loading=\"lazy\" title=\"F\u00d3RMULA INDY RETORNA AO CANAD\u00c1. E QUANDO SER\u00c1 A VEZ DO M\u00c9XICO?\" width=\"500\" height=\"281\" src=\"https:\/\/www.youtube.com\/embed\/qvczSmvwhbk?feature=oembed\" frameborder=\"0\" allow=\"accelerometer; autoplay; clipboard-write; encrypted-media; gyroscope; picture-in-picture; web-share\" referrerpolicy=\"strict-origin-when-cross-origin\" allowfullscreen><\/iframe>\n<\/div><figcaption>F\u00d3RMULA INDY RETORNA AO CANAD\u00c1. E QUANDO SER\u00c1 A VEZ DO M\u00c9XICO?<\/figcaption><\/figure>\n\n\n\n<p class=\"wp-block-paragraph\">\u00c1lex Palou est\u00e1 confirmado no GP de Toronto, que acontece neste domingo (17). De acordo com a revista americana <em>Racer<\/em>, um membro da Ganassi confirmou que o atual campe\u00e3o da Indy segue no carro #10 para a prova no Canad\u00e1. A tend\u00eancia tamb\u00e9m \u00e9 que o espanhol complete a temporada com a equipe antes de iniciar os trabalhos com a McLaren.<\/p>\n\n\n\n<p class=\"wp-block-paragraph\">A confirma\u00e7\u00e3o vem ap\u00f3s uma sa\u00edda chocante de Palou para a equipe de Woking. Na tarde da \u00faltima ter\u00e7a-feira, <a href=\"https:\/\/www.grandepremio.com\/br\/indy\/noticias\/ganassi-afasta-concorrencia-garante-permanencia-alex-palou-indy-2023\/\" class=\"ek-link\">a Ganassi anunciou a renova\u00e7\u00e3o de contrato com o espanhol<\/a>. Horas depois, o pr\u00f3prio piloto comunicou em suas redes sociais que n\u00e3o reconhecia o acordo, que n\u00e3o tinha autorizado as aspas utilizadas no comunicado e que desejava sair da equipe ap\u00f3s a temporada de 2022.<\/p>\n\n\n\n<p class=\"wp-block-paragraph\">Minutos depois, <a href=\"https:\/\/www.grandepremio.com\/br\/indy\/noticias\/alex-palou-desmente-ganassi-anuncia-acerto-mclaren-mas-sem-categoria-definida\/\" class=\"ek-link\">a McLaren anunciou a contrata\u00e7\u00e3o do jovem de 25 anos, mas sem especificar em qual categoria \u00c1lex vai correr no pr\u00f3ximo ano<\/a>. Al\u00e9m da Indy, a equipe brit\u00e2nica est\u00e1 montando sua equipe na F\u00f3rmula E e pode ter uma vaga na F\u00f3rmula 1 caso opte por terminar o v\u00ednculo com o australiano Daniel Ricciardo. Palou tamb\u00e9m entrou para o programa de testes de carros pr\u00e9vios, que conta tamb\u00e9m com Pato O&#8217;Ward e Colton Herta,<a href=\"https:\/\/www.grandepremio.com\/br\/f1\/noticias\/colton-herta-celebra-grande-oportunidade-teste-formula-1-mclaren-portimao\/\" class=\"ek-link\"> que recentemente testou o MCL35M em Portim\u00e3o<\/a>.<\/p>\n\n\n\n<p class=\"wp-block-paragraph\"><strong>\u25b6\ufe0f\u00a0Inscreva-se nos dois canais do GRANDE PR\u00caMIO no YouTube:\u00a0<a href=\"https:\/\/www.youtube.com\/channel\/UC9OlHEgxoaY6QY6nWPoiqQg?sub_confirmation=1\" target=\"_blank\" rel=\"noreferrer noopener\">GP<\/a>\u00a0|\u00a0<a href=\"https:\/\/www.youtube.com\/channel\/UC9csiS6q_C3C0FYhyr1rnFA?sub_confirmation=1\" target=\"_blank\" rel=\"noreferrer noopener\">GP2<\/a><\/strong><br><strong>\u25b6\ufe0f\u00a0<a href=\"https:\/\/www.twitch.tv\/grandepremio\" target=\"_blank\" rel=\"noreferrer noopener\">Conhe\u00e7a o canal do GRANDE PR\u00caMIO na Twitch clicando aqui!<\/a><\/strong><\/p>\n\n\n\n<figure class=\"wp-block-image size-large\"><img decoding=\"async\" src=\"https:\/\/www.grandepremio.com\/br\/wp-content\/uploads\/2022\/07\/Honda-Indy-200-at-Mid-Ohio-Saturday_-July-2_-2022_Large-Image-Without-Watermark_m63442-1024x683.jpg\" alt=\"\" class=\"wp-image-592366\"\/><figcaption>\u00c1lex Palou em a\u00e7\u00e3o durante o GP de Mid-Ohio (Foto: IndyCar)<\/figcaption><\/figure>\n\n\n\n<p class=\"wp-block-paragraph\">A trai\u00e7\u00e3o de Palou teria enfurecido Chip Ganassi, chefe da equipe, que foi atr\u00e1s de um substituto imediato para o espanhol. O brasileiro Tony Kanaan, que disputou as duas \u00faltimas edi\u00e7\u00f5es das 500 Milhas de Indian\u00e1polis com o time, <a href=\"https:\/\/www.grandepremio.com\/br\/indy\/noticias\/furioso-ganassi-cogita-tirar-alex-palou-considera-colocar-tony-kanaan-volta-carro-10\/\" class=\"ek-link\">chegou a ser chamado para assumir o #10<\/a>, mas quest\u00f5es envolvendo patrocinadores levaram a Ganassi a optar por manter \u00c1lex por enquanto.<\/p>\n\n\n\n<p class=\"wp-block-paragraph\">Caso de fato siga na equipe at\u00e9 o restante da temporada, Palou vai ter que trabalhar em um ambiente com relacionamentos completamente desgastados. A corrida no Canad\u00e1 ser\u00e1 apenas a primeira de muitas situa\u00e7\u00f5es desconfort\u00e1veis para o espanhol at\u00e9 o final de 2022.<\/p>\n\n\n\n<p class=\"wp-block-paragraph\">A\u00a0<a href=\"https:\/\/www.grandepremio.com\/formula-indy\/\" target=\"_blank\" rel=\"noreferrer noopener\">Indy<\/a>\u00a0realiza o\u00a0<a href=\"https:\/\/www.grandepremio.com\/br\/etapa\/indy\/gp-de-toronto-indy-2022\/\" target=\"_blank\" rel=\"noreferrer noopener\">GP de Toronto<\/a>, no Canad\u00e1, neste domingo (17), com cobertura completa do <strong>GRANDE PR\u00caMIO<\/strong>. A largada da corrida est\u00e1 prevista para 16h30 (de Bras\u00edlia).<\/p>\n","protected":false},"excerpt":{"rendered":"<p>Ap\u00f3s acertar com a McLaren para a temporada de 2023 e irritar Chip Ganassi, \u00c1lex Palou segue no carro #10 do time para o GP de Toronto neste domingo<\/p>\n","protected":false},"author":0,"featured_media":1000591922,"comment_status":"closed","ping_status":"closed","sticky":false,"template":"","format":"standard","meta":{"42wp_featured_image_caption":"","42wp_featured_image_credits":"","42wp_featured_video":"","42wp_featured_image_hidden":false,"42wp_authors_list":[],"footnotes":""},"categories":[3],"tags":[2591,619,29062,1595,4451,31999,93,2209,94,90,321],"42wp_author":[47144],"class_list":["post-110614","post","type-post","status-publish","format-standard","has-post-thumbnail","hentry","category-indy","tag-chip-ganassi","tag-formula-indy","tag-formula-indy-2022","tag-ganassi","tag-gp-de-toronto","tag-gp-de-toronto-2022","tag-indy","tag-indy-2022","tag-indycar","tag-mclaren","tag-tony-kanaan","42wp_author-andre-netto"],"_links":{"self":[{"href":"https:\/\/grandepremio.com\/br\/wp-json\/wp\/v2\/posts\/110614","targetHints":{"allow":["GET"]}}],"collection":[{"href":"https:\/\/grandepremio.com\/br\/wp-json\/wp\/v2\/posts"}],"about":[{"href":"https:\/\/grandepremio.com\/br\/wp-json\/wp\/v2\/types\/post"}],"replies":[{"embeddable":true,"href":"https:\/\/grandepremio.com\/br\/wp-json\/wp\/v2\/comments?post=110614"}],"version-history":[{"count":0,"href":"https:\/\/grandepremio.com\/br\/wp-json\/wp\/v2\/posts\/110614\/revisions"}],"wp:featuredmedia":[{"embeddable":true,"href":"https:\/\/grandepremio.com\/br\/wp-json\/wp\/v2\/media\/1000591922"}],"wp:attachment":[{"href":"https:\/\/grandepremio.com\/br\/wp-json\/wp\/v2\/media?parent=110614"}],"wp:term":[{"taxonomy":"category","embeddable":true,"href":"https:\/\/grandepremio.com\/br\/wp-json\/wp\/v2\/categories?post=110614"},{"taxonomy":"post_tag","embeddable":true,"href":"https:\/\/grandepremio.com\/br\/wp-json\/wp\/v2\/tags?post=110614"},{"taxonomy":"42wp_author","embeddable":true,"href":"https:\/\/grandepremio.com\/br\/wp-json\/wp\/v2\/42wp_author?post=110614"}],"curies":[{"name":"wp","href":"https:\/\/api.w.org\/{rel}","templated":true}]}}