{"id":110629,"date":"2022-07-14T04:45:00","date_gmt":"2022-07-14T07:45:00","guid":{"rendered":"https:\/\/grandepremio.com\/br\/noticias\/max-verstappen-direcao-prova-menos-teimosa-mais-proxima-pilotos\/"},"modified":"2022-07-13T18:50:55","modified_gmt":"2022-07-13T21:50:55","slug":"max-verstappen-direcao-prova-menos-teimosa-mais-proxima-pilotos","status":"publish","type":"post","link":"https:\/\/grandepremio.com\/br\/f1\/max-verstappen-direcao-prova-menos-teimosa-mais-proxima-pilotos\/","title":{"rendered":"Verstappen pede dire\u00e7\u00e3o de prova menos &#8220;teimosa&#8221; e mais pr\u00f3xima dos pilotos"},"content":{"rendered":"\n<figure class=\"wp-block-embed is-type-video is-provider-youtube wp-block-embed-youtube wp-embed-aspect-16-9 wp-has-aspect-ratio\"><div class=\"wp-block-embed__wrapper\">\n<iframe loading=\"lazy\" title=\"RICCIARDO, HERTA, O&amp;apos;WARD OU PALOU: O QUE SER\u00c1 DA MCLAREN NA F\u00d3RMULA 1 2023 | TT GP #60\" width=\"500\" height=\"281\" src=\"https:\/\/www.youtube.com\/embed\/rH46ovPuiYo?feature=oembed\" frameborder=\"0\" allow=\"accelerometer; autoplay; clipboard-write; encrypted-media; gyroscope; picture-in-picture; web-share\" referrerpolicy=\"strict-origin-when-cross-origin\" allowfullscreen><\/iframe>\n<\/div><figcaption>RICCIARDO, HERTA, O\u2019WARD OU PALOU? O QUE VAI SER DA MCLAREN EM 2023 | TT GP #60<\/figcaption><\/figure>\n\n\n\n<p class=\"wp-block-paragraph\"><a href=\"https:\/\/www.grandepremio.com\/br\/f1\/noticias\/fia-anuncia-saida-michael-masi-sete-meses-controversia-decisao-formula-1-abu-dhabi\/\" class=\"ek-link\">A FIA anunciou recentemente a sa\u00edda em definitivo de Michael Masi<\/a>, antigo de diretor de provas da F\u00f3rmula 1. A categoria passou a ter dois diretores de prova em 2022, com o portugu\u00eas Eduardo Freitas e o alem\u00e3o Niels Wittich. A falta de consist\u00eancia na tomada de decis\u00f5es tem preocupado alguns pilotos, mas, para Max Verstappen, o que falta \u00e9 a nova gest\u00e3o se aproximar dos pilotos e ser menos &#8220;teimosa&#8221;.<\/p>\n\n\n\n<p class=\"wp-block-paragraph\">\u201cN\u00e3o acho que dependa necessariamente de ser um diretor de corrida, acho que \u00e9 mais sobre trabalhar com os pilotos ao inv\u00e9s de apenas manter sua postura e ser teimoso. Queremos melhorar para todos e n\u00e3o \u00e9 como se estiv\u00e9ssemos lutando por n\u00f3s mesmos&#8221;, afirmou o atual campe\u00e3o da F\u00f3rmula 1.<\/p>\n\n\n\n<p class=\"wp-block-paragraph\">\u201cTemos boas conversas entre os pilotos e no final do dia, mais ou menos, concordamos na maioria das coisas. Claro, todo mundo tem suas pr\u00f3prias opini\u00f5es sobre certas coisas. O resto s\u00e3o os incidentes de corrida. Sim, com certeza podemos fazer melhor. Acho que vamos trabalhar nisso, vamos tentar tornar melhor\u201d, concluiu o piloto da Red Bull.<\/p>\n\n\n\n<p class=\"wp-block-paragraph\"><strong>\u25b6\ufe0f\u00a0Inscreva-se nos dois canais do GRANDE PR\u00caMIO no YouTube:\u00a0<a href=\"https:\/\/www.youtube.com\/channel\/UC9OlHEgxoaY6QY6nWPoiqQg?sub_confirmation=1\" target=\"_blank\" rel=\"noreferrer noopener\">GP<\/a>\u00a0|\u00a0<a href=\"https:\/\/www.youtube.com\/channel\/UC9csiS6q_C3C0FYhyr1rnFA?sub_confirmation=1\" target=\"_blank\" rel=\"noreferrer noopener\">GP2<\/a><\/strong><br><strong>\u25b6\ufe0f\u00a0<a href=\"https:\/\/www.twitch.tv\/grandepremio\" target=\"_blank\" rel=\"noreferrer noopener\">Conhe\u00e7a o canal do GRANDE PR\u00caMIO na Twitch clicando aqui!<\/a><\/strong><\/p>\n\n\n\n<figure class=\"wp-block-image size-large\"><img decoding=\"async\" src=\"https:\/\/www.grandepremio.com\/br\/wp-content\/uploads\/2022\/07\/redbull-maxverstappen-02-5-1024x683.jpg\" alt=\"\" class=\"wp-image-594368\"\/><figcaption>Max Verstappen (Foto: Red Bull Content Pool)<\/figcaption><\/figure>\n\n\n\n<p class=\"wp-block-paragraph\"><strong><a href=\"https:\/\/www.grandepremio.com\/br\/f1\/noticias\/mclaren-andreas-seidl-elogia-colton-herta-teste-cautela-f1\/\">LEIA MAIS<\/a>: McLaren elogia Herta em teste, mas mant\u00e9m cautela sobre F1: \u201cUm passo de cada vez\u201d<\/strong><\/p>\n\n\n\n<p class=\"wp-block-paragraph\">O GP da \u00c1ustria no \u00faltimo domingo (10) ficou marcado por in\u00fameras puni\u00e7\u00f5es por conta dos limites de pista, <a href=\"https:\/\/www.grandepremio.com\/br\/f1\/noticias\/max-verstappen-punicao-piada-limite-pista-austria\/\" class=\"ek-link\">algo que irritou Verstappen<\/a>. Quem tamb\u00e9m n\u00e3o est\u00e1 contente com a dire\u00e7\u00e3o de prova \u00e9 seu rival, Charles Leclerc. O monegasco revelou que acredita que a mudan\u00e7a para dois diretores dificulta uma maior regularidade nas decis\u00f5es, mas n\u00e3o tem nenhuma sugest\u00e3o para solucionar o problema por enquanto.<\/p>\n\n\n\n<p class=\"wp-block-paragraph\">\u201cAcho que consist\u00eancia sempre foi uma coisa que buscamos e voc\u00ea sempre pode ser melhor. Obviamente, dois diretores de corrida provavelmente tornam as coisas um pouco mais dif\u00edceis. Se \u00e9 imposs\u00edvel alcan\u00e7ar um bom n\u00edvel de consist\u00eancia? Eu n\u00e3o acho. Ent\u00e3o realmente n\u00e3o tenho nenhuma solu\u00e7\u00e3o por enquanto. Mas acredito que, provavelmente, com um diretor de corrida, pode ser um pouco mais f\u00e1cil de administrar\u201d, explicou o piloto da Ferrari.<\/p>\n\n\n\n<p class=\"wp-block-paragraph\">A F\u00f3rmula 1 retorna daqui a duas semanas, no dia 24 de julho, para o GP da Fran\u00e7a, no circuito de Paul Ricard.<\/p>\n\n\n\n<figure class=\"wp-block-embed is-type-video is-provider-youtube wp-block-embed-youtube wp-embed-aspect-16-9 wp-has-aspect-ratio\"><div class=\"wp-block-embed__wrapper\">\n<iframe loading=\"lazy\" title=\"PALOU GERA GUERRA McLAREN x GANASSI: KANAAN VOLTA AO #10? NA INDY?\" width=\"500\" height=\"281\" src=\"https:\/\/www.youtube.com\/embed\/UOdlxoOtKKE?feature=oembed\" frameborder=\"0\" allow=\"accelerometer; autoplay; clipboard-write; encrypted-media; gyroscope; picture-in-picture; web-share\" referrerpolicy=\"strict-origin-when-cross-origin\" allowfullscreen><\/iframe>\n<\/div><figcaption>PALOU GERA GUERRA McLAREN X GANASSI: KANAAN VOLTA AO #10 NA INDY?<\/figcaption><\/figure>\n","protected":false},"excerpt":{"rendered":"<p>Max Verstappen comentou a mudan\u00e7a na dire\u00e7\u00e3o de prova em 2022 e criticou a postura de Eduardo Freitas e Niels Wittich<\/p>\n","protected":false},"author":0,"featured_media":1000594223,"comment_status":"closed","ping_status":"closed","sticky":false,"template":"","format":"standard","meta":{"42wp_featured_image_caption":"","42wp_featured_image_credits":"","42wp_featured_video":"","42wp_featured_image_hidden":false,"42wp_authors_list":[],"footnotes":""},"categories":[2],"tags":[26006,30908,147,1357,24837,31064,24888,31928,203,1385,30907,204],"42wp_author":[47144],"class_list":["post-110629","post","type-post","status-publish","format-standard","has-post-thumbnail","hentry","category-f1","tag-direcao-de-prova","tag-eduardo-freitas","tag-f1","tag-f1-2022","tag-formula-1-2","tag-formula-1-2022-3","tag-gp-da-austria-2","tag-gp-da-austria-2022","tag-max-verstappen","tag-michael-masi","tag-niels-wittich","tag-red-bull","42wp_author-andre-netto"],"_links":{"self":[{"href":"https:\/\/grandepremio.com\/br\/wp-json\/wp\/v2\/posts\/110629","targetHints":{"allow":["GET"]}}],"collection":[{"href":"https:\/\/grandepremio.com\/br\/wp-json\/wp\/v2\/posts"}],"about":[{"href":"https:\/\/grandepremio.com\/br\/wp-json\/wp\/v2\/types\/post"}],"replies":[{"embeddable":true,"href":"https:\/\/grandepremio.com\/br\/wp-json\/wp\/v2\/comments?post=110629"}],"version-history":[{"count":0,"href":"https:\/\/grandepremio.com\/br\/wp-json\/wp\/v2\/posts\/110629\/revisions"}],"wp:featuredmedia":[{"embeddable":true,"href":"https:\/\/grandepremio.com\/br\/wp-json\/wp\/v2\/media\/1000594223"}],"wp:attachment":[{"href":"https:\/\/grandepremio.com\/br\/wp-json\/wp\/v2\/media?parent=110629"}],"wp:term":[{"taxonomy":"category","embeddable":true,"href":"https:\/\/grandepremio.com\/br\/wp-json\/wp\/v2\/categories?post=110629"},{"taxonomy":"post_tag","embeddable":true,"href":"https:\/\/grandepremio.com\/br\/wp-json\/wp\/v2\/tags?post=110629"},{"taxonomy":"42wp_author","embeddable":true,"href":"https:\/\/grandepremio.com\/br\/wp-json\/wp\/v2\/42wp_author?post=110629"}],"curies":[{"name":"wp","href":"https:\/\/api.w.org\/{rel}","templated":true}]}}