{"id":11063,"date":"2026-03-14T09:41:45","date_gmt":"2026-03-14T12:41:45","guid":{"rendered":"https:\/\/grandepremio.com\/br\/noticias\/confira-declaracoes-pilotos-classificacao-gp-china-f1-2026\/"},"modified":"2026-03-14T09:43:34","modified_gmt":"2026-03-14T12:43:34","slug":"confira-declaracoes-pilotos-classificacao-gp-china-f1-2026","status":"publish","type":"post","link":"https:\/\/grandepremio.com\/br\/f1\/confira-declaracoes-pilotos-classificacao-gp-china-f1-2026\/","title":{"rendered":"Confira declara\u00e7\u00f5es dos pilotos ap\u00f3s classifica\u00e7\u00e3o do GP da China de F1 2026"},"content":{"rendered":"\n<p class=\"wp-block-paragraph\">O GP da <strong>China <\/strong>da <strong>F\u00f3rmula 1<\/strong> tem uma nova marca importante na hist\u00f3ria da categoria. Neste s\u00e1bado (14), <strong>Andrea Kimi Antonelli<\/strong> cravou a pole-position em <strong>Xangai<\/strong> e, de quebra, tornou-se o mais jovem piloto a sair na posi\u00e7\u00e3o de honra do grid em todos os tempos.<\/p>\n\n\n\n<p class=\"wp-block-paragraph\">Aos 19 anos, 6 meses e 18 dias, Antonelli desbancou marca que foi v\u00e1lida por 18 anos.\u00a0<strong>Sebastian Vettel<\/strong>\u00a0era quem o detinha desde o GP da<strong> It\u00e1lia<\/strong> de 2008, quando largou na posi\u00e7\u00e3o de honra aos 21 anos, 2 meses e 11 dias.<\/p>\n\n\n\n\n\n\n\n<p class=\"wp-block-paragraph\">Bortoleto para na brita na classifica\u00e7\u00e3o (V\u00eddeo: Reprodu\u00e7\u00e3o\/F1 TV)<\/p>\n\n\n\n<p class=\"wp-block-paragraph\"><strong>+ GP EXPERIENCE: o novo produto do GRANDE PR\u00caMIO conecta voc\u00ea aos maiores eventos de esporte a motor do mundo. V\u00e1 para Indian\u00e1polis com a gente:\u00a0<a href=\"https:\/\/gpexperience.tur.br\/\" target=\"_blank\" rel=\"noreferrer noopener\">saiba aqui todos os detalhes<\/a>.<\/strong><\/p>\n\n\n\n<p class=\"wp-block-paragraph\"><strong>Lewis Hamilton<\/strong>&nbsp;e&nbsp;<strong>Charles Leclerc<\/strong>&nbsp;trancaram a segunda fila para a&nbsp;<strong>Ferrari<\/strong>, seguidos pelas&nbsp;<strong>McLaren<\/strong>&nbsp;de&nbsp;<strong>Oscar Piastri&nbsp;<\/strong>e&nbsp;<strong>Lando Norris<\/strong>.&nbsp;<strong>Pierre Gasly<\/strong>,&nbsp;<strong>Max Verstappen, Isack Hadjar<\/strong>&nbsp;e&nbsp;<strong>Oliver Bearman<\/strong>&nbsp;completaram o top-10.<\/p>\n\n\n\n<p class=\"wp-block-paragraph\"><strong>Gabriel Bortoleto<\/strong>&nbsp;ficou somente com a 16\u00aa coloca\u00e7\u00e3o. Ap\u00f3s virar o Q1 como melhor do resto, Gabriel n\u00e3o conseguiu ser r\u00e1pido na primeira tentativa do Q2 e, na segunda, errou, rodou e chegou at\u00e9 a bater na barreira de prote\u00e7\u00e3o do lado posterior.<\/p>\n\n\n\n<figure class=\"wp-block-image size-large\"><img decoding=\"async\" src=\"https:\/\/www.grandepremio.com\/br\/wp-content\/uploads\/2026\/03\/china-classificacao-f1-2026-mercedes-kimi-antonelli-04-1200x800.jpg\" alt=\"\" class=\"wp-image-1067731\"\/><figcaption class=\"wp-element-caption\">Kimi Antonelli \u00e9 o pole mais jovem da F1 (Foto: Mercedes)<\/figcaption><\/figure>\n\n\n\n<p class=\"wp-block-paragraph\">O&nbsp;<strong>GRANDE PR\u00caMIO<\/strong>&nbsp;acompanha todas as atividades do&nbsp;<strong>GP da China<\/strong>&nbsp;<a href=\"https:\/\/www.grandepremio.com\/br\/ao-vivo\/f1\/\"><strong>AO VIVO E EM&nbsp;<\/strong><\/a><strong><a href=\"https:\/\/www.grandepremio.com\/br\/ao-vivo\/\" target=\"_blank\" rel=\"noreferrer noopener\">TEMPO REAL<\/a><\/strong>,&nbsp;<a href=\"https:\/\/www.youtube.com\/@GrandePremio1\/streams\">al\u00e9m de classifica\u00e7\u00e3o e corrida em&nbsp;<strong>SEGUNDA TELA&nbsp;<\/strong>no YouTube<\/a>, em parceria com a&nbsp;<strong>Voz do Esporte<\/strong>. O&nbsp;<strong>Briefing&nbsp;<\/strong>chega para analisar ap\u00f3s o fim de cada dia de atividades nas redes sociais e na&nbsp;<strong>GPTV<\/strong>.<\/p>\n\n\n\n<p class=\"wp-block-paragraph\"><strong>GP da China de F1: veja os hor\u00e1rios em Brasil, Cabo Verde,&nbsp;<a href=\"https:\/\/grandepremio.pt\/\" target=\"_blank\" rel=\"noreferrer noopener\">Portugal<\/a>, Angola e Mo\u00e7ambique:<\/strong><\/p>\n\n\n\n<figure class=\"wp-block-table\"><table class=\"has-fixed-layout\"><tbody><tr><td><strong>Sess\u00e3o<\/strong><\/td><td><strong>BRA*<\/strong><\/td><td><strong>CBV<\/strong><\/td><td><strong>POR<\/strong><br><strong>ANG<\/strong><\/td><td><strong>MOZ<\/strong><\/td><\/tr><tr><td>Corrida<\/td><td>04:00<\/td><td>06:00<\/td><td>08:00<\/td><td>09:00<\/td><\/tr><\/tbody><\/table><\/figure>\n\n\n\n<p class=\"wp-block-paragraph\"><em>*Hor\u00e1rio de Bras\u00edlia<\/em><\/p>\n\n\n\n<h2 class=\"wp-block-heading\" id=\"h-saiba-o-que-disseram-os-22-pilotos-do-grid-em-xangai\"><strong>Saiba o que disseram os 22 pilotos do grid em Xangai:<\/strong><\/h2>\n\n\n\n<p class=\"wp-block-paragraph\"><strong>Andrea Kimi Antonelli, pole:<\/strong> <a href=\"https:\/\/www.grandepremio.com\/br\/f1\/noticias\/andrea-kimi-antonelli-diz-tentou-manter-calma-levar-pole-problema-george-russell-china\/\">Antonelli diz que tentou \u201cmanter calma\u201d para levar pole ap\u00f3s problema de Russell na China<\/a><\/p>\n\n\n\n<p class=\"wp-block-paragraph\"><strong>George Russell, segundo:<\/strong> <a href=\"https:\/\/www.grandepremio.com\/br\/f1\/noticias\/george-russell-explica-problema-classificacao-china-ve-2-lugar-limitacao-danos\/\">Russell explica problema em classifica\u00e7\u00e3o na China e v\u00ea 2\u00ba lugar como \u201climita\u00e7\u00e3o de danos\u201d<\/a><\/p>\n\n\n\n<p class=\"wp-block-paragraph\"><strong>Lewis Hamilton, terceiro:<\/strong> <a href=\"https:\/\/www.grandepremio.com\/br\/f1\/noticias\/lewis-hamilton-espera-desafio-atras-mercedes-gp-china-eles-tem-vantagem\/\">Hamilton espera \u201cdesafio\u201d atr\u00e1s de Mercedes no GP da China: \u201cEles t\u00eam vantagem\u201d<\/a><\/p>\n\n\n\n<p class=\"wp-block-paragraph\"><strong>Charles Leclerc, quarto:<\/strong> <a href=\"https:\/\/www.grandepremio.com\/br\/f1\/noticias\/charles-leclerc-ve-evolucao-ferrari-espera-tornar-coisas-dificeis-mercedes-gp-da-china\/\">Leclerc v\u00ea evolu\u00e7\u00e3o na Ferrari e espera \u201ctornar coisas dif\u00edceis\u201d para Mercedes no GP da China<\/a><\/p>\n\n\n\n<p class=\"wp-block-paragraph\"><strong>Oscar Piastri, quinto:<\/strong> <a href=\"https:\/\/www.grandepremio.com\/br\/f1\/noticias\/oscar-piastri-aponta-fraquezas-carro-reconhece-mclaren-pouco-atras-rivais-china\/\">Piastri aponta fraquezas do carro e reconhece McLaren \u201cum pouco atr\u00e1s\u201d de rivais na China<\/a><\/p>\n\n\n\n<figure class=\"wp-block-image size-large\"><img decoding=\"async\" src=\"https:\/\/www.grandepremio.com\/br\/wp-content\/uploads\/2026\/03\/china-classificacao-f1-2026-mercedes-george-russell-05-1200x675.jpg\" alt=\"\" class=\"wp-image-1067689\"\/><figcaption class=\"wp-element-caption\">George Russell teve problema no Q3 (Foto: Reprodu\u00e7\u00e3o\/F1)<\/figcaption><\/figure>\n\n\n\n<p class=\"wp-block-paragraph\"><strong>Lando Norris, sexto:<\/strong> <a href=\"https:\/\/www.grandepremio.com\/br\/f1\/noticias\/lando-norris-avalia-mclaren-esta-onde-merece-disputa-contra-rivais-china\/\">Norris avalia que McLaren \u201cest\u00e1 onde merece estar\u201d em disputa contra rivais na China<\/a><\/p>\n\n\n\n<p class=\"wp-block-paragraph\"><strong>Pierre Gasly, s\u00e9timo:<\/strong> <a href=\"https:\/\/www.grandepremio.com\/br\/f1\/noticias\/pierre-gasly-elogia-motor-mercedes-se-anima-ritmo-encorajador-alpine-china\/\">Gasly elogia motor Mercedes e se anima com ritmo \u201cencorajador\u201d da Alpine na China<\/a><\/p>\n\n\n\n<p class=\"wp-block-paragraph\"><strong>Max Verstappen, oitavo:<\/strong> <a href=\"https:\/\/www.grandepremio.com\/br\/f1\/noticias\/max-verstappen-dispara-contra-carro-red-bull-china-impossivel-pilotar\/\">Verstappen dispara contra carro da Red Bull na China: \u201cImposs\u00edvel de pilotar\u201d<\/a><\/p>\n\n\n\n<p class=\"wp-block-paragraph\"><strong>Isack Hadjar, nono:<\/strong> <a href=\"https:\/\/www.grandepremio.com\/br\/f1\/noticias\/isack-hadjar-ve-evolucao-red-bull-china-mas-admite-queriamos-estar-mais-frente\/\">Hadjar v\u00ea evolu\u00e7\u00e3o da Red Bull na China, mas admite: \u201cQuer\u00edamos estar mais \u00e0 frente\u201d<\/a><\/p>\n\n\n\n<p class=\"wp-block-paragraph\"><strong>Oliver Bearman, d\u00e9cimo:<\/strong> <a href=\"https:\/\/www.grandepremio.com\/br\/f1\/noticias\/oliver-bearman-celebra-bom-ritmo-haas-classificacao-sonha-top-10-china\/\">Bearman celebra \u201cbom ritmo\u201d da Haas na classifica\u00e7\u00e3o e sonha com top-10 na China<\/a><\/p>\n\n\n\n<p class=\"wp-block-paragraph\"><strong>Nico H\u00fclkenberg, 11\u00ba:<\/strong> <a href=\"https:\/\/www.grandepremio.com\/br\/f1\/noticias\/nico-hulkenberg-almeja-evitar-erros-somar-pontos-china-aproveitar-oportunidades\/\">H\u00fclkenberg almeja \u201cevitar erros\u201d para somar pontos na China: \u201cAproveitar oportunidades\u201d<\/a><\/p>\n\n\n\n<figure class=\"wp-block-image size-large\"><img decoding=\"async\" src=\"https:\/\/www.grandepremio.com\/br\/wp-content\/uploads\/2026\/03\/china-classificacao-f1-2026-red-bull-max-verstappen-02-1200x800.jpg\" alt=\"\" class=\"wp-image-1067675\"\/><figcaption class=\"wp-element-caption\">Max Verstappen sai na quarta fila em Xangai (Foto: Red Bull Content Pool)<\/figcaption><\/figure>\n\n\n\n<p class=\"wp-block-paragraph\"><strong>Franco Colapinto, 12\u00ba: <\/strong>&#8220;Comparado com ontem e com o in\u00edcio do dia na sprint, estou muito mais otimista com o carro e com o resultado da classifica\u00e7\u00e3o. N\u00e3o conseguimos fazer muitas altera\u00e7\u00f5es durante a noite devido ao parque fechado e tivemos dificuldades com alguns toques nos pneus e granula\u00e7\u00e3o. Mas n\u00e3o desistimos, trabalhamos duro como equipe e conseguimos reverter a situa\u00e7\u00e3o \u00e0 tarde. Havia muitas coisas que n\u00e3o entend\u00edamos no carro ontem, e o trabalho que fizemos \u00e0 noite com os engenheiros e tamb\u00e9m com o Pierre [Gasly] resultou em um desempenho melhor hoje. Fizemos muitas altera\u00e7\u00f5es no carro e sabemos onde ainda precisamos melhorar. Quando voc\u00ea est\u00e1 t\u00e3o perto de entrar no Q3, ainda fica um pouco decepcionado. Tive alguns toques nos pneus na sa\u00edda da \u00faltima curva e travei os pneus em alguns pontos, ent\u00e3o o tempo estava definitivamente l\u00e1. Estamos perto da zona de pontua\u00e7\u00e3o, ent\u00e3o vamos torcer por uma boa largada e tudo est\u00e1 em aberto amanh\u00e3&#8221;.<\/p>\n\n\n\n<p class=\"wp-block-paragraph\"><strong>Esteban Ocon, 13\u00ba:<\/strong> &#8220;No geral, foi uma corrida sprint bastante positiva. Ganhamos posi\u00e7\u00f5es na pista, o que foi \u00f3timo, pois perdemos para o Max com uma estrat\u00e9gia diferente que ele adotou durante o safety-car. Acho que meus pneus se degradaram bem menos do que os de alguns outros, mas foi a posi\u00e7\u00e3o de largada que realmente n\u00e3o nos favoreceu. Na classifica\u00e7\u00e3o, tivemos uma bandeira amarela na \u00faltima volta, ent\u00e3o infelizmente n\u00e3o conseguimos melhorar muito, e isso nos prejudicou bastante. Estava na frente na \u00faltima volta antes das bandeiras amarelas, ent\u00e3o estava longe do ideal. H\u00e1 muito mais para se explorar no carro, mas espero que possamos recuperar posi\u00e7\u00f5es como fizemos na corrida sprint, ent\u00e3o vamos ver o que o amanh\u00e3 nos reserva&#8221;.<\/p>\n\n\n\n<p class=\"wp-block-paragraph\"><strong>Liam Lawson, 14\u00ba:<\/strong> &#8220;A corrida sprint desta manh\u00e3 correu muito bem. T\u00ednhamos uma posi\u00e7\u00e3o forte na pista no final, ent\u00e3o, quando o safety-car entrou, n\u00e3o quer\u00edamos perder essa vantagem. Foi uma estrat\u00e9gia ousada, mas funcionou bem e conseguimos somar alguns pontos. A classifica\u00e7\u00e3o foi um pouco confusa e tivemos dificuldades para encaixar uma boa volta na sess\u00e3o. No entanto, est\u00e1vamos numa volta muito boa no final e tudo parecia estar a correr bem antes das bandeiras amarelas duplas nos obrigarem a abortar na \u00faltima curva, o que foi uma pena. A gest\u00e3o dos pneus e da energia ser\u00e1 crucial amanh\u00e3. Vai ser dif\u00edcil, por isso precisamos de uma estrat\u00e9gia de corrida s\u00f3lida, na qual vamos trabalhar esta noite&#8221;.<\/p>\n\n\n\n<p class=\"wp-block-paragraph\"><strong>Arvid Lindblad, 15\u00ba:<\/strong> &#8220;Senti-me muito bem no carro durante a classifica\u00e7\u00e3o. Cometi erros em algumas voltas, mas na minha \u00faltima volta, estava tr\u00eas d\u00e9cimos \u00e0 frente. N\u00e3o sei se teria passado para o Q3, mas estava melhorando, ent\u00e3o foi uma pena as bandeiras amarelas na \u00faltima curva. No geral, perdemos algumas voltas entre o TL1 de ontem e a corrida sprint desta manh\u00e3, mas \u00e9 a situa\u00e7\u00e3o em que nos encontramos e n\u00e3o podemos recuperar, ent\u00e3o temos que tirar o m\u00e1ximo proveito disso. Acho que ser\u00e1 uma corrida interessante amanh\u00e3 e ser\u00e1 importante acertar a gest\u00e3o dos pneus e a estrat\u00e9gia. Faremos o nosso melhor e veremos se conseguimos alguns pontos&#8221;.<\/p>\n\n\n\n<p class=\"wp-block-paragraph\"><strong>Gabriel Bortoleto, 16\u00ba:<\/strong> <a href=\"https:\/\/www.grandepremio.com\/br\/f1\/noticias\/gabriel-bortoleto-explica-batida-sensivel-audi-classificacao-china-tentei-que-dava\/\">Bortoleto explica batida com \u201csens\u00edvel\u201d Audi em classifica\u00e7\u00e3o na China: \u201cTentei o que dava\u201d<\/a><\/p>\n\n\n\n<p class=\"wp-block-paragraph\"><strong>Carlos Sainz, 17\u00ba<\/strong>: &#8220;Estou muito feliz com a minha volta de hoje. Fizemos um progresso significativo neste fim de semana e conseguimos otimizar o carro para esta sess\u00e3o. Ainda sinto que preciso de mais quilometragem para extrair o m\u00e1ximo desempenho, mas vou aproveitar os pontos positivos, j\u00e1 que maximizamos tudo o que pod\u00edamos hoje. Estamos muito longe de onde queremos chegar e amanh\u00e3 ainda ser\u00e1 uma corrida desafiadora, mas \u00e9 mais uma oportunidade de aprendizado enquanto tentamos extrair o m\u00e1ximo deste conjunto e continuar a melhorar&#8221;.<\/p>\n\n\n\n<figure class=\"wp-block-image size-large\"><img decoding=\"async\" src=\"https:\/\/www.grandepremio.com\/br\/wp-content\/uploads\/2026\/03\/china-classificacao-sprint-f1-2026-aston-martin-fernando-alonso-01-1200x800.jpg\" alt=\"\" class=\"wp-image-1067250\"\/><figcaption class=\"wp-element-caption\">Fernando Alonso falou dos problemas da Aston Martin na China (Foto: Pirelli)<\/figcaption><\/figure>\n\n\n\n<p class=\"wp-block-paragraph\"><strong>Alexander Albon, 18\u00ba:<\/strong> &#8220;Infelizmente, n\u00e3o conseguimos resolver nossos principais problemas e o carro n\u00e3o reagiu como deveria na sprint e na classifica\u00e7\u00e3o de hoje. Fizemos muitas altera\u00e7\u00f5es de acerto neste fim de semana, testando e experimentando v\u00e1rias coisas, mas ainda n\u00e3o encontramos o ponto ideal. Ach\u00e1vamos que esta pista exporia nossas fraquezas mais do que Melbourne, e continua sendo uma curva de aprendizado para n\u00f3s, mas estamos dando tudo de n\u00f3s como equipe. Teremos uma longa reuni\u00e3o t\u00e9cnica hoje \u00e0 noite para discutir nossas op\u00e7\u00f5es de balanceamento para amanh\u00e3 e o que podemos fazer para maximizar nosso desempenho no dia da corrida&#8221;.<\/p>\n\n\n\n<p class=\"wp-block-paragraph\"><strong>Fernando Alonso, 19\u00ba:<\/strong> <a href=\"https:\/\/www.grandepremio.com\/br\/f1\/noticias\/fernando-alonso-define-meta-realista-aston-martin-gp-da-china\/\">Alonso define \u201cmeta realista\u201d para Aston Martin no GP da China<\/a><\/p>\n\n\n\n<p class=\"wp-block-paragraph\"><strong>Valtteri Bottas, 20\u00ba:<\/strong> &#8220;Minha primeira sess\u00e3o de classifica\u00e7\u00e3o sem erros, o que \u00e9 sempre uma sensa\u00e7\u00e3o positiva. Senti que as duas \u00faltimas voltas foram muito limpas e consegui extrair o m\u00e1ximo do nosso conjunto. Nos classificamos \u00e0 frente de uma Aston Martin, e [Fernando] Alonso ficou apenas dois d\u00e9cimos \u00e0 frente. Ainda h\u00e1 trabalho a ser feito como equipe em termos de confiabilidade e desempenho. Tentaremos aproveitar todo o aprendizado da sprint de hoje para a corrida de amanh\u00e3, com o objetivo de terminar com os dois carros pela primeira vez&#8221;.<\/p>\n\n\n\n<p class=\"wp-block-paragraph\"><strong>Lance Stroll, 21\u00ba:<\/strong> \u201cA sess\u00e3o de hoje foi desafiadora para mim. Tive dificuldades com o equil\u00edbrio, sofrendo com subviragem e travamento das rodas traseiras, o que torna o carro imprevis\u00edvel. Precisamos analisar os dados para ver onde podemos melhorar. Estamos aprendendo a cada volta e precisamos continuar acumulando quilometragem e aprofundando nosso conhecimento sobre este carro para superar alguns dos desafios que enfrentamos\u201d.<\/p>\n\n\n\n<p class=\"wp-block-paragraph\"><strong>Sergio P\u00e9rez, 22\u00ba: <\/strong>&#8220;Hoje, conseguimos obter mais informa\u00e7\u00f5es e aprendemos muito na sprint para o GP. Infelizmente, a classifica\u00e7\u00e3o foi prejudicada pois chegamos atrasados, perdemos uma volta e um problema de posicionamento nos custou muito tempo. Acho que t\u00ednhamos muito mais potencial. Ainda \u00e9 cedo para a equipe, estamos aprendendo a cada dia e esperamos que amanh\u00e3 possamos fazer uma boa corrida com as outras equipes e levar os dois carros at\u00e9 o final&#8221;.<\/p>\n\n\n\n<p class=\"wp-block-paragraph\">\u25b6\ufe0f&nbsp;<strong>Inscreva-se nos dois canais do GRANDE PR\u00caMIO no YouTube:&nbsp;<a href=\"https:\/\/www.youtube.com\/channel\/UC9OlHEgxoaY6QY6nWPoiqQg?sub_confirmation=1\">GP<\/a>&nbsp;|&nbsp;<a href=\"https:\/\/www.youtube.com\/channel\/UC9csiS6q_C3C0FYhyr1rnFA?sub_confirmation=1\">GPTV<\/a><\/strong><\/p>\n\n\n\n<figure class=\"wp-block-embed is-type-video is-provider-youtube wp-block-embed-youtube wp-embed-aspect-16-9 wp-has-aspect-ratio\"><div class=\"wp-block-embed__wrapper\">\n<iframe loading=\"lazy\" title=\"F1 2026: A CLASSIFICA\u00c7\u00c3O DO GP DA CHINA E GRID DE LARGADA, ANTONELLI POLE | Narra\u00e7\u00e3o + Briefing\" width=\"500\" height=\"281\" src=\"https:\/\/www.youtube.com\/embed\/ttmMQ4Jhxh4?feature=oembed\" frameborder=\"0\" allow=\"accelerometer; autoplay; clipboard-write; encrypted-media; gyroscope; picture-in-picture; web-share\" referrerpolicy=\"strict-origin-when-cross-origin\" allowfullscreen><\/iframe>\n<\/div><\/figure>\n","protected":false},"excerpt":{"rendered":"<p>A atividade na China foi bastante movimentada, com uma pole in\u00e9dita e hist\u00f3rica de Andrea Kimi Antonelli. George Russell e Lewis Hamilton completam top-3, enquanto Gabriel Bortoleto sai na oitava fila em Xangai<\/p>\n","protected":false},"author":0,"featured_media":1001067709,"comment_status":"closed","ping_status":"closed","sticky":false,"template":"","format":"standard","meta":{"42wp_featured_image_caption":"","42wp_featured_image_credits":"","42wp_featured_video":"","42wp_featured_image_hidden":false,"42wp_authors_list":[],"footnotes":""},"categories":[2],"tags":[20491,27861,34712,309,26271,546,209,441,5273,302,147,29516,29148,176,207,180,31425,28995,25440,350,800,222,12476,46245,1491,28285,119,30840,28104,485,547,87,595,203,90,82,1521,29923,35129,2916,676,38179,204,1197,31470,215,223,46178,39121],"42wp_author":[47128],"class_list":["post-11063","post","type-post","status-publish","format-standard","has-post-thumbnail","hentry","category-f1","tag-alpine","tag-andrea-kimi-antonelli","tag-arvid-lindblad","tag-aston-martin","tag-calendario-f1","tag-carlos-sainz","tag-charles-leclerc","tag-china","tag-classificacao-f1","tag-esteban-ocon","tag-f1","tag-f1-2026","tag-f1-hoje","tag-fernando-alonso","tag-ferrari","tag-formula-1","tag-formula-1-2026","tag-formula-1-hoje","tag-franco-colapinto","tag-gabriel-bortoleto","tag-george-russell","tag-gp-da-china","tag-gp-de-xangai","tag-gp-de-xangai-f1","tag-grande-premio","tag-grandepremio","tag-haas","tag-horarios-f1","tag-isack-hadjar","tag-lance-stroll","tag-lando-norris","tag-lewis-hamilton","tag-liam-lawson","tag-max-verstappen","tag-mclaren","tag-mercedes","tag-nico-hulkenberg","tag-oliver-bearman","tag-onde-assistir-f1","tag-oscar-piastri","tag-pierre-gasly","tag-racing-bulls","tag-red-bull","tag-sauber","tag-temporada-2026-f1","tag-williams","tag-xangai","tag-xangai-2026","tag-xangai-f1","42wp_author-guilherme-bloisi"],"_links":{"self":[{"href":"https:\/\/grandepremio.com\/br\/wp-json\/wp\/v2\/posts\/11063","targetHints":{"allow":["GET"]}}],"collection":[{"href":"https:\/\/grandepremio.com\/br\/wp-json\/wp\/v2\/posts"}],"about":[{"href":"https:\/\/grandepremio.com\/br\/wp-json\/wp\/v2\/types\/post"}],"replies":[{"embeddable":true,"href":"https:\/\/grandepremio.com\/br\/wp-json\/wp\/v2\/comments?post=11063"}],"version-history":[{"count":0,"href":"https:\/\/grandepremio.com\/br\/wp-json\/wp\/v2\/posts\/11063\/revisions"}],"wp:featuredmedia":[{"embeddable":true,"href":"https:\/\/grandepremio.com\/br\/wp-json\/wp\/v2\/media\/1001067709"}],"wp:attachment":[{"href":"https:\/\/grandepremio.com\/br\/wp-json\/wp\/v2\/media?parent=11063"}],"wp:term":[{"taxonomy":"category","embeddable":true,"href":"https:\/\/grandepremio.com\/br\/wp-json\/wp\/v2\/categories?post=11063"},{"taxonomy":"post_tag","embeddable":true,"href":"https:\/\/grandepremio.com\/br\/wp-json\/wp\/v2\/tags?post=11063"},{"taxonomy":"42wp_author","embeddable":true,"href":"https:\/\/grandepremio.com\/br\/wp-json\/wp\/v2\/42wp_author?post=11063"}],"curies":[{"name":"wp","href":"https:\/\/api.w.org\/{rel}","templated":true}]}}